{"id":4208,"date":"2026-05-22T07:48:34","date_gmt":"2026-05-22T12:48:34","guid":{"rendered":"https:\/\/conexion-mx.com\/?p=4208"},"modified":"2026-05-22T07:48:34","modified_gmt":"2026-05-22T12:48:34","slug":"precio-del-petroleo-hoy-asi-cotiza-el-barril-de-crudo-este-22-de-mayo-de-2026","status":"publish","type":"post","link":"https:\/\/conexion-mx.com\/?p=4208","title":{"rendered":"PRECIO del petr\u00f3leo HOY: as\u00ed cotiza el barril de crudo este 22 de mayo de 2026"},"content":{"rendered":"<p> <br \/>\n<\/p>\n<div itemprop=\"articleBody\">\n<div class=\"txt_contenido\">\n<p>El mercado petrolero mostr\u00f3 se\u00f1ales de recuperaci\u00f3n durante las primeras operaciones asi\u00e1ticas de este viernes, luego de varios d\u00edas de p\u00e9rdidas provocadas por el optimismo en torno a las negociaciones entre <strong>Estados Unidos<\/strong> e <strong>Ir\u00e1n<\/strong>. Los inversionistas reaccionaron con cautela ante la falta de acuerdos concretos y las diferencias persistentes entre ambas naciones, especialmente sobre el programa nuclear iran\u00ed y el control del <strong>Estrecho de Ormuz<\/strong>.<\/p>\n<p>Los futuros del crudo <strong>West Texas Intermediate <\/strong>para entrega en julio registraron un aumento de 1.6 por ciento, alcanzando los 94.34 d\u00f3lares por barril.\u00a0El barril de <strong>Brent del Mar del Norte<\/strong>, referente mundial, escalaba un 1.7 por ciento\u00a0a 104.32 d\u00f3lares<\/p>\n<aside class=\"htmlinline\"\/>\n<h2>Petr\u00f3leo repunta tras se\u00f1ales de avance en negociaciones entre EU e Ir\u00e1n<\/h2>\n<p>A pesar del repunte, el energ\u00e9tico acumulaba una ca\u00edda semanal cercana al 6.6 por ciento, reflejo de la incertidumbre que contin\u00faa dominando al mercado internacional.<\/p>\n<p>Durante la semana, las declaraciones del presidente de <strong>Estados Unidos, Donald Trump<\/strong>, influyeron de manera importante en la cotizaci\u00f3n del petr\u00f3leo. El mandatario asegur\u00f3 que decidi\u00f3 posponer un ataque militar planeado contra Ir\u00e1n y afirm\u00f3 que exist\u00edan avances en las conversaciones diplom\u00e1ticas, situaci\u00f3n que gener\u00f3 expectativas de una posible reducci\u00f3n de tensiones en Medio Oriente.<\/p>\n<p>Sin embargo, las diferencias entre <strong>Washington <\/strong>y <strong>Teher\u00e1n <\/strong>siguen siendo significativas. Trump insisti\u00f3 en que Ir\u00e1n no debe conservar su inventario de uranio, argumentando que no se puede permitir que el pa\u00eds desarrolle armamento nuclear. Por su parte, el secretario de Estado de EU,<strong> Marco Rubio,<\/strong> advirti\u00f3 que un eventual sistema de peajes impuesto por Ir\u00e1n en el Estrecho de Ormuz complicar\u00eda cualquier salida diplom\u00e1tica.<\/p>\n<\/p><\/div>\n<\/p><\/div>\n<p><script>\n    !function(f,b,e,v,n,t,s)\n    {if(f.fbq)return;n=f.fbq=function(){n.callMethod?\n    n.callMethod.apply(n,arguments):n.queue.push(arguments)};\n    if(!f._fbq)f._fbq=n;n.push=n;n.loaded=!0;n.version='2.0';\n    n.queue=[];t=b.createElement(e);t.async=!0;\n    t.src=v;s=b.getElementsByTagName(e)[0];\n    s.parentNode.insertBefore(t,s)}(window, document,'script',\n    'https:\/\/connect.facebook.net\/en_US\/fbevents.js');\n    fbq('init', '237927003583820');\n    fbq('track', 'PageView');\n  <\/script><br \/>\n<br \/><\/p>\n","protected":false},"excerpt":{"rendered":"<p>El mercado petrolero mostr\u00f3 se\u00f1ales de recuperaci\u00f3n durante las primeras operaciones asi\u00e1ticas de este viernes, luego de varios d\u00edas de p\u00e9rdidas provocadas por el optimismo en torno a las negociaciones entre Estados Unidos e Ir\u00e1n. Los inversionistas reaccionaron con cautela ante la falta de acuerdos concretos y las diferencias persistentes entre ambas naciones, especialmente sobre [&hellip;]<\/p>\n","protected":false},"author":4,"featured_media":4209,"comment_status":"","ping_status":"","sticky":false,"template":"","format":"standard","meta":{"footnotes":""},"categories":[33],"tags":[],"class_list":["post-4208","post","type-post","status-publish","format-standard","has-post-thumbnail","hentry","category-cultura"],"_links":{"self":[{"href":"https:\/\/conexion-mx.com\/index.php?rest_route=\/wp\/v2\/posts\/4208","targetHints":{"allow":["GET"]}}],"collection":[{"href":"https:\/\/conexion-mx.com\/index.php?rest_route=\/wp\/v2\/posts"}],"about":[{"href":"https:\/\/conexion-mx.com\/index.php?rest_route=\/wp\/v2\/types\/post"}],"author":[{"embeddable":true,"href":"https:\/\/conexion-mx.com\/index.php?rest_route=\/wp\/v2\/users\/4"}],"replies":[{"embeddable":true,"href":"https:\/\/conexion-mx.com\/index.php?rest_route=%2Fwp%2Fv2%2Fcomments&post=4208"}],"version-history":[{"count":0,"href":"https:\/\/conexion-mx.com\/index.php?rest_route=\/wp\/v2\/posts\/4208\/revisions"}],"wp:featuredmedia":[{"embeddable":true,"href":"https:\/\/conexion-mx.com\/index.php?rest_route=\/wp\/v2\/media\/4209"}],"wp:attachment":[{"href":"https:\/\/conexion-mx.com\/index.php?rest_route=%2Fwp%2Fv2%2Fmedia&parent=4208"}],"wp:term":[{"taxonomy":"category","embeddable":true,"href":"https:\/\/conexion-mx.com\/index.php?rest_route=%2Fwp%2Fv2%2Fcategories&post=4208"},{"taxonomy":"post_tag","embeddable":true,"href":"https:\/\/conexion-mx.com\/index.php?rest_route=%2Fwp%2Fv2%2Ftags&post=4208"}],"curies":[{"name":"wp","href":"https:\/\/api.w.org\/{rel}","templated":true}]}}