{"id":4218,"date":"2026-05-23T05:55:58","date_gmt":"2026-05-23T10:55:58","guid":{"rendered":"https:\/\/conexion-mx.com\/?p=4218"},"modified":"2026-05-23T05:55:58","modified_gmt":"2026-05-23T10:55:58","slug":"pide-sheinbaum-a-estados-unidos-reuniones-frecuentes-sobre-seguridad-conjunta","status":"publish","type":"post","link":"https:\/\/conexion-mx.com\/?p=4218","title":{"rendered":"Pide Sheinbaum a Estados Unidos reuniones frecuentes sobre seguridad conjunta"},"content":{"rendered":"<p> <br \/>\n<\/p>\n<div>\n<p>Para evitar malos entendidos, la presidenta<strong> Claudia Sheinbaum Pardo<\/strong> plante\u00f3 reuniones frecuentes con Estados Unidos.<\/p>\n<p>Tras el encuentro con el secretario de Seguridad Nacional de dicho pa\u00eds, <strong>Markwayne Mullin<\/strong>, la mandataria detall\u00f3 los acuerdos alcanzados.<\/p>\n<aside class=\"htmlinline\"\/>\n<p>\u201cQued\u00f3 muy claro en la reuni\u00f3n \u2014o por lo menos eso fue lo que nos planteamos\u2014 es \u2014y qued\u00f3 muy claro\u2014: que la colaboraci\u00f3n entre Estados Unidos y M\u00e9xico es eso, es colaboraci\u00f3n, es coordinaci\u00f3n; que no hay subordinaci\u00f3n y que es mejor para ambos pa\u00edses coordinarnos bien.<\/p>\n<blockquote><p>&#13;<\/p>\n<p>\u201cY de parte del secretario hubo un reconocimiento al trabajo que est\u00e1 haciendo M\u00e9xico. Y yo le plante\u00e9 que: \u2018\u00bfpor qu\u00e9 no las reuniones que tenemos del Entendimiento de Seguridad se hacen m\u00e1s seguido?, para que no haya malos entendidos y que se est\u00e9 dando seguimiento a la colaboraci\u00f3n\u2019. Y se qued\u00f3 que en la pr\u00f3xima reuni\u00f3n de este grupo es en junio\u201d, afirm\u00f3 Sheinbaum sin definir un d\u00eda en espec\u00edfico, ni sede confirmada.<\/p>\n<p>&#13;\n<\/p><\/blockquote>\n<p>Asimismo, se\u00f1al\u00f3 que la reuni\u00f3n con Sara Carter, la llamada zar antidrogas de EU, se aplaz\u00f3 por temas de agenda y se prev\u00e9 que el encuentro se lleve a cabo en junio.\u00a0<\/p>\n<p>El trabajo que viene haciendo en materia de seguridad fue expuesto a los estadounidenses. Uno de los resultados principales en seguridad es la destrucci\u00f3n de m\u00e1s de 2 mil narcolaboratorios.<\/p>\n<blockquote><p>&#13;<\/p>\n<p>\u201cSe presentaron resultados de seguridad: c\u00f3mo estamos colaborando, c\u00f3mo estamos coordin\u00e1ndonos. Y tambi\u00e9n yo le dije con toda transparencia lo que son nuestras leyes y nuestra Constituci\u00f3n&#8230;<\/p>\n<p>&#13;\n<\/p><\/blockquote>\n<blockquote><p>&#13;<\/p>\n<p>\u201cQue las operaciones conjuntas en territorio, pues esas no nos lo permiten nuestras leyes ni la Constituci\u00f3n, que la colaboraci\u00f3n tiene que ser en otro marco. Y la verdad, creo que fue una buena reuni\u00f3n\u201d, puntualiz\u00f3.&#13;\n<\/p>\n<\/blockquote>\n<p>Entre los temas abordados en la reuni\u00f3n del 21 de mayo se encuentran los avances de la cooperaci\u00f3n bilateral en seguridad, enmarcados en el Programa de Cooperaci\u00f3n de Seguridad Fronteriza y Aplicaci\u00f3n de la Ley acordado en septiembre del a\u00f1o pasado.&#13;<br \/>\n&#13;\n<\/p>\n<p>En materia migratoria, se destac\u00f3 la importancia de mantener una coordinaci\u00f3n estrecha para atender la movilidad humana de manera ordenada, segura y regular, con pleno respeto a los derechos humanos y desde una perspectiva de responsabilidad compartida.&#13;<br \/>\n&#13;\n<\/p>\n<p>Como resultado del trabajo coordinado del Gobierno de M\u00e9xico, los encuentros con personas en situaci\u00f3n migratoria irregular en la frontera sur de Estados Unidos han disminuido de manera sostenida, alcanzando su nivel m\u00e1s bajo en los \u00faltimos 50 a\u00f1os.&#13;<br \/>\n&#13;\n<\/p>\n<p>Por otra parte, Sheinbaum asegur\u00f3 que Estados Unidos tiene una visi\u00f3n injerencista hist\u00f3ricamente.&#13;<br \/>\n&#13;\n<\/p>\n<p>En el contexto de la persecuci\u00f3n pol\u00edtica contra el boliviano Evo Morales y la reactivaci\u00f3n de un caso contra el cubano Ra\u00fal Castro, la mandataria enfatiz\u00f3 la postura de que los pueblos decidan.&#13;<br \/>\n&#13;\n<\/p>\n<p>\u201cHa habido hist\u00f3ricamente una visi\u00f3n injerencista de Estados Unidos; la primera vez que se postul\u00f3 Evo Morales, lo acusaban de que estaba vinculado al narcotr\u00e1fico por ser dirigente ind\u00edgena.\u00a0&#13;<br \/>\n&#13;\n<\/p>\n<blockquote><p>&#13;<\/p>\n<p>\u201cEs una visi\u00f3n de que pueden influir en otros pa\u00edses, nosotros no estamos de acuerdo con esa visi\u00f3n\u201d, indic\u00f3.&#13;\n<\/p>\n<\/blockquote>\n<p>\u00a0&#13;<br \/>\n&#13;\n<\/p>\n<p>MAAZ&#13;<br \/>\n&#13;\n<\/p>\n<p>\u00a0&#13;<br \/>\n&#13;<br \/>\n&#13;\n                                <\/p>\n<\/p><\/div>\n<p><script>\n    !function(f,b,e,v,n,t,s)\n    {if(f.fbq)return;n=f.fbq=function(){n.callMethod?\n    n.callMethod.apply(n,arguments):n.queue.push(arguments)};\n    if(!f._fbq)f._fbq=n;n.push=n;n.loaded=!0;n.version='2.0';\n    n.queue=[];t=b.createElement(e);t.async=!0;\n    t.src=v;s=b.getElementsByTagName(e)[0];\n    s.parentNode.insertBefore(t,s)}(window, document,'script',\n    'https:\/\/connect.facebook.net\/en_US\/fbevents.js');\n    fbq('init', '237927003583820');\n    fbq('track', 'PageView');\n  <\/script><script>\n    !function(f,b,e,v,n,t,s)\n    {if(f.fbq)return;n=f.fbq=function(){n.callMethod?\n    n.callMethod.apply(n,arguments):n.queue.push(arguments)};\n    if(!f._fbq)f._fbq=n;n.push=n;n.loaded=!0;n.version='2.0';\n    n.queue=[];t=b.createElement(e);t.async=!0;\n    t.src=v;s=b.getElementsByTagName(e)[0];\n    s.parentNode.insertBefore(t,s)}(window, document,'script',\n    'https:\/\/connect.facebook.net\/en_US\/fbevents.js');\n    fbq('init', '802372280934901');\n    fbq('track', 'PageView');\n    <\/script><br \/>\n<br \/><\/p>\n","protected":false},"excerpt":{"rendered":"<p>Para evitar malos entendidos, la presidenta Claudia Sheinbaum Pardo plante\u00f3 reuniones frecuentes con Estados Unidos. Tras el encuentro con el secretario de Seguridad Nacional de dicho pa\u00eds, Markwayne Mullin, la mandataria detall\u00f3 los acuerdos alcanzados. \u201cQued\u00f3 muy claro en la reuni\u00f3n \u2014o por lo menos eso fue lo que nos planteamos\u2014 es \u2014y qued\u00f3 muy [&hellip;]<\/p>\n","protected":false},"author":2,"featured_media":4219,"comment_status":"","ping_status":"","sticky":false,"template":"","format":"standard","meta":{"footnotes":""},"categories":[2],"tags":[],"class_list":["post-4218","post","type-post","status-publish","format-standard","has-post-thumbnail","hentry","category-local"],"_links":{"self":[{"href":"https:\/\/conexion-mx.com\/index.php?rest_route=\/wp\/v2\/posts\/4218","targetHints":{"allow":["GET"]}}],"collection":[{"href":"https:\/\/conexion-mx.com\/index.php?rest_route=\/wp\/v2\/posts"}],"about":[{"href":"https:\/\/conexion-mx.com\/index.php?rest_route=\/wp\/v2\/types\/post"}],"author":[{"embeddable":true,"href":"https:\/\/conexion-mx.com\/index.php?rest_route=\/wp\/v2\/users\/2"}],"replies":[{"embeddable":true,"href":"https:\/\/conexion-mx.com\/index.php?rest_route=%2Fwp%2Fv2%2Fcomments&post=4218"}],"version-history":[{"count":0,"href":"https:\/\/conexion-mx.com\/index.php?rest_route=\/wp\/v2\/posts\/4218\/revisions"}],"wp:featuredmedia":[{"embeddable":true,"href":"https:\/\/conexion-mx.com\/index.php?rest_route=\/wp\/v2\/media\/4219"}],"wp:attachment":[{"href":"https:\/\/conexion-mx.com\/index.php?rest_route=%2Fwp%2Fv2%2Fmedia&parent=4218"}],"wp:term":[{"taxonomy":"category","embeddable":true,"href":"https:\/\/conexion-mx.com\/index.php?rest_route=%2Fwp%2Fv2%2Fcategories&post=4218"},{"taxonomy":"post_tag","embeddable":true,"href":"https:\/\/conexion-mx.com\/index.php?rest_route=%2Fwp%2Fv2%2Ftags&post=4218"}],"curies":[{"name":"wp","href":"https:\/\/api.w.org\/{rel}","templated":true}]}}