{"id":4246,"date":"2026-05-25T14:43:09","date_gmt":"2026-05-25T19:43:09","guid":{"rendered":"https:\/\/conexion-mx.com\/?p=4246"},"modified":"2026-05-25T14:43:09","modified_gmt":"2026-05-25T19:43:09","slug":"digitalizacion-dispara-la-facturacion-el-heraldo-de-mexico","status":"publish","type":"post","link":"https:\/\/conexion-mx.com\/?p=4246","title":{"rendered":"Digitalizaci\u00f3n dispara la facturaci\u00f3n &#8211; El Heraldo de M\u00e9xico"},"content":{"rendered":"<p> <br \/>\n<\/p>\n<div>\n<p>En un entorno comercial cada vez m\u00e1s ligado a la tecnolog\u00eda, las empresas que integran <strong>herramientas digitales<\/strong> en su gesti\u00f3n empresarial facturan, en promedio, 4.8 veces m\u00e1s que aquellas que se resisten a ingresar al ecosistema digital.\u00a0\u00a0<\/p>\n<p>Este hallazgo forma parte del estudio <strong>\u00abImpacto de plataformas digitales en la gesti\u00f3n empresarial\u00bb, presentado por la Asociaci\u00f3n de Emprendedores de M\u00e9xico (ASEM) <\/strong>en colaboraci\u00f3n con\u00a0<strong>Siigo Aspel<\/strong>, empresa desarrolladora de software administrativo,\u00a0contable y fiscal para empresas.\u00a0<\/p>\n<aside class=\"htmlinline\"\/>\n<blockquote><p>&#13;<\/p>\n<p>\u201cNuestra participaci\u00f3n en esta investigaci\u00f3n responde al compromiso de comprender profundamente los desaf\u00edos reales que enfrentan emprendedores, contadores y negocios en el pa\u00eds, desde la adopci\u00f3n tecnol\u00f3gica hasta la necesidad de trabajar con mayor orden, visibilidad y eficiencia\u201d, coment\u00f3 David Ortiz, CEO de Siigo Aspel.\u00a0<\/p>\n<p>&#13;\n<\/p><\/blockquote>\n<p>As\u00ed, el an\u00e1lisis, desarrollado a partir de una encuesta nacional aplicada a 542 personas fundadoras, socias y tomadoras de decisiones de los 32 estados, evalu\u00f3 el uso de herramientas tecnol\u00f3gicas en administraci\u00f3n y contabilidad, marketing y publicidad, ventas y atenci\u00f3n al cliente, entre otros.\u00a0<\/p>\n<p>De acuerdo con el documento, la adopci\u00f3n tecnol\u00f3gica no es un fen\u00f3meno aislado, ya que el 80.8% de las empresas en <strong>M\u00e9xico <\/strong>ya utiliza herramientas digitales en al menos un \u00e1rea operativa.\u00a0<\/p>\n<p>Los sectores con mayor integraci\u00f3n son ventas y atenci\u00f3n al cliente, con un 96.4%, seguidos por el <strong>marketing y la publicidad <\/strong>con un 95.5%. Por el contrario, la gesti\u00f3n de talento y el \u00e1rea legal presentan el rezago m\u00e1s significativo, con apenas un 35.9% de adopci\u00f3n.\u00a0<\/p>\n<p class=\"image-align-center\"><img loading=\"lazy\" decoding=\"async\" alt=\"\" height=\"511\" src=\"https:\/\/heraldodemexico.com.mx\/u\/fotografias\/m\/2026\/5\/25\/f768x1-1287859_1287986_5050.jpg\" width=\"768\"\/><\/p>\n<p>Sin embargo, el estudio revela que el crecimiento sostenido exige superar la<strong> \u00abdigitalizaci\u00f3n parcial\u00bb <\/strong>y adoptar soluciones integrales de\u00a0<strong>software administrativo y contable\u00a0<\/strong>y demuestra que, las empresas que profesionalizan la gesti\u00f3n administrativa y contable logran aumentar sus ventas 3 veces m\u00e1s, convirtiendo el orden interno en su mayor ventaja\u00a0competitiva.&#13;<br \/>\n&#13;\n<\/p>\n<p>El an\u00e1lisis subraya que la digitalizaci\u00f3n genera un c\u00edrculo virtuoso de eficiencia. En este sentido, 7 de cada 10 empresas reportaron incrementos en sus ventas (74.3%), ahorro en tiempo de trabajo (76.7%) y una reducci\u00f3n sustancial de errores en su gesti\u00f3n (64.8%) tras implementar estas plataformas.\u00a0&#13;<br \/>\n&#13;\n<\/p>\n<blockquote><p>&#13;<\/p>\n<p>\u201cDesde la ASEM buscamos que este estudio sirva como una gu\u00eda pr\u00e1ctica para que las empresas identifiquen en qu\u00e9 \u00e1reas de su gesti\u00f3n est\u00e1n sus brechas y c\u00f3mo las herramientas digitales pueden hacerlas m\u00e1s competitivas y productivas\u201d, afirm\u00f3 Juan Carlos Cante, presidente del Consejo Directivo de la ASEM.\u00a0\u00a0\u00a0&#13;\n<\/p>\n<\/blockquote>\n<p>En cuanto a la innovaci\u00f3n, la<strong> inteligencia artificial<\/strong> ha ganado terreno r\u00e1pidamente. El 82% de las empresas ya emplea alguna aplicaci\u00f3n estrat\u00e9gica de esta tecnolog\u00eda, destacando la IA generativa de texto e imagen con un 79.2% de penetraci\u00f3n.\u00a0&#13;<br \/>\n&#13;\n<\/p>\n<p>Hacia los pr\u00f3ximos 12 meses, 67.7% de los negocios encuestados planea adquirir o implementar nuevas soluciones tecnol\u00f3gicas. Entre las herramientas con mayor intenci\u00f3n de adopci\u00f3n destacan: CRM, email marketing, software contable, ERP y plataformas de gesti\u00f3n de proyectos, reflejando un inter\u00e9s creciente por tecnolog\u00edas.\u00a0&#13;<br \/>\n&#13;\n<\/p>\n<p>Tan solo entre mayo de 2019 y de 2023, nacieron 1.7 millones de establecimientos\u00a0<strong>MiPyMEs <\/strong>y murieron 1.4 millones, de acuerdo con datos del <strong>Instituto Nacional de Estad\u00edstica y Geograf\u00eda (INEGI)<\/strong>; por ello, David Ortiz enfatiz\u00f3 que \u201cla transformaci\u00f3n digital debe sentirse cercana, accesible y alineada a la realidad de quienes hoy impulsan la econom\u00eda nacional\u201d.&#13;<br \/>\n&#13;\n<\/p>\n<p>MMV&#13;<br \/>\n&#13;<br \/>\n&#13;\n                                <\/p>\n<\/p><\/div>\n<p><script>\n    !function(f,b,e,v,n,t,s)\n    {if(f.fbq)return;n=f.fbq=function(){n.callMethod?\n    n.callMethod.apply(n,arguments):n.queue.push(arguments)};\n    if(!f._fbq)f._fbq=n;n.push=n;n.loaded=!0;n.version='2.0';\n    n.queue=[];t=b.createElement(e);t.async=!0;\n    t.src=v;s=b.getElementsByTagName(e)[0];\n    s.parentNode.insertBefore(t,s)}(window, document,'script',\n    'https:\/\/connect.facebook.net\/en_US\/fbevents.js');\n    fbq('init', '237927003583820');\n    fbq('track', 'PageView');\n  <\/script><br \/>\n<br \/><\/p>\n","protected":false},"excerpt":{"rendered":"<p>En un entorno comercial cada vez m\u00e1s ligado a la tecnolog\u00eda, las empresas que integran herramientas digitales en su gesti\u00f3n empresarial facturan, en promedio, 4.8 veces m\u00e1s que aquellas que se resisten a ingresar al ecosistema digital.\u00a0\u00a0 Este hallazgo forma parte del estudio \u00abImpacto de plataformas digitales en la gesti\u00f3n empresarial\u00bb, presentado por la Asociaci\u00f3n [&hellip;]<\/p>\n","protected":false},"author":2,"featured_media":4247,"comment_status":"","ping_status":"","sticky":false,"template":"","format":"standard","meta":{"footnotes":""},"categories":[2],"tags":[],"class_list":["post-4246","post","type-post","status-publish","format-standard","has-post-thumbnail","hentry","category-local"],"_links":{"self":[{"href":"https:\/\/conexion-mx.com\/index.php?rest_route=\/wp\/v2\/posts\/4246","targetHints":{"allow":["GET"]}}],"collection":[{"href":"https:\/\/conexion-mx.com\/index.php?rest_route=\/wp\/v2\/posts"}],"about":[{"href":"https:\/\/conexion-mx.com\/index.php?rest_route=\/wp\/v2\/types\/post"}],"author":[{"embeddable":true,"href":"https:\/\/conexion-mx.com\/index.php?rest_route=\/wp\/v2\/users\/2"}],"replies":[{"embeddable":true,"href":"https:\/\/conexion-mx.com\/index.php?rest_route=%2Fwp%2Fv2%2Fcomments&post=4246"}],"version-history":[{"count":0,"href":"https:\/\/conexion-mx.com\/index.php?rest_route=\/wp\/v2\/posts\/4246\/revisions"}],"wp:featuredmedia":[{"embeddable":true,"href":"https:\/\/conexion-mx.com\/index.php?rest_route=\/wp\/v2\/media\/4247"}],"wp:attachment":[{"href":"https:\/\/conexion-mx.com\/index.php?rest_route=%2Fwp%2Fv2%2Fmedia&parent=4246"}],"wp:term":[{"taxonomy":"category","embeddable":true,"href":"https:\/\/conexion-mx.com\/index.php?rest_route=%2Fwp%2Fv2%2Fcategories&post=4246"},{"taxonomy":"post_tag","embeddable":true,"href":"https:\/\/conexion-mx.com\/index.php?rest_route=%2Fwp%2Fv2%2Ftags&post=4246"}],"curies":[{"name":"wp","href":"https:\/\/api.w.org\/{rel}","templated":true}]}}