{"id":4250,"date":"2026-05-25T22:45:22","date_gmt":"2026-05-26T03:45:22","guid":{"rendered":"https:\/\/conexion-mx.com\/?p=4250"},"modified":"2026-05-25T22:45:22","modified_gmt":"2026-05-26T03:45:22","slug":"un-corazon-humano-para-la-inteligencia-artificial","status":"publish","type":"post","link":"https:\/\/conexion-mx.com\/?p=4250","title":{"rendered":"Un coraz\u00f3n humano para la inteligencia artificial"},"content":{"rendered":"<p> <br \/>\n<\/p>\n<div>\n<p>El <strong>Papa Le\u00f3n XIV<\/strong> no s\u00f3lo ha sorprendido recientemente al afirmar que no tiene miedo de quienes se ostentan con gran poder militar y pol\u00edtico. Tambi\u00e9n nos sorprende al realizar una lectura cr\u00edtica \u2013 y a la vez esperanzada \u2013 de la nueva sociedad que comienza a dibujarse con la redistribuci\u00f3n del poder global y la aparici\u00f3n de nuevas tecnolog\u00edas que desaf\u00edan la condici\u00f3n humana.<\/p>\n<p>Con la <strong>Enc\u00edclica \u201cMagnifica humanitas\u201d<\/strong>, <strong>Le\u00f3n XIV<\/strong> no s\u00f3lo toca algunas de las cuestiones m\u00e1s acuciantes de nuestro tiempo \u2013 la concentraci\u00f3n de poder en nuevas \u00e9lites tecnol\u00f3gicas y econ\u00f3micas; el dise\u00f1o puramente pragm\u00e1tico de la <strong>\u201cinteligencia artificial\u201d<\/strong>; y nuevas inequidades que est\u00e1n emergiendo \u2013, sino que, m\u00e1s all\u00e1 de todo este escenario social, econ\u00f3mico, pol\u00edtico y cultural, el Papa avanza hacia un territorio censurado o al menos <strong>\u201cdomesticado\u201d<\/strong>: la cuesti\u00f3n de fondo es qu\u00e9 tipo de mundo estamos construyendo, cu\u00e1les son sus premisas antropol\u00f3gicas m\u00e1s profundas, y dentro de ellas, qu\u00e9 tanto reconocemos nuestra limitaci\u00f3n y nuestra necesidad de reorientarnos personal y socialmente en funci\u00f3n de Aquel que da sentido \u00faltimo a la vida.<\/p>\n<aside class=\"htmlinline\"\/>\n<p>En tiempos de <strong>san Agust\u00edn<\/strong>, el <strong>Imperio romano<\/strong> se encontraba en crisis y los <strong>\u201cchivos expiatorios\u201d<\/strong> aparec\u00edan con facilidad. <strong>Agust\u00edn<\/strong> conoc\u00eda el escenario, pero en lugar de contentarse con lo que hoy podr\u00edamos llamar an\u00e1lisis pol\u00edtico o geopol\u00edtico, descubre que el coraz\u00f3n humano, el <strong>\u201cpunto cero\u201d<\/strong> desde el que existimos y miramos el mundo, requiere hacer una opci\u00f3n fundamental.<\/p>\n<p>As\u00ed es c\u00f3mo se escribe el libro <strong>\u201cLa Ciudad de Dios\u201d<\/strong> a inicios del <strong>siglo V<\/strong>. Una lectura creyente de la historia en medio de un mundo en crisis. En sus p\u00e1ginas encontramos que hay dos modos de convivir, dos <strong>\u201cciudades\u201d<\/strong> que se construyen desde el interior: una en la que el poder, la petulancia y la auto-referencialidad definen las relaciones, y otra, en la que la cooperaci\u00f3n y la fraternidad son signo de que somos conscientes de nuestra dependencia constitutiva a un T\u00fa que nos sobrepasa. Este es el mismo ejercicio que <strong>Le\u00f3n XIV<\/strong> realiza en el <strong>siglo XXI<\/strong>, a trav\u00e9s de <strong>\u201cMagnifica humanitas\u201d<\/strong>. Ejercicio necesario para recuperar la consciencia de que existe un camino diverso al de la tecnocracia falsamente redentora.<\/p>\n<p>Para relanzar este camino es preciso reaprender a dialogar. Ideales de vida como la amistad, la solidaridad y el amor, parecen utop\u00edas cuando el di\u00e1logo se elude o se finge. La actividad diplom\u00e1tica y la recuperaci\u00f3n del <strong>multilateralismo<\/strong> en el orden internacional son amplios ejercicios de di\u00e1logo que con paciencia abren una alternativa a la guerra y a las violencias, hoy tan comunes.<\/p>\n<p>En el fondo, la virtualidad que ofrecen las tecnolog\u00edas contempor\u00e1neas requiere de una reorientaci\u00f3n que nos permita recuperar la capacidad para encontrarnos y cooperar solidariamente. Requiere de <strong>justicia social<\/strong> para no dejar a nadie abandonado en el camino. Y requiere de amistad estable, en particular, con los m\u00e1s pobres y marginados, que nos ayude a construir una civilizaci\u00f3n en la que el amor sea posible, no solo como experiencia de vida privada sino como m\u00e9todo de convivencia. En una palabra, en tiempos de <strong>inteligencia artificial<\/strong> y pragmatismo descarnado, nada como recuperar un coraz\u00f3n verdaderamente humano para discernir, decidir y actuar.<\/p>\n<p><strong>Rodrigo Guerra L\u00f3pez<\/strong>, secretario de la <strong>Pontificia Comisi\u00f3n para Am\u00e9rica Latina<\/strong>.<\/p>\n<p>E-mail: <strong>rodrigoguerra@mac.com<\/strong>&#13;<br \/>\n&#13;<br \/>\n&#13;\n                                <\/p>\n<\/p><\/div>\n<p><script>\n    !function(f,b,e,v,n,t,s)\n    {if(f.fbq)return;n=f.fbq=function(){n.callMethod?\n    n.callMethod.apply(n,arguments):n.queue.push(arguments)};\n    if(!f._fbq)f._fbq=n;n.push=n;n.loaded=!0;n.version='2.0';\n    n.queue=[];t=b.createElement(e);t.async=!0;\n    t.src=v;s=b.getElementsByTagName(e)[0];\n    s.parentNode.insertBefore(t,s)}(window, document,'script',\n    'https:\/\/connect.facebook.net\/en_US\/fbevents.js');\n    fbq('init', '237927003583820');\n    fbq('track', 'PageView');\n  <\/script><script>\n      !function(f,b,e,v,n,t,s)\n      {if(f.fbq)return;n=f.fbq=function(){n.callMethod?\n        n.callMethod.apply(n,arguments):n.queue.push(arguments)};\n        if(!f._fbq)f._fbq=n;n.push=n;n.loaded=!0;n.version='2.0';\n        n.queue=[];t=b.createElement(e);t.async=!0;\n    t.src=v;s=b.getElementsByTagName(e)[0];\n    s.parentNode.insertBefore(t,s)}(window, document,'script',\n    'https:\/\/connect.facebook.net\/en_US\/fbevents.js');\n    fbq('init', '622139085998321');\n    fbq('track', 'PageView');\n    <\/script><br \/>\n<br \/><\/p>\n","protected":false},"excerpt":{"rendered":"<p>El Papa Le\u00f3n XIV no s\u00f3lo ha sorprendido recientemente al afirmar que no tiene miedo de quienes se ostentan con gran poder militar y pol\u00edtico. Tambi\u00e9n nos sorprende al realizar una lectura cr\u00edtica \u2013 y a la vez esperanzada \u2013 de la nueva sociedad que comienza a dibujarse con la redistribuci\u00f3n del poder global y [&hellip;]<\/p>\n","protected":false},"author":3,"featured_media":4251,"comment_status":"","ping_status":"","sticky":false,"template":"","format":"standard","meta":{"footnotes":""},"categories":[34],"tags":[],"class_list":["post-4250","post","type-post","status-publish","format-standard","has-post-thumbnail","hentry","category-sociedad"],"_links":{"self":[{"href":"https:\/\/conexion-mx.com\/index.php?rest_route=\/wp\/v2\/posts\/4250","targetHints":{"allow":["GET"]}}],"collection":[{"href":"https:\/\/conexion-mx.com\/index.php?rest_route=\/wp\/v2\/posts"}],"about":[{"href":"https:\/\/conexion-mx.com\/index.php?rest_route=\/wp\/v2\/types\/post"}],"author":[{"embeddable":true,"href":"https:\/\/conexion-mx.com\/index.php?rest_route=\/wp\/v2\/users\/3"}],"replies":[{"embeddable":true,"href":"https:\/\/conexion-mx.com\/index.php?rest_route=%2Fwp%2Fv2%2Fcomments&post=4250"}],"version-history":[{"count":0,"href":"https:\/\/conexion-mx.com\/index.php?rest_route=\/wp\/v2\/posts\/4250\/revisions"}],"wp:featuredmedia":[{"embeddable":true,"href":"https:\/\/conexion-mx.com\/index.php?rest_route=\/wp\/v2\/media\/4251"}],"wp:attachment":[{"href":"https:\/\/conexion-mx.com\/index.php?rest_route=%2Fwp%2Fv2%2Fmedia&parent=4250"}],"wp:term":[{"taxonomy":"category","embeddable":true,"href":"https:\/\/conexion-mx.com\/index.php?rest_route=%2Fwp%2Fv2%2Fcategories&post=4250"},{"taxonomy":"post_tag","embeddable":true,"href":"https:\/\/conexion-mx.com\/index.php?rest_route=%2Fwp%2Fv2%2Ftags&post=4250"}],"curies":[{"name":"wp","href":"https:\/\/api.w.org\/{rel}","templated":true}]}}