{"id":4252,"date":"2026-05-25T22:52:49","date_gmt":"2026-05-26T03:52:49","guid":{"rendered":"https:\/\/conexion-mx.com\/?p=4252"},"modified":"2026-05-25T22:52:49","modified_gmt":"2026-05-26T03:52:49","slug":"iberoamerica-se-posiciona-como-eje-estrategico-global","status":"publish","type":"post","link":"https:\/\/conexion-mx.com\/?p=4252","title":{"rendered":"Iberoam\u00e9rica se posiciona como eje estrat\u00e9gico global"},"content":{"rendered":"<p> <br \/>\n<\/p>\n<div>\n<p>Durante la inauguraci\u00f3n del <strong>IX Congreso del Consejo Empresarial Alianza por Iberoam\u00e9rica <\/strong>(CEAPI), celebrada ante 630 l\u00edderes de los 22 pa\u00edses de la regi\u00f3n, se present\u00f3 el manifiesto \u201cLa Fuerza de Iberoam\u00e9rica\u201d.<\/p>\n<p>Este documento marca una hoja de ruta clara para fortalecer la integraci\u00f3n econ\u00f3mica, impulsar la inversi\u00f3n y ampliar el impacto social de las compa\u00f1\u00edas en un contexto internacional donde la regi\u00f3n ha despertado un inter\u00e9s creciente por parte de <strong>Europa<\/strong>, <strong>Estados Unidos y Medio Oriente<\/strong>.<\/p>\n<aside class=\"htmlinline\"\/>\n<p><strong>N\u00faria Vilanova<\/strong>, presidenta de <strong>CEAPI<\/strong>, destac\u00f3 que <strong>Am\u00e9rica Latina<\/strong> atraviesa un momento estrat\u00e9gico impulsado por su mercado de 680 millones de personas y su abundancia en recursos cr\u00edticos. La regi\u00f3n concentra el 60% de las reservas mundiales de litio y el 40% de las de cobre, minerales esenciales para la transici\u00f3n tecnol\u00f3gica global.\u00a0<\/p>\n<p>Seg\u00fan <strong>Vilanova<\/strong>, el manifiesto busca colocar a los empresarios \u201cen el centro de la soluci\u00f3n\u201d para traducir el potencial de estos recursos y los acuerdos del foro en proyectos concretos de crecimiento.<\/p>\n<p>Un punto central del encuentro fue el an\u00e1lisis de la inversi\u00f3n en <strong>M\u00e9xico<\/strong>, donde <strong>Espa\u00f1a<\/strong> se consolida como el segundo mayor inversionista, solo detr\u00e1s de Estados Unidos, aportando el 16% de la inversi\u00f3n extranjera.\u00a0<\/p>\n<div class=\"image-align-center\">\n<figure class=\"image\"><img loading=\"lazy\" decoding=\"async\" alt=\"\" height=\"503\" src=\"https:\/\/heraldodemexico.com.mx\/u\/fotografias\/m\/2026\/5\/25\/f768x1-1288049_1288176_5050.jpeg\" width=\"768\"\/>&#13;<figcaption>El congreso concluy\u00f3 que el \u00e9xito de la regi\u00f3n depender\u00e1 de tres ejes prioritarios. Leslie P\u00e9rez\u00a0<\/figcaption>&#13;<br \/>\n<\/figure>\n<\/div>\n<p>En un contexto m\u00e1s amplio, la <strong>Uni\u00f3n Europea <\/strong>representa el 25.4% del capital for\u00e1neo en territorio mexicano, y casi dos terceras partes de esos recursos europeos tienen origen espa\u00f1ol.\u00a0<\/p>\n<p>Al respecto,<strong> Javier L\u00f3pez<\/strong>, vicepresidente del <strong>Parlamento Europeo<\/strong>, subray\u00f3 que la conexi\u00f3n de M\u00e9xico con el mercado norteamericano es una ventaja competitiva \u00fanica que ha permitido construir una de las estructuras industriales m\u00e1s potentes del planeta.<\/p>\n<p>Asimismo, <strong>Vilanova<\/strong> defendi\u00f3 el auge de las empresas \u201cmultiberoamericanas\u201d, citando como ejemplo a las 370 firmas mexicanas con presencia en Espa\u00f1a, de las cuales 170 utilizan al pa\u00eds ib\u00e9rico como plataforma de expansi\u00f3n hacia \u00c1frica y Medio Oriente. Esta din\u00e1mica refuerza la tesis del CEAPI de que la integraci\u00f3n regional es vital, considerando que Brasil y M\u00e9xico representan juntos el 75% del PIB regional.&#13;<br \/>\n&#13;\n<\/p>\n<p>Finalmente, el congreso concluy\u00f3 que el \u00e9xito de la regi\u00f3n depender\u00e1 de tres ejes prioritarios: fortalecer la uni\u00f3n iberoamericana, promover la inversi\u00f3n interna, que actualmente representa el 75% del capital en la zona,\u00a0y potenciar el compromiso social de las empresas, con especial \u00e9nfasis en \u00e1reas cr\u00edticas como la nutrici\u00f3n infantil y el desarrollo comunitario.&#13;<br \/>\n&#13;<br \/>\n&#13;\n                                <\/p>\n<\/p><\/div>\n<p><script>\n    !function(f,b,e,v,n,t,s)\n    {if(f.fbq)return;n=f.fbq=function(){n.callMethod?\n    n.callMethod.apply(n,arguments):n.queue.push(arguments)};\n    if(!f._fbq)f._fbq=n;n.push=n;n.loaded=!0;n.version='2.0';\n    n.queue=[];t=b.createElement(e);t.async=!0;\n    t.src=v;s=b.getElementsByTagName(e)[0];\n    s.parentNode.insertBefore(t,s)}(window, document,'script',\n    'https:\/\/connect.facebook.net\/en_US\/fbevents.js');\n    fbq('init', '237927003583820');\n    fbq('track', 'PageView');\n  <\/script><br \/>\n<br \/><\/p>\n","protected":false},"excerpt":{"rendered":"<p>Durante la inauguraci\u00f3n del IX Congreso del Consejo Empresarial Alianza por Iberoam\u00e9rica (CEAPI), celebrada ante 630 l\u00edderes de los 22 pa\u00edses de la regi\u00f3n, se present\u00f3 el manifiesto \u201cLa Fuerza de Iberoam\u00e9rica\u201d. Este documento marca una hoja de ruta clara para fortalecer la integraci\u00f3n econ\u00f3mica, impulsar la inversi\u00f3n y ampliar el impacto social de las [&hellip;]<\/p>\n","protected":false},"author":2,"featured_media":4253,"comment_status":"","ping_status":"","sticky":false,"template":"","format":"standard","meta":{"footnotes":""},"categories":[2],"tags":[],"class_list":["post-4252","post","type-post","status-publish","format-standard","has-post-thumbnail","hentry","category-local"],"_links":{"self":[{"href":"https:\/\/conexion-mx.com\/index.php?rest_route=\/wp\/v2\/posts\/4252","targetHints":{"allow":["GET"]}}],"collection":[{"href":"https:\/\/conexion-mx.com\/index.php?rest_route=\/wp\/v2\/posts"}],"about":[{"href":"https:\/\/conexion-mx.com\/index.php?rest_route=\/wp\/v2\/types\/post"}],"author":[{"embeddable":true,"href":"https:\/\/conexion-mx.com\/index.php?rest_route=\/wp\/v2\/users\/2"}],"replies":[{"embeddable":true,"href":"https:\/\/conexion-mx.com\/index.php?rest_route=%2Fwp%2Fv2%2Fcomments&post=4252"}],"version-history":[{"count":0,"href":"https:\/\/conexion-mx.com\/index.php?rest_route=\/wp\/v2\/posts\/4252\/revisions"}],"wp:featuredmedia":[{"embeddable":true,"href":"https:\/\/conexion-mx.com\/index.php?rest_route=\/wp\/v2\/media\/4253"}],"wp:attachment":[{"href":"https:\/\/conexion-mx.com\/index.php?rest_route=%2Fwp%2Fv2%2Fmedia&parent=4252"}],"wp:term":[{"taxonomy":"category","embeddable":true,"href":"https:\/\/conexion-mx.com\/index.php?rest_route=%2Fwp%2Fv2%2Fcategories&post=4252"},{"taxonomy":"post_tag","embeddable":true,"href":"https:\/\/conexion-mx.com\/index.php?rest_route=%2Fwp%2Fv2%2Ftags&post=4252"}],"curies":[{"name":"wp","href":"https:\/\/api.w.org\/{rel}","templated":true}]}}