{"id":4264,"date":"2026-05-26T23:29:30","date_gmt":"2026-05-27T04:29:30","guid":{"rendered":"https:\/\/conexion-mx.com\/?p=4264"},"modified":"2026-05-26T23:29:30","modified_gmt":"2026-05-27T04:29:30","slug":"pam-bondi-exfiscal-general-de-estados-unidos-habria-sido-diagnosticada-con-cancer-despues-de-ser-destituida-axios","status":"publish","type":"post","link":"https:\/\/conexion-mx.com\/?p=4264","title":{"rendered":"Pam Bondi, exfiscal general de Estados Unidos, habr\u00eda sido diagnosticada con c\u00e1ncer despu\u00e9s de ser destituida: AXIOS"},"content":{"rendered":"<p> <br \/>\n<\/p>\n<div itemprop=\"articleBody\">\n<div class=\"txt_contenido\">\n<p><strong>Pam Bondi<\/strong>, exfiscal general de <strong>Estados<\/strong> <strong>Unidos<\/strong>, habr\u00eda sido diagnosticada con <strong>c\u00e1ncer de tiroides<\/strong> poco despu\u00e9s de dejar la titularidad del <strong>Departamento de Justicia<\/strong> (<strong>DOJ<\/strong>, por sus siglas en ingl\u00e9s), sin embargo, ya recibi\u00f3 tratamiento y se encuentra en recuperaci\u00f3n, de acuerdo con informaci\u00f3n publicada por <strong>AXIOS<\/strong>.<\/p>\n<p>Bondi ahora formar\u00e1 parte del <strong>Consejo Presidencial de Asesores en Ciencia y Tecnolog\u00eda (PCAST)<\/strong>, panel presidido por <strong>David Sacks<\/strong>, exasesor de la <strong>Casa Blanca<\/strong> en materia de IA, y por <strong>Michael Kratsios<\/strong>, asesor cient\u00edfico. Su papel ser\u00e1 el de facilitar la coordinaci\u00f3n entre el gobierno y los gigantes tecnol\u00f3gicos que forman parte de la estrategia, seg\u00fan detalla el medio estadounidense<\/p>\n<aside class=\"htmlinline\"\/>\n<p><strong>JD Vance<\/strong>, vicepresidente de Estados Unidos, explic\u00f3 a trav\u00e9s de un comunicado que <strong>Pam Bondi<\/strong> ha sido un activo \u00abenormemente valioso\u00bb para el equipo del presidente y que se encuentra encandado por ella de que siga involucrada \u00aben la soluci\u00f3n de algunos de los problemas m\u00e1s importantes a los que se enfrenta la administraci\u00f3n\u00bb.<\/p>\n<aside class=\"relacionadas con-foto linea-1078\"><strong class=\"relacionadas-titulo-gral\">Noticias Relacionadas<\/strong><\/aside>\n<p><strong>Katie Miller<\/strong>, presentadora de podcasts y exfuncionaria de la <strong>Casa Blanca<\/strong>, revel\u00f3 a trav\u00e9s de una publicaci\u00f3n en <em><strong>X<\/strong><\/em> (antes <em><strong>Twitter<\/strong><\/em>) que Bondi le \u00abha estado pateando el trasero al c\u00e1ncer en silencio durante las \u00faltimas semanas\u00bb, al mismo tiempo que afirm\u00f3 que la antigua encargada del DOJ \u00abtiene un coraz\u00f3n de oro\u00bb.<\/p>\n<p>\u00a0<\/p>\n<\/p><\/div>\n<\/p><\/div>\n<p><script>\n    !function(f,b,e,v,n,t,s)\n    {if(f.fbq)return;n=f.fbq=function(){n.callMethod?\n    n.callMethod.apply(n,arguments):n.queue.push(arguments)};\n    if(!f._fbq)f._fbq=n;n.push=n;n.loaded=!0;n.version='2.0';\n    n.queue=[];t=b.createElement(e);t.async=!0;\n    t.src=v;s=b.getElementsByTagName(e)[0];\n    s.parentNode.insertBefore(t,s)}(window, document,'script',\n    'https:\/\/connect.facebook.net\/en_US\/fbevents.js');\n    fbq('init', '237927003583820');\n    fbq('track', 'PageView');\n  <\/script><br \/>\n<br \/><\/p>\n","protected":false},"excerpt":{"rendered":"<p>Pam Bondi, exfiscal general de Estados Unidos, habr\u00eda sido diagnosticada con c\u00e1ncer de tiroides poco despu\u00e9s de dejar la titularidad del Departamento de Justicia (DOJ, por sus siglas en ingl\u00e9s), sin embargo, ya recibi\u00f3 tratamiento y se encuentra en recuperaci\u00f3n, de acuerdo con informaci\u00f3n publicada por AXIOS. Bondi ahora formar\u00e1 parte del Consejo Presidencial de [&hellip;]<\/p>\n","protected":false},"author":2,"featured_media":4265,"comment_status":"","ping_status":"","sticky":false,"template":"","format":"standard","meta":{"footnotes":""},"categories":[2],"tags":[],"class_list":["post-4264","post","type-post","status-publish","format-standard","has-post-thumbnail","hentry","category-local"],"_links":{"self":[{"href":"https:\/\/conexion-mx.com\/index.php?rest_route=\/wp\/v2\/posts\/4264","targetHints":{"allow":["GET"]}}],"collection":[{"href":"https:\/\/conexion-mx.com\/index.php?rest_route=\/wp\/v2\/posts"}],"about":[{"href":"https:\/\/conexion-mx.com\/index.php?rest_route=\/wp\/v2\/types\/post"}],"author":[{"embeddable":true,"href":"https:\/\/conexion-mx.com\/index.php?rest_route=\/wp\/v2\/users\/2"}],"replies":[{"embeddable":true,"href":"https:\/\/conexion-mx.com\/index.php?rest_route=%2Fwp%2Fv2%2Fcomments&post=4264"}],"version-history":[{"count":0,"href":"https:\/\/conexion-mx.com\/index.php?rest_route=\/wp\/v2\/posts\/4264\/revisions"}],"wp:featuredmedia":[{"embeddable":true,"href":"https:\/\/conexion-mx.com\/index.php?rest_route=\/wp\/v2\/media\/4265"}],"wp:attachment":[{"href":"https:\/\/conexion-mx.com\/index.php?rest_route=%2Fwp%2Fv2%2Fmedia&parent=4264"}],"wp:term":[{"taxonomy":"category","embeddable":true,"href":"https:\/\/conexion-mx.com\/index.php?rest_route=%2Fwp%2Fv2%2Fcategories&post=4264"},{"taxonomy":"post_tag","embeddable":true,"href":"https:\/\/conexion-mx.com\/index.php?rest_route=%2Fwp%2Fv2%2Ftags&post=4264"}],"curies":[{"name":"wp","href":"https:\/\/api.w.org\/{rel}","templated":true}]}}