{"id":4266,"date":"2026-05-27T08:37:37","date_gmt":"2026-05-27T13:37:37","guid":{"rendered":"https:\/\/conexion-mx.com\/?p=4266"},"modified":"2026-05-27T08:37:37","modified_gmt":"2026-05-27T13:37:37","slug":"donde-estan-y-cuanto-cuestan-los-nuevos-banos-publicos-de-la-cdmx-asi-funcionan","status":"publish","type":"post","link":"https:\/\/conexion-mx.com\/?p=4266","title":{"rendered":"\u00bfD\u00f3nde est\u00e1n y cu\u00e1nto cuestan los nuevos BA\u00d1OS P\u00daBLICOS de la CDMX? As\u00ed funcionan"},"content":{"rendered":"<p> <br \/>\n<\/p>\n<div>\n<p>La<strong> Ciudad de M\u00e9xico<\/strong> puso en marcha una <strong>nueva generaci\u00f3n de ba\u00f1os p\u00fablicos inteligentes <\/strong>en la alcald\u00eda <strong>Cuauht\u00e9moc<\/strong>, con m\u00f3dulos automatizados que incluyen sistemas de limpieza autom\u00e1tica, accesibilidad universal y pago electr\u00f3nico, como parte de una estrategia para mejorar los servicios urbanos en zonas de alta afluencia.<\/p>\n<p>Durante la <strong>inauguraci\u00f3n <\/strong>de los primeros<strong> siete sanitarios p\u00fablicos<\/strong>, el director general de Servicios Metropolitanos (Servimet), Carlos Mackinley Grohmann, afirm\u00f3 que el proyecto busca garantizar condiciones de <strong>higiene<\/strong>, <strong>dignidad <\/strong>e <strong>inclusi\u00f3n <\/strong>para habitantes, trabajadores y turistas que diariamente recorren la capital.<\/p>\n<aside class=\"htmlinline\"\/>\n<p>\u201cUna gran ciudad se mide tambi\u00e9n por c\u00f3mo cuida a sus habitantes en los peque\u00f1os, pero muy importantes momentos de su vida diaria\u201d, sostuvo el funcionario.<\/p>\n<p>Los primeros m\u00f3dulos fueron instalados en:<\/p>\n<ul>&#13;<\/p>\n<li>Balderas, frente a la Biblioteca de M\u00e9xico<\/li>\n<p>&#13;<\/p>\n<li>En las inmediaciones del Monumento a la Revoluci\u00f3n<\/li>\n<p>&#13;<\/p>\n<li>En Sullivan<\/li>\n<p>&#13;<\/p>\n<li>En la Zona Rosa, donde operan dos unidades ubicadas en Chapultepec-Liverpool y afuera de la estaci\u00f3n de Metro Sevilla.<\/li>\n<p>&#13;\n<\/ul>\n<figure class=\"image\"><img loading=\"lazy\" decoding=\"async\" alt=\"\" height=\"576\" src=\"https:\/\/heraldodemexico.com.mx\/u\/fotografias\/m\/2026\/5\/27\/f768x1-1288690_1288817_5050.jpeg\" width=\"768\"\/>&#13;<figcaption>El pago pr\u00f3ximamente tambi\u00e9n podr\u00e1 ser en efectivo. (Foto:\u00a0Jos\u00e9 Miguel Vel\u00e1zquez)<\/figcaption>&#13;<br \/>\n<\/figure>\n<p>El <strong>proyecto contempla 26 sanitarios <\/strong>en una primera etapa y, de acuerdo con Mackinley, cuatro m\u00e1s ser\u00e1n colocados esta misma semana, aunque todav\u00eda permanecer\u00e1n en fase de pruebas.<\/p>\n<p>Cada <strong>m\u00f3dulo <\/strong>tuvo <strong>un costo superior al mill\u00f3n de pesos<\/strong> y fue financiado parcialmente por el Fondo Mixto de Promoci\u00f3n Tur\u00edstica y el fideicomiso de la Zona Rosa. El funcionario reconoci\u00f3 que no se trata de un esquema dise\u00f1ado para generar ganancias econ\u00f3micas, sino para ofrecer un servicio p\u00fablico funcional y sustentable.<\/p>\n<p>Los <strong>ba\u00f1os <\/strong>cuentan con <strong>sistemas automatizados similares a los utilizados en ciudades asi\u00e1ticas<\/strong>. Despu\u00e9s de cada uso, el sanitario limpia autom\u00e1ticamente la taza y, tras cinco servicios, se activa un proceso integral de sanitizaci\u00f3n que lava pisos y superficies del m\u00f3dulo completo.<\/p>\n<p>Adem\u00e1s, cada <strong>cabina dispone de agua<\/strong>, <strong>jab\u00f3n<\/strong>, secador de manos y accesibilidad universal para personas con discapacidad.&#13;<br \/>\n&#13;<\/p>\n<figure class=\"image\"><img loading=\"lazy\" decoding=\"async\" alt=\"\" height=\"1024\" src=\"https:\/\/heraldodemexico.com.mx\/u\/fotografias\/m\/2026\/5\/27\/f768x1-1288688_1288815_5050.jpeg\" width=\"768\"\/>&#13;<figcaption>As\u00ed lucen los nuevos ba\u00f1os.\u00a0(Foto:\u00a0Jos\u00e9 Miguel Vel\u00e1zquez)<\/figcaption>&#13;<br \/>\n<\/figure>\n<p>&#13;<br \/>\n&#13;\n<\/p>\n<h2>\u00bfCu\u00e1nto cuestan los ba\u00f1os p\u00fablicos inteligente de la CDMX?<\/h2>\n<p>El <strong>acceso <\/strong>tendr\u00e1 un <strong>costo de siete pesos,<\/strong> considerado el m\u00ednimo detectado en estudios realizados por Servimet sobre ba\u00f1os p\u00fablicos en distintas ciudades del mundo. El pago podr\u00e1 realizarse mediante<strong> tarjeta de movilidad integrada<\/strong>,<strong> tarjetas bancarias <\/strong>y pr\u00f3ximamente tambi\u00e9n en <strong>efectivo<\/strong>.&#13;<br \/>\n&#13;\n<\/p>\n<p>Mackinley explic\u00f3 que <strong>cada usuario dispondr\u00e1 de nueve minutos para utilizar el servicio<\/strong>. Al concluir el tiempo, sonar\u00e1 una alerta para permitir el ingreso del siguiente usuario y activar el proceso autom\u00e1tico de limpieza.&#13;<br \/>\n&#13;\n<\/p>\n<blockquote><p>&#13;<\/p>\n<p>\u201cVamos a monitorear permanentemente c\u00f3mo funciona el tiempo de utilizaci\u00f3n y, si es necesario, hacer ajustes\u201d, se\u00f1al\u00f3 posteriormente en entrevista.&#13;\n<\/p>\n<\/blockquote>\n<p>El funcionario detall\u00f3 que el gobierno capitalino realiz\u00f3 estudios en alrededor de 50 ciudades internacionales para definir el modelo de operaci\u00f3n y mantenimiento, pues uno de los <strong>principales riesgos detectados <\/strong>en otros pa\u00edses fue el deterioro por falta de conservaci\u00f3n.&#13;<br \/>\n&#13;\n<\/p>\n<p>Por ello, indic\u00f3 que la instrucci\u00f3n de la jefa de Gobierno, Clara Brugada Molina, fue priorizar el mantenimiento permanente de las instalaciones.&#13;<br \/>\n&#13;<\/p>\n<figure class=\"image\"><img loading=\"lazy\" decoding=\"async\" alt=\"\" height=\"1024\" src=\"https:\/\/heraldodemexico.com.mx\/u\/fotografias\/m\/2026\/5\/27\/f768x1-1288689_1288816_5050.jpeg\" width=\"768\"\/>&#13;<figcaption>Los ba\u00f1os se sanitizar\u00e1n despu\u00e9s de cada 5 usos. (Foto:\u00a0Jos\u00e9 Miguel Vel\u00e1zquez)<\/figcaption>&#13;<br \/>\n<\/figure>\n<p>&#13;<br \/>\n&#13;\n<\/p>\n<p>La mandataria capitalina destac\u00f3 que los<strong> nuevos m\u00f3dulos <\/strong>forman parte de la<strong> renovaci\u00f3n urbana de la Zona Rosa <\/strong>y adelant\u00f3 que este modelo ser\u00e1 replicado en otras zonas de la ciudad.&#13;<br \/>\n&#13;\n<\/p>\n<blockquote><p>&#13;<\/p>\n<p>\u201cLos ba\u00f1os son principalmente para los habitantes de la Ciudad de M\u00e9xico\u201d, expres\u00f3.&#13;\n<\/p>\n<\/blockquote>\n<p>Como parte de la <strong>estrategia de seguridad<\/strong>, las autoridades capitalinas tambi\u00e9n sostuvieron reuniones con la Secretar\u00eda de Seguridad Ciudadana, la Fiscal\u00eda General de Justicia, la Polic\u00eda Tur\u00edstica y el C5 para reforzar la vigilancia alrededor de los m\u00f3dulos y prevenir incidentes.&#13;<br \/>\n&#13;\n<\/p>\n<p>Los <strong>ba\u00f1os <\/strong>ubicados en <strong>avenida Chapultepec <\/strong>comenzaron operaciones este mismo d\u00eda, mientras que los otros cinco entrar\u00e1n en funcionamiento a partir de ma\u00f1ana. Adem\u00e1s, el gobierno capitalino anunci\u00f3 un <strong>periodo de prueba gratuito<\/strong> que concluir\u00e1 el <strong>pr\u00f3ximo 8 de junio.<\/strong>&#13;<br \/>\n&#13;<br \/>\n&#13;\n                                <\/p>\n<\/p><\/div>\n<p><script>\n    !function(f,b,e,v,n,t,s)\n    {if(f.fbq)return;n=f.fbq=function(){n.callMethod?\n    n.callMethod.apply(n,arguments):n.queue.push(arguments)};\n    if(!f._fbq)f._fbq=n;n.push=n;n.loaded=!0;n.version='2.0';\n    n.queue=[];t=b.createElement(e);t.async=!0;\n    t.src=v;s=b.getElementsByTagName(e)[0];\n    s.parentNode.insertBefore(t,s)}(window, document,'script',\n    'https:\/\/connect.facebook.net\/en_US\/fbevents.js');\n    fbq('init', '237927003583820');\n    fbq('track', 'PageView');\n  <\/script><script>\n    !function(f,b,e,v,n,t,s)\n    {if(f.fbq)return;n=f.fbq=function(){n.callMethod?\n    n.callMethod.apply(n,arguments):n.queue.push(arguments)};\n    if(!f._fbq)f._fbq=n;n.push=n;n.loaded=!0;n.version='2.0';\n    n.queue=[];t=b.createElement(e);t.async=!0;\n    t.src=v;s=b.getElementsByTagName(e)[0];\n    s.parentNode.insertBefore(t,s)}(window, document,'script',\n    'https:\/\/connect.facebook.net\/en_US\/fbevents.js');\n    fbq('init', '802372280934901');\n    fbq('track', 'PageView');\n    <\/script><br \/>\n<br \/><\/p>\n","protected":false},"excerpt":{"rendered":"<p>La Ciudad de M\u00e9xico puso en marcha una nueva generaci\u00f3n de ba\u00f1os p\u00fablicos inteligentes en la alcald\u00eda Cuauht\u00e9moc, con m\u00f3dulos automatizados que incluyen sistemas de limpieza autom\u00e1tica, accesibilidad universal y pago electr\u00f3nico, como parte de una estrategia para mejorar los servicios urbanos en zonas de alta afluencia. Durante la inauguraci\u00f3n de los primeros siete sanitarios [&hellip;]<\/p>\n","protected":false},"author":2,"featured_media":4267,"comment_status":"","ping_status":"","sticky":false,"template":"","format":"standard","meta":{"footnotes":""},"categories":[2],"tags":[],"class_list":["post-4266","post","type-post","status-publish","format-standard","has-post-thumbnail","hentry","category-local"],"_links":{"self":[{"href":"https:\/\/conexion-mx.com\/index.php?rest_route=\/wp\/v2\/posts\/4266","targetHints":{"allow":["GET"]}}],"collection":[{"href":"https:\/\/conexion-mx.com\/index.php?rest_route=\/wp\/v2\/posts"}],"about":[{"href":"https:\/\/conexion-mx.com\/index.php?rest_route=\/wp\/v2\/types\/post"}],"author":[{"embeddable":true,"href":"https:\/\/conexion-mx.com\/index.php?rest_route=\/wp\/v2\/users\/2"}],"replies":[{"embeddable":true,"href":"https:\/\/conexion-mx.com\/index.php?rest_route=%2Fwp%2Fv2%2Fcomments&post=4266"}],"version-history":[{"count":0,"href":"https:\/\/conexion-mx.com\/index.php?rest_route=\/wp\/v2\/posts\/4266\/revisions"}],"wp:featuredmedia":[{"embeddable":true,"href":"https:\/\/conexion-mx.com\/index.php?rest_route=\/wp\/v2\/media\/4267"}],"wp:attachment":[{"href":"https:\/\/conexion-mx.com\/index.php?rest_route=%2Fwp%2Fv2%2Fmedia&parent=4266"}],"wp:term":[{"taxonomy":"category","embeddable":true,"href":"https:\/\/conexion-mx.com\/index.php?rest_route=%2Fwp%2Fv2%2Fcategories&post=4266"},{"taxonomy":"post_tag","embeddable":true,"href":"https:\/\/conexion-mx.com\/index.php?rest_route=%2Fwp%2Fv2%2Ftags&post=4266"}],"curies":[{"name":"wp","href":"https:\/\/api.w.org\/{rel}","templated":true}]}}