{"id":4283,"date":"2026-05-28T00:22:23","date_gmt":"2026-05-28T05:22:23","guid":{"rendered":"https:\/\/conexion-mx.com\/?p=4283"},"modified":"2026-05-28T00:22:23","modified_gmt":"2026-05-28T05:22:23","slug":"como-ahorrar-luz-con-el-aire-acondicionado-los-consejos-de-la-cfe-para-pagar-menos","status":"publish","type":"post","link":"https:\/\/conexion-mx.com\/?p=4283","title":{"rendered":"C\u00f3mo ahorrar luz con el aire acondicionado: los consejos de la CFE para pagar menos"},"content":{"rendered":"<p> <br \/>\n<\/p>\n<div itemprop=\"articleBody\">\n<div class=\"txt_contenido\">\n<p>Pese a que inici\u00f3 formalmente la <strong>temporada de lluvias<\/strong> en nuestro pa\u00eds, las <strong>altas temperaturas<\/strong>\u00a0no han dejado de impactar gran parte de la Rep\u00fablica Mexicana. El <strong>calor<\/strong> que impera en los hogares\u00a0ha hecho que <strong>electrodom\u00e9sticos<\/strong> como\u00a0los\u00a0<strong>ventiladores<\/strong> y el <strong>aire acondicionado<\/strong>\u00a0sean\u00a0<strong>los favoritos<\/strong> de los mexicanos, y su <strong>uso<\/strong>\u00a0sea <strong>exacerbado<\/strong>.<\/p>\n<p>Y es que hay quienes tienen <strong>prendido el aire acondicionado d\u00eda y noche sin descanso<\/strong>, provocando que la <strong>cuenta de los recibos de luz <\/strong>se vuelva excesivamente <strong>elevada<\/strong>. No solo eso, tambi\u00e9n existen <strong>riesgos por el uso inadecuado<\/strong> de estos aparatos que lejos de enfriar la habitaci\u00f3n, <strong>se fuerza su funcionamiento generando todav\u00eda m\u00e1s gasto de electricidad<\/strong>, que <strong>se descomponga<\/strong> o incluso<strong> provocando incendios dentro de casa<\/strong>.<\/p>\n<aside class=\"htmlinline\"\/>\n<p>Es por esta raz\u00f3n que la <strong>Comisi\u00f3n Federal de Electricidad<\/strong> (CFE) lanz\u00f3 una serie de <strong>recomendaciones<\/strong> sobre aquellos <strong>equipos \u00a0que gastan m\u00e1s energ\u00eda en casa<\/strong> como son los aires acondicionados. Sigue leyendo para que <strong>te ahorres unos pesitos en tu pr\u00f3ximo recibo de luz<\/strong>.<\/p>\n<aside class=\"relacionadas con-foto linea-1078\"><strong class=\"relacionadas-titulo-gral\">Noticias Relacionadas<\/strong><\/aside>\n<div class=\"image-align-center\">\n<figure class=\"image\"><img loading=\"lazy\" decoding=\"async\" alt=\"\" height=\"432\" src=\"https:\/\/heraldodemexico.com.mx\/u\/fotografias\/m\/2026\/5\/27\/f768x1-1289121_1289248_5050.jpg\" width=\"768\"\/>&#13;<figcaption>El aire acondicionado es un electrodom\u00e9stico muy usado en temporada de calor \/ FOTO: Freepik<\/figcaption>&#13;<br \/>\n<\/figure>\n<\/div>\n<h2>As\u00ed puedes ahorrar luz en tu pr\u00f3ximo recibo de la CFE<\/h2>\n<p>Si tienes aire acondicionado, sigue estas <strong>recomendaciones avaladas por la CFE<\/strong>\u00a0compartidas para todo el p\u00fablico en su portal oficial:<\/p>\n<ul>&#13;<\/p>\n<li>Si tiene m\u00e1s de 10 a\u00f1os de antig\u00fcedad, es hora de reemplazarlo.<\/li>\n<p>&#13;<\/p>\n<li>No compres\u00a0equipos usados, ya que suelen generar altos consumos de energ\u00eda.<\/li>\n<p>&#13;<\/p>\n<li>Cada seis meses realiza mantenimiento preventivo y limpieza de filtros, evaporador y condensador.<\/li>\n<p>&#13;<\/p>\n<li>Elige la capacidad de tu aire acondicionado\u00a0seg\u00fan las dimensiones del espacio en donde lo utilizar\u00e1s.<\/li>\n<p>&#13;\n<\/ul>\n<p>Este \u00faltimo punto quiere decir que <strong>si tienes un equipo demasiado peque\u00f1o para un cuarto grande <\/strong>se tardar\u00e1 mucho en enfriar, trabajar\u00e1 forzado, <strong>gastar\u00e1 m\u00e1s luz<\/strong> y podr\u00eda descomponerse m\u00e1s r\u00e1pido. <strong>Si usas un equipo demasiado grande para un espacio peque\u00f1o <\/strong>enfriar\u00e1 demasiado y\u00a0<strong>consumir\u00e1 energ\u00eda innecesaria<\/strong>.<\/p>\n<div class=\"image-align-center\">\n<figure class=\"image\"><img loading=\"lazy\" decoding=\"async\" alt=\"\" height=\"513\" src=\"https:\/\/heraldodemexico.com.mx\/u\/fotografias\/m\/2026\/5\/27\/f768x1-1289125_1289252_5050.png\" width=\"768\"\/>&#13;<figcaption>Cada seis meses debes realizarle mantenimiento preventivo \/ FOTO: Freepik<\/figcaption>&#13;<br \/>\n<\/figure>\n<\/div>\n<h2>\u00bfC\u00f3mo elegir el mejor aire acondicionado seg\u00fan la CFE?<\/h2>\n<p>Si planeas comprar un aire acondicionado, la CFE da los siguientes <strong>consejos de compra<\/strong>:<\/p>\n<ul>&#13;<\/p>\n<li>Busca que tenga <strong>tecnolog\u00eda inverter<\/strong>, un sistema electr\u00f3nico que regula el voltaje, la corriente y la frecuencia de un motor o compresor el\u00e9ctrico.<\/li>\n<p>&#13;<\/p>\n<li>Un equipo con la<strong> capacidad adecuada<\/strong> para las dimensiones de tu hogar.<\/li>\n<p>&#13;<\/p>\n<li>Inst\u00e1lalo en un lugar adecuado.<\/li>\n<p>&#13;<\/p>\n<li>Revisa que tenga las etiquetas de<strong> eficiencia energ\u00e9tica<\/strong>,<strong>\u00a0<\/strong>correspondientes a las Normas Oficiales Mexicanas de Eficiencia Energ\u00e9tica.<\/li>\n<p>&#13;<\/p>\n<li>Elige un <strong>equipo de f\u00e1cil mantenimiento<\/strong>.<\/li>\n<p>&#13;<\/p>\n<li>Cuida que tenga <strong>garant\u00eda<\/strong>.<\/li>\n<p>&#13;<\/p>\n<li>Es preferible uno que <strong>no haga ruido<\/strong> o muy poco.<\/li>\n<p>&#13;\n<\/ul>\n<p>\u00a0<\/p>\n<\/p><\/div>\n<\/p><\/div>\n<p><script>\n    !function(f,b,e,v,n,t,s)\n    {if(f.fbq)return;n=f.fbq=function(){n.callMethod?\n    n.callMethod.apply(n,arguments):n.queue.push(arguments)};\n    if(!f._fbq)f._fbq=n;n.push=n;n.loaded=!0;n.version='2.0';\n    n.queue=[];t=b.createElement(e);t.async=!0;\n    t.src=v;s=b.getElementsByTagName(e)[0];\n    s.parentNode.insertBefore(t,s)}(window, document,'script',\n    'https:\/\/connect.facebook.net\/en_US\/fbevents.js');\n    fbq('init', '237927003583820');\n    fbq('track', 'PageView');\n  <\/script><br \/>\n<br \/><\/p>\n","protected":false},"excerpt":{"rendered":"<p>Pese a que inici\u00f3 formalmente la temporada de lluvias en nuestro pa\u00eds, las altas temperaturas\u00a0no han dejado de impactar gran parte de la Rep\u00fablica Mexicana. El calor que impera en los hogares\u00a0ha hecho que electrodom\u00e9sticos como\u00a0los\u00a0ventiladores y el aire acondicionado\u00a0sean\u00a0los favoritos de los mexicanos, y su uso\u00a0sea exacerbado. Y es que hay quienes tienen prendido [&hellip;]<\/p>\n","protected":false},"author":3,"featured_media":4284,"comment_status":"","ping_status":"","sticky":false,"template":"","format":"standard","meta":{"footnotes":""},"categories":[35],"tags":[],"class_list":["post-4283","post","type-post","status-publish","format-standard","has-post-thumbnail","hentry","category-espectaculos"],"_links":{"self":[{"href":"https:\/\/conexion-mx.com\/index.php?rest_route=\/wp\/v2\/posts\/4283","targetHints":{"allow":["GET"]}}],"collection":[{"href":"https:\/\/conexion-mx.com\/index.php?rest_route=\/wp\/v2\/posts"}],"about":[{"href":"https:\/\/conexion-mx.com\/index.php?rest_route=\/wp\/v2\/types\/post"}],"author":[{"embeddable":true,"href":"https:\/\/conexion-mx.com\/index.php?rest_route=\/wp\/v2\/users\/3"}],"replies":[{"embeddable":true,"href":"https:\/\/conexion-mx.com\/index.php?rest_route=%2Fwp%2Fv2%2Fcomments&post=4283"}],"version-history":[{"count":0,"href":"https:\/\/conexion-mx.com\/index.php?rest_route=\/wp\/v2\/posts\/4283\/revisions"}],"wp:featuredmedia":[{"embeddable":true,"href":"https:\/\/conexion-mx.com\/index.php?rest_route=\/wp\/v2\/media\/4284"}],"wp:attachment":[{"href":"https:\/\/conexion-mx.com\/index.php?rest_route=%2Fwp%2Fv2%2Fmedia&parent=4283"}],"wp:term":[{"taxonomy":"category","embeddable":true,"href":"https:\/\/conexion-mx.com\/index.php?rest_route=%2Fwp%2Fv2%2Fcategories&post=4283"},{"taxonomy":"post_tag","embeddable":true,"href":"https:\/\/conexion-mx.com\/index.php?rest_route=%2Fwp%2Fv2%2Ftags&post=4283"}],"curies":[{"name":"wp","href":"https:\/\/api.w.org\/{rel}","templated":true}]}}