{"id":4285,"date":"2026-05-28T00:43:02","date_gmt":"2026-05-28T05:43:02","guid":{"rendered":"https:\/\/conexion-mx.com\/?p=4285"},"modified":"2026-05-28T00:43:02","modified_gmt":"2026-05-28T05:43:02","slug":"crisis-en-el-gobierno-informe-onu-desapariciones-forzadas-y-perdidas-en-proyectos-clave","status":"publish","type":"post","link":"https:\/\/conexion-mx.com\/?p=4285","title":{"rendered":"Crisis en el gobierno: Informe ONU, desapariciones forzadas y p\u00e9rdidas en proyectos clave"},"content":{"rendered":"<p> <br \/>\n<\/p>\n<div>\n<p>El gobierno federal enfrenta severas cr\u00edticas tras la publicaci\u00f3n de un informe del Comit\u00e9 para las Desapariciones Forzadas de Naciones Unidas, el cual ha sido desestimado por funcionarios. Paralelamente, la gesti\u00f3n de proyectos insignia, calificados como \u00abelefantes blancos\u00bb, genera cuestionamientos por sus millonarias p\u00e9rdidas y una percepci\u00f3n de deficiente comunicaci\u00f3n oficial.<\/p>\n<h2>Desestimaci\u00f3n del Informe de la ONU y la CNDH en el Centro de la Pol\u00e9mica<\/h2>\n<p>La controversia se intensific\u00f3 luego de que Luisa Mar\u00eda Alcalde, secretaria de Gobernaci\u00f3n, y Claudia Sheinbaum, presidenta de Morena, descalificaran el informe de la ONU sobre desapariciones forzadas. Alcalde argument\u00f3 que no se trataba de un documento oficial de la organizaci\u00f3n, sino de un trabajo elaborado por un grupo de expertos.<\/p>\n<p>\u00abEn los \u00faltimos d\u00edas se ha hablado mucho sobre el tema de desaparici\u00f3n a ra\u00edz de un informe publicado al respecto y sobre todo ante la cantidad de informaci\u00f3n falsa que se ha tratado de difundir, es importante se\u00f1alar lo siguiente: primero, que no se trata de un informe de la ONU, sino de un grupo de expertos que trabaja para la ONU\u00bb, declar\u00f3 Luisa Mar\u00eda Alcalde.<\/p>\n<p>Sin embargo, Juan Pablo Alb\u00e1n, presidente del Comit\u00e9 para las Desapariciones Forzadas de Naciones Unidas, refut\u00f3 estas afirmaciones, explicando que el informe es v\u00e1lido y que las diferencias de criterio no le restan legitimidad. La discusi\u00f3n tambi\u00e9n puso en evidencia la situaci\u00f3n de la Comisi\u00f3n Nacional de Derechos Humanos (CNDH) bajo la direcci\u00f3n de Rosario Piedra. Una senadora de Movimiento Ciudadano, Laura Ballesteros, ha solicitado la destituci\u00f3n de Piedra, calificando su gesti\u00f3n como una \u00abverg\u00fcenza\u00bb.<\/p>\n<p>\u00abHa sido una verg\u00fcenza en cada una de las participaciones de la Comisi\u00f3n Nacional de Derechos Humanos\u00bb, se coment\u00f3 en el programa, haciendo alusi\u00f3n a una serie de irregularidades y deficiencias en su desempe\u00f1o.<\/p>\n<h2>\u00abElefantes Blancos\u00bb y la Comunicaci\u00f3n Gubernamental bajo Escrutinio<\/h2>\n<p>Otro frente de cr\u00edticas se centra en la gesti\u00f3n de los proyectos emblem\u00e1ticos del gobierno, denominados \u00abelefantes blancos\u00bb. El Tren Maya, la refiner\u00eda Dos Bocas y los aeropuertos han sido objeto de se\u00f1alamientos por su desempe\u00f1o y los recursos invertidos. Se reporta que el Tren Maya est\u00e1 generando p\u00e9rdidas significativas.<\/p>\n<p>\u00abEst\u00e1 dando el Tren Maya p\u00e9rdidas por diez millones de pesos al d\u00eda. Eso significa un cuarenta y un por ciento de p\u00e9rdidas m\u00e1s que en 2024\u00bb, se afirm\u00f3 en la emisi\u00f3n, destacando la magnitud del d\u00e9ficit econ\u00f3mico.<\/p>\n<p>La refiner\u00eda Dos Bocas tambi\u00e9n ha estado en el ojo del hurac\u00e1n tras un incendio, cuya responsabilidad fue inicialmente deslindada por el gobierno, argumentando que ocurri\u00f3 \u00abfuera de la barda perimetral\u00bb, aunque la fiscal\u00eda indic\u00f3 lo contrario. En cuanto a la infraestructura aeroportuaria, se cuestiona la inversi\u00f3n de ocho mil millones de pesos en el Aeropuerto Internacional Benito Ju\u00e1rez de la Ciudad de M\u00e9xico, a pesar de la construcci\u00f3n del Aeropuerto Internacional Felipe \u00c1ngeles (AIFA). La presidenta ha sido criticada por su enfoque en la comunicaci\u00f3n de estos temas, a menudo respondiendo a comentarios en redes sociales en lugar de presentar datos formales.<\/p>\n<p>\u00abLa pol\u00edtica es un ejercicio de comunicaci\u00f3n tambi\u00e9n. T\u00fa no puedes echarle la culpa de todo a la licenciada Paulina que est\u00e1 encargada de eso o al nefando de Ram\u00edrez Cuevas que sabe insultar periodistas y poner tuits\u00bb, se se\u00f1al\u00f3, enfatizando la necesidad de una estrategia de comunicaci\u00f3n m\u00e1s robusta y profesional.<\/p>\n<p>La situaci\u00f3n se describe como un \u00abambiente de cuarto a\u00f1o de gobierno\u00bb, donde la falta de resultados y la deficiente comunicaci\u00f3n se suman a la percepci\u00f3n de un equipo de trabajo con \u00abverdaderos ineptos\u00bb, cuya responsabilidad recae en la presidenta.&#13;<br \/>\n&#13;\n                                <\/p>\n<\/p><\/div>\n<p><script>\n    !function(f,b,e,v,n,t,s)\n    {if(f.fbq)return;n=f.fbq=function(){n.callMethod?\n    n.callMethod.apply(n,arguments):n.queue.push(arguments)};\n    if(!f._fbq)f._fbq=n;n.push=n;n.loaded=!0;n.version='2.0';\n    n.queue=[];t=b.createElement(e);t.async=!0;\n    t.src=v;s=b.getElementsByTagName(e)[0];\n    s.parentNode.insertBefore(t,s)}(window, document,'script',\n    'https:\/\/connect.facebook.net\/en_US\/fbevents.js');\n    fbq('init', '237927003583820');\n    fbq('track', 'PageView');\n  <\/script><br \/>\n<br \/><\/p>\n","protected":false},"excerpt":{"rendered":"<p>El gobierno federal enfrenta severas cr\u00edticas tras la publicaci\u00f3n de un informe del Comit\u00e9 para las Desapariciones Forzadas de Naciones Unidas, el cual ha sido desestimado por funcionarios. Paralelamente, la gesti\u00f3n de proyectos insignia, calificados como \u00abelefantes blancos\u00bb, genera cuestionamientos por sus millonarias p\u00e9rdidas y una percepci\u00f3n de deficiente comunicaci\u00f3n oficial. Desestimaci\u00f3n del Informe de [&hellip;]<\/p>\n","protected":false},"author":2,"featured_media":4286,"comment_status":"","ping_status":"","sticky":false,"template":"","format":"standard","meta":{"footnotes":""},"categories":[2],"tags":[],"class_list":["post-4285","post","type-post","status-publish","format-standard","has-post-thumbnail","hentry","category-local"],"_links":{"self":[{"href":"https:\/\/conexion-mx.com\/index.php?rest_route=\/wp\/v2\/posts\/4285","targetHints":{"allow":["GET"]}}],"collection":[{"href":"https:\/\/conexion-mx.com\/index.php?rest_route=\/wp\/v2\/posts"}],"about":[{"href":"https:\/\/conexion-mx.com\/index.php?rest_route=\/wp\/v2\/types\/post"}],"author":[{"embeddable":true,"href":"https:\/\/conexion-mx.com\/index.php?rest_route=\/wp\/v2\/users\/2"}],"replies":[{"embeddable":true,"href":"https:\/\/conexion-mx.com\/index.php?rest_route=%2Fwp%2Fv2%2Fcomments&post=4285"}],"version-history":[{"count":0,"href":"https:\/\/conexion-mx.com\/index.php?rest_route=\/wp\/v2\/posts\/4285\/revisions"}],"wp:featuredmedia":[{"embeddable":true,"href":"https:\/\/conexion-mx.com\/index.php?rest_route=\/wp\/v2\/media\/4286"}],"wp:attachment":[{"href":"https:\/\/conexion-mx.com\/index.php?rest_route=%2Fwp%2Fv2%2Fmedia&parent=4285"}],"wp:term":[{"taxonomy":"category","embeddable":true,"href":"https:\/\/conexion-mx.com\/index.php?rest_route=%2Fwp%2Fv2%2Fcategories&post=4285"},{"taxonomy":"post_tag","embeddable":true,"href":"https:\/\/conexion-mx.com\/index.php?rest_route=%2Fwp%2Fv2%2Ftags&post=4285"}],"curies":[{"name":"wp","href":"https:\/\/api.w.org\/{rel}","templated":true}]}}