{"id":4295,"date":"2026-05-29T01:23:12","date_gmt":"2026-05-29T06:23:12","guid":{"rendered":"https:\/\/conexion-mx.com\/?p=4295"},"modified":"2026-05-29T01:23:12","modified_gmt":"2026-05-29T06:23:12","slug":"micro-transportistas-van-a-poder-renovar-su-flota-vehicular-de-camiones","status":"publish","type":"post","link":"https:\/\/conexion-mx.com\/?p=4295","title":{"rendered":"Micro transportistas van a poder renovar su flota vehicular de camiones"},"content":{"rendered":"<p> <br \/>\n<\/p>\n<div>\n<p>La <strong>Secretar\u00eda de Infraestructura, Comunicaciones y Transportes (SICT)<\/strong> dio a conocer los lineamientos para la puesta en marcha del nuevo programa federal para sustituir y modernizar veh\u00edculos pesados destinados al transporte de carga y pasajeros.<\/p>\n<p>El plan busca facilitar la renovaci\u00f3n de camiones mediante esquemas de financiamiento respaldados por <strong>Nacional Financiera (NAFIN)<\/strong>, que estar\u00e1 dirigido principalmente a micro y peque\u00f1os transportistas.<\/p>\n<aside class=\"htmlinline\"\/>\n<p>El plan contempla financiamiento de hasta 15 millones de pesos (mdp) o su equivalente en d\u00f3lares, para adquirir unidades nuevas en plazos de hasta 84 meses con un enganche m\u00ednimo de 10 por ciento. Para unidades seminuevas, el plazo m\u00e1ximo ser\u00e1 de 60 meses y enganche de 15 por ciento.<\/p>\n<p>En el programa van a poder participar micro transportistas, que son los que tienen de una a cinco unidades y los peque\u00f1os transportistas, que cuentan con flota vehicular que va de entre seis y 30 unidades.<\/p>\n<blockquote><p>&#13;<\/p>\n<p>\u00abEsta medida representa un avance relevante para impulsar la renovaci\u00f3n del parque vehicular, particularmente en beneficio de micro y peque\u00f1os transportistas que cuentan con hasta 30 unidades, al facilitar el acceso a esquemas de financiamiento\u00bb, dijo <strong>Augusto Ramos<\/strong>, presidente de la C\u00e1mara Nacional del Autotransporte de Carga (Cancar).<\/p>\n<p>&#13;\n<\/p><\/blockquote>\n<p>Los precios de las unidades y las condiciones de financiamiento ser\u00e1n variables, en funci\u00f3n de la marca, tipo de unidad, modelo indica el DOF.<\/p>\n<p>Cifras de la SICT indican que existe una flota de camiones de unas 615 mil unidades, de los cuales m\u00e1s de 385 mil superan los 15 a\u00f1os de antig\u00fcedad.<\/p>\n<blockquote><p>&#13;<\/p>\n<p>\u201cLa ANPACT destaca que este programa contribuir\u00e1 a mejorar la seguridad vial, la competitividad, la eficiencia operativa y la sustentabilidad ambiental del sector\u201d, indic\u00f3<strong> Alejandro Osorio<\/strong>, director de Asuntos P\u00fablicos de la Asociaci\u00f3n Nacional de Productores de Autobuses, Camiones y Tractocamiones (ANPACT).&#13;\n<\/p>\n<\/blockquote>\n<p>Para acceder al programa de modernizaci\u00f3n vehicular, los solicitantes deber\u00e1n tener un permiso otorgado por la SICT y la constancia de contar con m\u00ednimo tres a\u00f1os en el servicio de autotransporte federal.&#13;<br \/>\n&#13;\n<\/p>\n<p>\u00a0&#13;<br \/>\n&#13;\n<\/p>\n<p>MAAZ&#13;<br \/>\n&#13;\n<\/p>\n<p>\u00a0&#13;<br \/>\n&#13;<br \/>\n&#13;\n                                <\/p>\n<\/p><\/div>\n<p><script>\n    !function(f,b,e,v,n,t,s)\n    {if(f.fbq)return;n=f.fbq=function(){n.callMethod?\n    n.callMethod.apply(n,arguments):n.queue.push(arguments)};\n    if(!f._fbq)f._fbq=n;n.push=n;n.loaded=!0;n.version='2.0';\n    n.queue=[];t=b.createElement(e);t.async=!0;\n    t.src=v;s=b.getElementsByTagName(e)[0];\n    s.parentNode.insertBefore(t,s)}(window, document,'script',\n    'https:\/\/connect.facebook.net\/en_US\/fbevents.js');\n    fbq('init', '237927003583820');\n    fbq('track', 'PageView');\n  <\/script><br \/>\n<br \/><\/p>\n","protected":false},"excerpt":{"rendered":"<p>La Secretar\u00eda de Infraestructura, Comunicaciones y Transportes (SICT) dio a conocer los lineamientos para la puesta en marcha del nuevo programa federal para sustituir y modernizar veh\u00edculos pesados destinados al transporte de carga y pasajeros. El plan busca facilitar la renovaci\u00f3n de camiones mediante esquemas de financiamiento respaldados por Nacional Financiera (NAFIN), que estar\u00e1 dirigido [&hellip;]<\/p>\n","protected":false},"author":2,"featured_media":4296,"comment_status":"","ping_status":"","sticky":false,"template":"","format":"standard","meta":{"footnotes":""},"categories":[2],"tags":[],"class_list":["post-4295","post","type-post","status-publish","format-standard","has-post-thumbnail","hentry","category-local"],"_links":{"self":[{"href":"https:\/\/conexion-mx.com\/index.php?rest_route=\/wp\/v2\/posts\/4295","targetHints":{"allow":["GET"]}}],"collection":[{"href":"https:\/\/conexion-mx.com\/index.php?rest_route=\/wp\/v2\/posts"}],"about":[{"href":"https:\/\/conexion-mx.com\/index.php?rest_route=\/wp\/v2\/types\/post"}],"author":[{"embeddable":true,"href":"https:\/\/conexion-mx.com\/index.php?rest_route=\/wp\/v2\/users\/2"}],"replies":[{"embeddable":true,"href":"https:\/\/conexion-mx.com\/index.php?rest_route=%2Fwp%2Fv2%2Fcomments&post=4295"}],"version-history":[{"count":0,"href":"https:\/\/conexion-mx.com\/index.php?rest_route=\/wp\/v2\/posts\/4295\/revisions"}],"wp:featuredmedia":[{"embeddable":true,"href":"https:\/\/conexion-mx.com\/index.php?rest_route=\/wp\/v2\/media\/4296"}],"wp:attachment":[{"href":"https:\/\/conexion-mx.com\/index.php?rest_route=%2Fwp%2Fv2%2Fmedia&parent=4295"}],"wp:term":[{"taxonomy":"category","embeddable":true,"href":"https:\/\/conexion-mx.com\/index.php?rest_route=%2Fwp%2Fv2%2Fcategories&post=4295"},{"taxonomy":"post_tag","embeddable":true,"href":"https:\/\/conexion-mx.com\/index.php?rest_route=%2Fwp%2Fv2%2Ftags&post=4295"}],"curies":[{"name":"wp","href":"https:\/\/api.w.org\/{rel}","templated":true}]}}