{"id":4301,"date":"2026-05-29T09:33:50","date_gmt":"2026-05-29T14:33:50","guid":{"rendered":"https:\/\/conexion-mx.com\/?p=4301"},"modified":"2026-05-29T09:33:50","modified_gmt":"2026-05-29T14:33:50","slug":"que-debes-hacer-tras-registrar-tu-linea-telefonica-con-curp-en-el-padron-movil-de-mexico","status":"publish","type":"post","link":"https:\/\/conexion-mx.com\/?p=4301","title":{"rendered":"\u00bfQu\u00e9 debes hacer tras registrar tu l\u00ednea telef\u00f3nica con CURP en el padr\u00f3n m\u00f3vil de M\u00e9xico?"},"content":{"rendered":"<p> <br \/>\n<\/p>\n<div itemprop=\"articleBody\">\n<div class=\"txt_contenido\">\n<p>El <strong>Gobierno de M\u00e9xico<\/strong> impuso de manera obligatoria registrar tu l\u00ednea telef\u00f3nica con tu CURP en el padr\u00f3n de <strong>telefon\u00eda m\u00f3vil<\/strong> para <strong>reducir el<\/strong> <strong>uso anonimato de celulares en el pa\u00eds<\/strong>. Quienes no hayan realizado el tr\u00e1mite han cuestionado en plataformas digitales cu\u00e1les son los pasos a seguir despu\u00e9s del registro.\u00a0<\/p>\n<p>Aqu\u00ed te explicamos el proceso que debes seguir para que tu <strong>n\u00famero<\/strong> quede <strong>vinculado\u00a0a tu identidad<\/strong> y puedas recibir servicio de telefon\u00eda y cumplir con los requisitos de las nuevas normativas antes de la <strong>fecha l\u00edmite<\/strong>, fijada para el <strong>30 de junio<\/strong>.\u00a0<\/p>\n<aside class=\"htmlinline\"\/>\n<h2>Qu\u00e9 pasa despu\u00e9s de mi registro de CURP\u00a0<\/h2>\n<p>Tu empresa de telefon\u00eda te enviar\u00e1 un folio de confirmaci\u00f3n que <strong>valida la vinculaci\u00f3n<\/strong>. Es importante que guardes este comprobante, ya que muestra que tu l\u00ednea est\u00e1 vinculada a tu identidad e impedir\u00e1 que puedan suspender tu servicio.\u00a0<\/p>\n<p>Despu\u00e9s podr\u00e1s utilizar tu l\u00ednea para realizar llamadas y enviar mensajes con normalidad. Sin embargo, si lo realizaste despu\u00e9s del 30 de junio, tu servicio se repondr\u00e1 hasta el 1 de julio. Cabe recordar que el <strong>gobierno mexicano<\/strong> inform\u00f3 que las <strong>compa\u00f1\u00edas telef\u00f3nicas verifican que tu l\u00ednea celular coincida con tu INE<\/strong>, lo que impide suplantar tu identidad. Esta informaci\u00f3n sensible es resguardada por la compa\u00f1\u00eda y, a diferencia de confusiones que se han difundido en redes sociales, no te piden huella digital ni iris, por lo que <strong>no se almacenan tus datos biom\u00e9tricos<\/strong>.\u00a0<\/p>\n<figure class=\"image\"><img loading=\"lazy\" decoding=\"async\" alt=\"\" height=\"435\" src=\"https:\/\/heraldodemexico.com.mx\/u\/fotografias\/m\/2026\/5\/28\/f768x1-1289186_1289313_5050.jpeg\" width=\"768\"\/>&#13;<figcaption>FOTO: Especial<\/figcaption>&#13;<br \/>\n<\/figure>\n<h2>Suspender\u00e1n tu servicio si no registras tu l\u00ednea antes del 30 de junio<\/h2>\n<p>Autoridades mexicanas advirtieron que si no registras tu l\u00ednea antes de la fecha l\u00edmite suspender\u00e1n tu servicio a partir del 1 de julio, y no podr\u00e1s recuperarlo hasta que lo registres. Adem\u00e1s, utilizar una SIM extranjera no te exime de registrarla en el pa\u00eds de origen y corres el riesgo de que la compa\u00f1\u00eda extranjera cancele tu l\u00ednea y pierdas tu protecci\u00f3n de tus derechos como consumidor en M\u00e9xico.\u00a0<\/p>\n<p>Todas las l\u00edneas, ya sean de prepago o pospago se <strong>registran <\/strong>y un tercero no puede realizar el tr\u00e1mite por ti. Como persona, puedes registrar hasta 10 l\u00edneas, pero para las empresas no hay l\u00edmite.\u00a0 El registro es completamente gratuito y como lo mencionamos anteriormente, la compa\u00f1\u00eda telef\u00f3nica te enviar\u00e1 un folio de confirmaci\u00f3n cuando el tr\u00e1mite haya concluido. Si cambias de n\u00famero telef\u00f3nico, no es necesario volver a registrarte, no obstante, si cambias de compa\u00f1\u00eda, lo recomendable es consultar si debes actualizar tu registro.\u00a0<\/p>\n<p>Para garantizar la seguridad de los consumidores, los operadores est\u00e1n sujetos a la <strong>Ley Federal de Protecci\u00f3n de Datos Personales en Posesi\u00f3n de los Particulares<\/strong>.<\/p>\n<p>\u00a0&#13;<br \/>\n&#13;<br \/>\n&#13;\n                                <\/p>\n<\/p><\/div>\n<\/p><\/div>\n<p><script>\n    !function(f,b,e,v,n,t,s)\n    {if(f.fbq)return;n=f.fbq=function(){n.callMethod?\n    n.callMethod.apply(n,arguments):n.queue.push(arguments)};\n    if(!f._fbq)f._fbq=n;n.push=n;n.loaded=!0;n.version='2.0';\n    n.queue=[];t=b.createElement(e);t.async=!0;\n    t.src=v;s=b.getElementsByTagName(e)[0];\n    s.parentNode.insertBefore(t,s)}(window, document,'script',\n    'https:\/\/connect.facebook.net\/en_US\/fbevents.js');\n    fbq('init', '237927003583820');\n    fbq('track', 'PageView');\n  <\/script><script>\n    !function(f,b,e,v,n,t,s)\n    {if(f.fbq)return;n=f.fbq=function(){n.callMethod?\n    n.callMethod.apply(n,arguments):n.queue.push(arguments)};\n    if(!f._fbq)f._fbq=n;n.push=n;n.loaded=!0;n.version='2.0';\n    n.queue=[];t=b.createElement(e);t.async=!0;\n    t.src=v;s=b.getElementsByTagName(e)[0];\n    s.parentNode.insertBefore(t,s)}(window, document,'script',\n    'https:\/\/connect.facebook.net\/en_US\/fbevents.js');\n    fbq('init', '802372280934901');\n    fbq('track', 'PageView');\n    <\/script><br \/>\n<br \/><\/p>\n","protected":false},"excerpt":{"rendered":"<p>El Gobierno de M\u00e9xico impuso de manera obligatoria registrar tu l\u00ednea telef\u00f3nica con tu CURP en el padr\u00f3n de telefon\u00eda m\u00f3vil para reducir el uso anonimato de celulares en el pa\u00eds. Quienes no hayan realizado el tr\u00e1mite han cuestionado en plataformas digitales cu\u00e1les son los pasos a seguir despu\u00e9s del registro.\u00a0 Aqu\u00ed te explicamos el [&hellip;]<\/p>\n","protected":false},"author":2,"featured_media":4302,"comment_status":"","ping_status":"","sticky":false,"template":"","format":"standard","meta":{"footnotes":""},"categories":[2],"tags":[],"class_list":["post-4301","post","type-post","status-publish","format-standard","has-post-thumbnail","hentry","category-local"],"_links":{"self":[{"href":"https:\/\/conexion-mx.com\/index.php?rest_route=\/wp\/v2\/posts\/4301","targetHints":{"allow":["GET"]}}],"collection":[{"href":"https:\/\/conexion-mx.com\/index.php?rest_route=\/wp\/v2\/posts"}],"about":[{"href":"https:\/\/conexion-mx.com\/index.php?rest_route=\/wp\/v2\/types\/post"}],"author":[{"embeddable":true,"href":"https:\/\/conexion-mx.com\/index.php?rest_route=\/wp\/v2\/users\/2"}],"replies":[{"embeddable":true,"href":"https:\/\/conexion-mx.com\/index.php?rest_route=%2Fwp%2Fv2%2Fcomments&post=4301"}],"version-history":[{"count":0,"href":"https:\/\/conexion-mx.com\/index.php?rest_route=\/wp\/v2\/posts\/4301\/revisions"}],"wp:featuredmedia":[{"embeddable":true,"href":"https:\/\/conexion-mx.com\/index.php?rest_route=\/wp\/v2\/media\/4302"}],"wp:attachment":[{"href":"https:\/\/conexion-mx.com\/index.php?rest_route=%2Fwp%2Fv2%2Fmedia&parent=4301"}],"wp:term":[{"taxonomy":"category","embeddable":true,"href":"https:\/\/conexion-mx.com\/index.php?rest_route=%2Fwp%2Fv2%2Fcategories&post=4301"},{"taxonomy":"post_tag","embeddable":true,"href":"https:\/\/conexion-mx.com\/index.php?rest_route=%2Fwp%2Fv2%2Ftags&post=4301"}],"curies":[{"name":"wp","href":"https:\/\/api.w.org\/{rel}","templated":true}]}}