{"id":4309,"date":"2026-05-30T01:42:58","date_gmt":"2026-05-30T06:42:58","guid":{"rendered":"https:\/\/conexion-mx.com\/?p=4309"},"modified":"2026-05-30T01:42:58","modified_gmt":"2026-05-30T06:42:58","slug":"muere-famosa-leyenda-del-futbol-de-camino-a-jugar-un-partido-se-descompenso-y-fue-trasladado-de-urgencia-a-un-hospital","status":"publish","type":"post","link":"https:\/\/conexion-mx.com\/?p=4309","title":{"rendered":"Muere famosa leyenda del futbol de camino a jugar un partido; se descompens\u00f3 y fue trasladado de urgencia a un hospital"},"content":{"rendered":"<p> <br \/>\n<\/p>\n<div itemprop=\"articleBody\">\n<div class=\"txt_contenido\">\n<p>Este viernes 29 de mayo se confirm\u00f3 la muerte de <strong>Bryan Bergeougnoux<\/strong> a los 43 a\u00f1os de edad, exdelantero del <strong>Olympique de Lyon,<\/strong> adem\u00e1s de 3 veces campe\u00f3n con el equipo en la <strong>Liga de Francia<\/strong>, dejando de luto al mundo del futbol, ya que se encontraba de camino a un partido de leyendas.<\/p>\n<blockquote><p>&#13;<\/p>\n<p>\u201cEl Olympique Lyonnais ha lamentado con una inmensa tristeza el fallecimiento del hijo del club, Bryan Bergougnoux. El club est\u00e1 conmocionado ante esta terrible noticia y env\u00eda sus pensamientos m\u00e1s sinceros a su familia, a sus seres queridos y a todos aquellos que lo conocieron y quisieron\u201d, dijo el Olympique de Lyonnais.<\/p>\n<aside class=\"htmlinline\"\/>&#13;\n<\/p><\/blockquote>\n<h2>\u00bfDe qu\u00e9 muri\u00f3 Bryan Bergeougnoux, leyenda del Olympique de Lyonnais?<\/h2>\n<p>Cabe destacar que <strong>Bryan Bergeougnoux<\/strong> naci\u00f3 de la cantera del <strong>Lyon<\/strong>, donde adem\u00e1s ten\u00eda como compa\u00f1eros a figuras como <strong>Juninho, \u00c9ric Abidal <\/strong>y el bal\u00f3n de oro, <strong>Karim Benzema<\/strong>, por lo que su historia la hizo en el equipo que lo vio debutar en el futbol profesional en la Liga Francesa.<\/p>\n<aside class=\"relacionadas con-foto linea-1078\"><strong class=\"relacionadas-titulo-gral\">Noticias Relacionadas<\/strong><\/aside>\n<p>Asimismo, es importante mencionar que, tras su retiro en 2019, se volvi\u00f3 <strong>entrenador<\/strong> y, desde el a\u00f1o 2025, era asistente en<strong> Le Havre<\/strong>, equipo que logr\u00f3 mantener la categor\u00eda. Estaba casado y ten\u00eda 4 hijos; su muerte ha dejado de luto al futbol mundial; aunque no se conoce la causa de su muerte, seg\u00fan The Sun, estaba diagnosticado con <strong>c\u00e1ncer de par\u00f3tida<\/strong>.<\/p>\n<blockquote><p>&#13;<\/p>\n<p>\u00abTricampe\u00f3n de Francia con el OL y antiguo internacional sub-21, Bryan Bergougnoux falleci\u00f3 este viernes 29 de mayo a la edad de 43 a\u00f1os. La FFF transmite sus m\u00e1s sinceras condolencias a su familia, a sus allegados as\u00ed como a la totalidad del club del HAC\u00bb, dijo la Federaci\u00f3n Francesa de Futbol.<\/p>\n<p>&#13;\n<\/p><\/blockquote>\n<p>\u00a0<\/p>\n<\/p><\/div>\n<\/p><\/div>\n<p><script>\n    !function(f,b,e,v,n,t,s)\n    {if(f.fbq)return;n=f.fbq=function(){n.callMethod?\n    n.callMethod.apply(n,arguments):n.queue.push(arguments)};\n    if(!f._fbq)f._fbq=n;n.push=n;n.loaded=!0;n.version='2.0';\n    n.queue=[];t=b.createElement(e);t.async=!0;\n    t.src=v;s=b.getElementsByTagName(e)[0];\n    s.parentNode.insertBefore(t,s)}(window, document,'script',\n    'https:\/\/connect.facebook.net\/en_US\/fbevents.js');\n    fbq('init', '237927003583820');\n    fbq('track', 'PageView');\n  <\/script><br \/>\n<br \/><\/p>\n","protected":false},"excerpt":{"rendered":"<p>Este viernes 29 de mayo se confirm\u00f3 la muerte de Bryan Bergeougnoux a los 43 a\u00f1os de edad, exdelantero del Olympique de Lyon, adem\u00e1s de 3 veces campe\u00f3n con el equipo en la Liga de Francia, dejando de luto al mundo del futbol, ya que se encontraba de camino a un partido de leyendas. &#13; [&hellip;]<\/p>\n","protected":false},"author":2,"featured_media":4310,"comment_status":"","ping_status":"","sticky":false,"template":"","format":"standard","meta":{"footnotes":""},"categories":[2],"tags":[],"class_list":["post-4309","post","type-post","status-publish","format-standard","has-post-thumbnail","hentry","category-local"],"_links":{"self":[{"href":"https:\/\/conexion-mx.com\/index.php?rest_route=\/wp\/v2\/posts\/4309","targetHints":{"allow":["GET"]}}],"collection":[{"href":"https:\/\/conexion-mx.com\/index.php?rest_route=\/wp\/v2\/posts"}],"about":[{"href":"https:\/\/conexion-mx.com\/index.php?rest_route=\/wp\/v2\/types\/post"}],"author":[{"embeddable":true,"href":"https:\/\/conexion-mx.com\/index.php?rest_route=\/wp\/v2\/users\/2"}],"replies":[{"embeddable":true,"href":"https:\/\/conexion-mx.com\/index.php?rest_route=%2Fwp%2Fv2%2Fcomments&post=4309"}],"version-history":[{"count":0,"href":"https:\/\/conexion-mx.com\/index.php?rest_route=\/wp\/v2\/posts\/4309\/revisions"}],"wp:featuredmedia":[{"embeddable":true,"href":"https:\/\/conexion-mx.com\/index.php?rest_route=\/wp\/v2\/media\/4310"}],"wp:attachment":[{"href":"https:\/\/conexion-mx.com\/index.php?rest_route=%2Fwp%2Fv2%2Fmedia&parent=4309"}],"wp:term":[{"taxonomy":"category","embeddable":true,"href":"https:\/\/conexion-mx.com\/index.php?rest_route=%2Fwp%2Fv2%2Fcategories&post=4309"},{"taxonomy":"post_tag","embeddable":true,"href":"https:\/\/conexion-mx.com\/index.php?rest_route=%2Fwp%2Fv2%2Ftags&post=4309"}],"curies":[{"name":"wp","href":"https:\/\/api.w.org\/{rel}","templated":true}]}}