{"id":4315,"date":"2026-05-30T17:25:13","date_gmt":"2026-05-30T22:25:13","guid":{"rendered":"https:\/\/conexion-mx.com\/?p=4315"},"modified":"2026-05-30T17:25:13","modified_gmt":"2026-05-30T22:25:13","slug":"megafuga-en-ermita-iztapalapa-inunda-calles-y-afecta-viviendas-y-comercios","status":"publish","type":"post","link":"https:\/\/conexion-mx.com\/?p=4315","title":{"rendered":"Megafuga en Ermita Iztapalapa inunda calles y afecta viviendas y comercios"},"content":{"rendered":"<p> <br \/>\n<\/p>\n<div>\n<p>Una fuga de agua potable registrada sobre Calzada Ermita Iztapalapa, a la altura de la colonia Santa Cruz Meyehualco, provoc\u00f3 inundaciones en calles, viviendas y establecimientos comerciales, adem\u00e1s de generar afectaciones a la circulaci\u00f3n.<\/p>\n<p>El incidente fue reportado la ma\u00f1ana de este s\u00e1bado cuando miles de litros de agua comenzaron a salir de la red hidr\u00e1ulica y se extendieron por varios metros sobre la vialidad, formando corrientes que alcanzaron banquetas, locales y accesos a inmuebles cercanos.<\/p>\n<aside class=\"htmlinline\"\/>\n<p>Im\u00e1genes difundidas por vecinos mostraron el agua cubriendo carriles de circulaci\u00f3n en uno de los principales corredores de la alcald\u00eda Iztapalapa, mientras personal de la Secretar\u00eda de Gesti\u00f3n Integral del Agua (Segiagua) acudi\u00f3 al lugar para controlar la fuga y realizar labores de desazolve.<\/p>\n<p>Mientras avanzaban los trabajos, cuadrillas operaron equipos especializados para extraer el agua acumulada y reducir los niveles que permanec\u00edan en la zona afectada.\u00a0<\/p>\n<p>Al respecto, la dependencia inform\u00f3 que las maniobras se llevaron a cabo en coordinaci\u00f3n con autoridades de la demarcaci\u00f3n.<\/p>\n<p>Por su parte, la alcaldesa de Iztapalapa, Aleida Alavez Ruiz, inform\u00f3 que personal de Participaci\u00f3n Ciudadana, Protecci\u00f3n Civil, Servicios Urbanos, Seguridad Ciudadana, Inclusi\u00f3n y Bienestar, as\u00ed como trabajadores de la Territorial Quetzalc\u00f3atl, fueron desplegados para atender las afectaciones ocasionadas por el incidente.<\/p>\n<p>Entre las acciones implementadas se encuentra la instalaci\u00f3n de un puesto de mando, la entrega de kits de limpieza a las familias afectadas y el inicio de un censo para identificar da\u00f1os en viviendas y comercios.<\/p>\n<p>Adem\u00e1s, se brind\u00f3 apoyo psicol\u00f3gico a quienes lo solicitaron y se distribuyeron alimentos en la zona.\u00a0&#13;<br \/>\n&#13;\n<\/p>\n<p>La alcaldesa a\u00f1adi\u00f3 que elementos de Protecci\u00f3n Civil trasladaron a un adulto mayor a un hospital para recibir atenci\u00f3n m\u00e9dica debido a una condici\u00f3n previa de salud.&#13;<br \/>\n&#13;\n<\/p>\n<p>Durante la emergencia, comerciantes y vecinos realizaron labores para retirar el agua y limpiar sus establecimientos, en tanto que autoridades capitalinas mantuvieron los trabajos para controlar la fuga y evitar mayores afectaciones.&#13;<br \/>\n&#13;\n<\/p>\n<p>En tanto, las autoridades se\u00f1alaron que las labores de atenci\u00f3n continuar\u00edan hasta concluir el saneamiento del \u00e1rea y restablecer las condiciones de seguridad para habitantes y negocios.&#13;<br \/>\n&#13;<br \/>\n&#13;\n                                <\/p>\n<\/p><\/div>\n<p><script>\n    !function(f,b,e,v,n,t,s)\n    {if(f.fbq)return;n=f.fbq=function(){n.callMethod?\n    n.callMethod.apply(n,arguments):n.queue.push(arguments)};\n    if(!f._fbq)f._fbq=n;n.push=n;n.loaded=!0;n.version='2.0';\n    n.queue=[];t=b.createElement(e);t.async=!0;\n    t.src=v;s=b.getElementsByTagName(e)[0];\n    s.parentNode.insertBefore(t,s)}(window, document,'script',\n    'https:\/\/connect.facebook.net\/en_US\/fbevents.js');\n    fbq('init', '237927003583820');\n    fbq('track', 'PageView');\n  <\/script><script>\n    !function(f,b,e,v,n,t,s)\n    {if(f.fbq)return;n=f.fbq=function(){n.callMethod?\n    n.callMethod.apply(n,arguments):n.queue.push(arguments)};\n    if(!f._fbq)f._fbq=n;n.push=n;n.loaded=!0;n.version='2.0';\n    n.queue=[];t=b.createElement(e);t.async=!0;\n    t.src=v;s=b.getElementsByTagName(e)[0];\n    s.parentNode.insertBefore(t,s)}(window, document,'script',\n    'https:\/\/connect.facebook.net\/en_US\/fbevents.js');\n    fbq('init', '802372280934901');\n    fbq('track', 'PageView');\n    <\/script><br \/>\n<br \/><\/p>\n","protected":false},"excerpt":{"rendered":"<p>Una fuga de agua potable registrada sobre Calzada Ermita Iztapalapa, a la altura de la colonia Santa Cruz Meyehualco, provoc\u00f3 inundaciones en calles, viviendas y establecimientos comerciales, adem\u00e1s de generar afectaciones a la circulaci\u00f3n. El incidente fue reportado la ma\u00f1ana de este s\u00e1bado cuando miles de litros de agua comenzaron a salir de la red [&hellip;]<\/p>\n","protected":false},"author":3,"featured_media":4316,"comment_status":"","ping_status":"","sticky":false,"template":"","format":"standard","meta":{"footnotes":""},"categories":[34],"tags":[],"class_list":["post-4315","post","type-post","status-publish","format-standard","has-post-thumbnail","hentry","category-sociedad"],"_links":{"self":[{"href":"https:\/\/conexion-mx.com\/index.php?rest_route=\/wp\/v2\/posts\/4315","targetHints":{"allow":["GET"]}}],"collection":[{"href":"https:\/\/conexion-mx.com\/index.php?rest_route=\/wp\/v2\/posts"}],"about":[{"href":"https:\/\/conexion-mx.com\/index.php?rest_route=\/wp\/v2\/types\/post"}],"author":[{"embeddable":true,"href":"https:\/\/conexion-mx.com\/index.php?rest_route=\/wp\/v2\/users\/3"}],"replies":[{"embeddable":true,"href":"https:\/\/conexion-mx.com\/index.php?rest_route=%2Fwp%2Fv2%2Fcomments&post=4315"}],"version-history":[{"count":0,"href":"https:\/\/conexion-mx.com\/index.php?rest_route=\/wp\/v2\/posts\/4315\/revisions"}],"wp:featuredmedia":[{"embeddable":true,"href":"https:\/\/conexion-mx.com\/index.php?rest_route=\/wp\/v2\/media\/4316"}],"wp:attachment":[{"href":"https:\/\/conexion-mx.com\/index.php?rest_route=%2Fwp%2Fv2%2Fmedia&parent=4315"}],"wp:term":[{"taxonomy":"category","embeddable":true,"href":"https:\/\/conexion-mx.com\/index.php?rest_route=%2Fwp%2Fv2%2Fcategories&post=4315"},{"taxonomy":"post_tag","embeddable":true,"href":"https:\/\/conexion-mx.com\/index.php?rest_route=%2Fwp%2Fv2%2Ftags&post=4315"}],"curies":[{"name":"wp","href":"https:\/\/api.w.org\/{rel}","templated":true}]}}