{"id":4323,"date":"2026-05-31T10:20:32","date_gmt":"2026-05-31T15:20:32","guid":{"rendered":"https:\/\/conexion-mx.com\/?p=4323"},"modified":"2026-05-31T10:20:32","modified_gmt":"2026-05-31T15:20:32","slug":"ester-exposito-perrea-con-bad-bunny-en-la-casita-del-reguetonero-y-los-memes-contra-kylian-mbappe-estallan","status":"publish","type":"post","link":"https:\/\/conexion-mx.com\/?p=4323","title":{"rendered":"Ester Exp\u00f3sito perrea con Bad Bunny en \u2018La Casita\u2019 del reguetonero y los memes contra Kylian Mbapp\u00e9 estallan"},"content":{"rendered":"<p> <br \/>\n<\/p>\n<div>\n<p>Aunque M\u00e9xico ya vivi\u00f3 la emoci\u00f3n de los <strong>conciertos de Bad Bunny, en Espa\u00f1a<\/strong> los shows en vivo est\u00e1n dando mucho de qu\u00e9 hablar, especialmente por las figuras que asistieron como <strong>invitados a \u2018La Casita\u2019<\/strong> que el reguetonero, pero hay una en particular que se rob\u00f3 todos los reflectores: <strong>Ester Exp\u00f3sito<\/strong>.\u00a0<\/p>\n<p>Durante la gira de <strong>\u2018DeB\u00cd TiRAR M\u00e1S FOToS World Tour\u2019 <\/strong>en el <strong>Riyadh Air Metropolitano<\/strong> durante la noche del 30 de mayo, la querida actriz espa\u00f1ola apareci\u00f3 con un vestido verde y junto a otras figuras de relevancia en <strong>Espa\u00f1a <\/strong>para cantar y bailar junto al reguetonero, con quien intercambi\u00f3 un <strong>perreo <\/strong>y <strong>miradas <\/strong>que r\u00e1pidamente se volvieron virales en redes sociales.\u00a0<\/p>\n<aside class=\"htmlinline\"\/>\n<p>Mientras<strong> Bad Bunny interpretaba \u2018VeLD\u00c1\u2019<\/strong>, se abri\u00f3 paso por la planta baja de \u2018La Casita\u2019, donde se encontr\u00f3 con <strong>Ester Exp\u00f3sito<\/strong> para continuar con su interpretaci\u00f3n y bailar junto a la actriz, con quien incluso comparti\u00f3 algunas miradas que conquistaron a los fan\u00e1ticos. Pero hubo un detalle en particular que pronto se volvi\u00f3 viral en redes sociales.\u00a0<\/p>\n<p>Y es que este encuentro se dio<strong>\u00a0la misma noche en que el PSG logr\u00f3 el Bicampeonato de la Champions<\/strong> tras derrotar al Arsenal; cabe destacar que la victoria se dio con el <strong>ex equipo del futbolista Kylian Mbapp\u00e9,<\/strong> quien actualmente mantiene una relaci\u00f3n sentimental con la actriz de \u2018\u00c9lite\u2019.<\/p>\n<p>Lo anterior ocasion\u00f3 que en redes sociales el<strong> nombre de Kylian Mbapp\u00e9 <\/strong>tambi\u00e9n se volviera tendencia en redes por quienes aseguran que no debi\u00f3 pasar la mejor noche tras ver c\u00f3mo su antiguo equipo <strong>consigui\u00f3 su segunda Champions sin \u00e9l,<\/strong> adem\u00e1s de que la qu\u00edmica que desprenden <strong>Exp\u00f3sito y Bad Bunny<\/strong> desat\u00f3 todo tipo de comentarios entre los internautas.\u00a0<\/p>\n<blockquote><p>&#13;<\/p>\n<p>\u201c<strong>Mbapp\u00e9 <\/strong>viendo como el <strong>PSG <\/strong>gana su segunda Shempions sin \u00e9l y minutos despu\u00e9s<strong> su novia Ester Exp\u00f3sito con Bad Bunny.<\/strong> Esta noche la va a recordar toda su vida\u201d, se lee en uno de los mensajes m\u00e1s virales en redes sociales.\u00a0<\/p>\n<p>&#13;\n<\/p><\/blockquote>\n<p>Tras la viralizaci\u00f3n de dicho <strong>mensaje<\/strong>, los internautas recordaron que el futbolista tambi\u00e9n estuvo presente en el estadio y adem\u00e1s reaccionaron con respuestas como: \u201cEl conejo siempre fue m\u00e1s veloz que la tortuga\u201d, \u201cmira esa mirad que le echa, tiemble Kiki\u201d, \u201cno se lo deseo ni a mi peor enemigo\u201d y \u201chermosa noche para ser novio de Ester Exp\u00f3sito despu\u00e9s de una gran final\u201d.\u00a0<\/p>\n<p>Adem\u00e1s de <strong>Ester Esp\u00f3sito<\/strong>, entre otros nombres de las y los invitados destacan <strong>Mar\u00eda L\u00e9on, Ana de Armas<\/strong> y de la presidenta de Inditex, Marta Ortega, Sin embargo, ellas estuvieron dentro de <strong>\u2018La Casita\u2019,<\/strong> aunque desde los palcos tambi\u00e9n se capt\u00f3 la presencia de otras figuras como los <strong>futbolistas Kylian Mbapp\u00e9, \u00c1lvaro Carreras e Isi Palaz\u00f3n, <\/strong>as\u00ed como otros famosos como Clara Galle, Jaime Lorente y Marti\u00f1o Rivas.&#13;<br \/>\n&#13;\n<\/p>\n<h2>PSG derrota al Arsenal; festejos dejan destrozos y caos en Francia<\/h2>\n<p>El <strong>Par\u00eds Saint-Germain conquist\u00f3 este s\u00e1bado la Liga de Campeones<\/strong> por segundo a\u00f1o consecutivo tras derrotar al Arsenal (1-1; 4-3) en los penales de la final disputada en el Puskas Arena de Budapest.&#13;<br \/>\n&#13;\n<\/p>\n<p>En un <strong>partido <\/strong>con juego poco vistoso pero emoci\u00f3n a raudales, el delantero alem\u00e1n Kai Havertz adelant\u00f3 a los Gunners s\u00f3lo seis minutos despu\u00e9s del pitido inicial y el Bal\u00f3n de Oro Ousmane Demb\u00e9l\u00e9 igual\u00f3 para el equipo de Luis Enrique al convertir un penal cometido por Cristhian Mosquera sobre Khvicha Kvaratskhelia (65&#8242;).&#13;<br \/>\n&#13;\n<\/p>\n<p>Tras no moverse el marcador en la pr\u00f3rroga, el fallo definitivo desde los once metros del brasile\u00f1o Gabriel priv\u00f3 al Arsenal de un doblete hist\u00f3rico Premier-Champions y dio la segunda Orejona de su historia al PSG.&#13;<br \/>\n&#13;\n<\/p>\n<p>Cabe destacar que durante los festejos en Par\u00eds, Francia, por dicho triunfo se ocasionaron disturbios que dejaron m\u00e1s de 400 detenidos ante el despliegue de m\u00e1s de 22 mil agentes del orden.&#13;<br \/>\n&#13;\n<\/p>\n<p>Con informaci\u00f3n de AFP.\u00a0&#13;<br \/>\n&#13;<br \/>\n&#13;\n                                <\/p>\n<\/p><\/div>\n<p><script>\n    !function(f,b,e,v,n,t,s)\n    {if(f.fbq)return;n=f.fbq=function(){n.callMethod?\n    n.callMethod.apply(n,arguments):n.queue.push(arguments)};\n    if(!f._fbq)f._fbq=n;n.push=n;n.loaded=!0;n.version='2.0';\n    n.queue=[];t=b.createElement(e);t.async=!0;\n    t.src=v;s=b.getElementsByTagName(e)[0];\n    s.parentNode.insertBefore(t,s)}(window, document,'script',\n    'https:\/\/connect.facebook.net\/en_US\/fbevents.js');\n    fbq('init', '237927003583820');\n    fbq('track', 'PageView');\n  <\/script><script>\n    !function(f,b,e,v,n,t,s)\n    {if(f.fbq)return;n=f.fbq=function(){n.callMethod?\n    n.callMethod.apply(n,arguments):n.queue.push(arguments)};\n    if(!f._fbq)f._fbq=n;n.push=n;n.loaded=!0;n.version='2.0';\n    n.queue=[];t=b.createElement(e);t.async=!0;\n    t.src=v;s=b.getElementsByTagName(e)[0];\n    s.parentNode.insertBefore(t,s)}(window, document,'script',\n    'https:\/\/connect.facebook.net\/en_US\/fbevents.js');\n    fbq('init', '775201487065840');\n    fbq('track', 'PageView');\n    <\/script><br \/>\n<br \/><\/p>\n","protected":false},"excerpt":{"rendered":"<p>Aunque M\u00e9xico ya vivi\u00f3 la emoci\u00f3n de los conciertos de Bad Bunny, en Espa\u00f1a los shows en vivo est\u00e1n dando mucho de qu\u00e9 hablar, especialmente por las figuras que asistieron como invitados a \u2018La Casita\u2019 que el reguetonero, pero hay una en particular que se rob\u00f3 todos los reflectores: Ester Exp\u00f3sito.\u00a0 Durante la gira de [&hellip;]<\/p>\n","protected":false},"author":2,"featured_media":4324,"comment_status":"","ping_status":"","sticky":false,"template":"","format":"standard","meta":{"footnotes":""},"categories":[2],"tags":[],"class_list":["post-4323","post","type-post","status-publish","format-standard","has-post-thumbnail","hentry","category-local"],"_links":{"self":[{"href":"https:\/\/conexion-mx.com\/index.php?rest_route=\/wp\/v2\/posts\/4323","targetHints":{"allow":["GET"]}}],"collection":[{"href":"https:\/\/conexion-mx.com\/index.php?rest_route=\/wp\/v2\/posts"}],"about":[{"href":"https:\/\/conexion-mx.com\/index.php?rest_route=\/wp\/v2\/types\/post"}],"author":[{"embeddable":true,"href":"https:\/\/conexion-mx.com\/index.php?rest_route=\/wp\/v2\/users\/2"}],"replies":[{"embeddable":true,"href":"https:\/\/conexion-mx.com\/index.php?rest_route=%2Fwp%2Fv2%2Fcomments&post=4323"}],"version-history":[{"count":0,"href":"https:\/\/conexion-mx.com\/index.php?rest_route=\/wp\/v2\/posts\/4323\/revisions"}],"wp:featuredmedia":[{"embeddable":true,"href":"https:\/\/conexion-mx.com\/index.php?rest_route=\/wp\/v2\/media\/4324"}],"wp:attachment":[{"href":"https:\/\/conexion-mx.com\/index.php?rest_route=%2Fwp%2Fv2%2Fmedia&parent=4323"}],"wp:term":[{"taxonomy":"category","embeddable":true,"href":"https:\/\/conexion-mx.com\/index.php?rest_route=%2Fwp%2Fv2%2Fcategories&post=4323"},{"taxonomy":"post_tag","embeddable":true,"href":"https:\/\/conexion-mx.com\/index.php?rest_route=%2Fwp%2Fv2%2Ftags&post=4323"}],"curies":[{"name":"wp","href":"https:\/\/api.w.org\/{rel}","templated":true}]}}