{"id":4333,"date":"2026-06-01T07:38:36","date_gmt":"2026-06-01T12:38:36","guid":{"rendered":"https:\/\/conexion-mx.com\/?p=4333"},"modified":"2026-06-01T07:38:36","modified_gmt":"2026-06-01T12:38:36","slug":"rafael-inclan-rompe-el-silencio-y-aclara-rumores-de-una-crisis-economica","status":"publish","type":"post","link":"https:\/\/conexion-mx.com\/?p=4333","title":{"rendered":"Rafael Incl\u00e1n rompe el silencio y aclara rumores de una crisis econ\u00f3mica"},"content":{"rendered":"<p> <br \/>\n<\/p>\n<div>\n<p>En d\u00edas recientes el actor <strong>Jos\u00e9 Luis Cordero<\/strong>, \u2018Pocholo\u2019, habl\u00f3 sobre la crisis econ\u00f3mica y la fuerte depresi\u00f3n que enfrentaba su amigo Rafael Incl\u00e1n tras el supuesto abandono de su esposa, Paola Lavat. Ante la <strong>preocupaci\u00f3n<\/strong> que esto gener\u00f3 entre los fans, Incl\u00e1n no dud\u00f3 en responder puntualizando en que atraves\u00f3 por <strong>dificultades<\/strong> pero se encuentra estable y rechaz\u00f3 la propuesta del histri\u00f3n para vivir en su casa luego de que se revelara que podr\u00eda\u00a0internarse en La Casa del Actor.\u00a0<\/p>\n<p>En febrero pasado una fuente cercana a Rafael Incl\u00e1n revel\u00f3 en entrevista para TVNotas que el actor habr\u00eda sido <strong>abandonado<\/strong>\u00a0por su esposa, Paola Lavat, en medio de problemas en su relaci\u00f3n derivados de la<strong>\u00a0crisis econ\u00f3mica<\/strong>\u00a0que enfrentaban. Todo ocurri\u00f3 tan s\u00f3lo unas semanas despu\u00e9s de la\u00a0<strong>ca\u00edda<\/strong>\u00a0que sufri\u00f3 el histri\u00f3n por la que tuvo un fuerte<strong>\u00a0golpe en la cadera\u00a0<\/strong>que afect\u00f3 su pr\u00f3tesis e\u00a0incremento\u00a0los malestares que ya ten\u00eda desde hace tiempo.<\/p>\n<aside class=\"htmlinline\"\/>\n<h2>\u00bfRafael Incl\u00e1n enfrenta crisis econ\u00f3mica?<\/h2>\n<p>Ante el alboroto que gener\u00f3 la noticia entre los fans, Rafael Incl\u00e1n explic\u00f3 que atraves\u00f3 por dificultades econ\u00f3micas de las que actualmente se encuentra estable. El actor explic\u00f3 que recibe un<strong> pago mensual<\/strong> de parte de la\u00a0televisora de San \u00c1ngel y contin\u00faa con sus proyectos en teatro, por lo que se mantiene estable econ\u00f3micamente sin revelar m\u00e1s detalles sobre su salud emocional y la separaci\u00f3n con su esposa.\u00a0<\/p>\n<aside class=\"relacionadas con-foto linea-1078\"><strong class=\"relacionadas-titulo-gral\">Noticias Relacionadas<\/strong><\/aside>\n<blockquote><p>&#13;<\/p>\n<p>\u201cYo en alg\u00fan momento declar\u00e9 que andaba apretado econ\u00f3micamente, pero no tanto como dicen. Bendito Dios Televisa me ha protegido hace varios a\u00f1os que tengo una exclusiva, pero siempre. Entonces, si me quej\u00e9, estaba mal. Todo bien hace a\u00f1os (\u2026) Ser\u00eda il\u00f3gico y mam\u00f3* quejarse, que yo no s\u00e9 administrarlo es otra cosa, no es culpa de nadie. No estoy jodido\u201d, dijo Incl\u00e1n en un encuentro con los medios retomado por Junket Entretenimiento en YouTube.\u00a0<\/p>\n<p>&#13;\n<\/p><\/blockquote>\n<h2>Rafael Incl\u00e1n responde a la propuesta de \u2018Pocholo&#8217;<\/h2>\n<p>Rafael Incl\u00e1n neg\u00f3 haber considerado internarse en <strong>La Casa del Actor <\/strong>como se hab\u00eda especulado y respondi\u00f3 contundente a la propuesta del actor\u00a0Jos\u00e9 Luis Cordero, \u2018<strong>Pocholo<\/strong>\u2019, sobre ayudarlo al brindarle un lugar en su casa. El histri\u00f3n se\u00f1al\u00f3 que no teme vivir en la instituci\u00f3n, pero neg\u00f3 haber lo considerado como una opci\u00f3n ante las dificultades que enfrentaba.\u00a0<\/p>\n<blockquote><p>&#13;<\/p>\n<p>\u201cNo se la ped\u00ed, estoy muy bien. Que bueno, se lo agradezco, pero nunca le dije que necesitaba irme con alguien, y si me voy con alguien que no sea con \u00e9l. A lo mejor cree que estoy mal, pero no lo estoy \u00ab, a\u00f1adi\u00f3.\u00a0<\/p>\n<p>&#13;\n<\/p><\/blockquote><\/div>\n<p><script>\n    !function(f,b,e,v,n,t,s)\n    {if(f.fbq)return;n=f.fbq=function(){n.callMethod?\n    n.callMethod.apply(n,arguments):n.queue.push(arguments)};\n    if(!f._fbq)f._fbq=n;n.push=n;n.loaded=!0;n.version='2.0';\n    n.queue=[];t=b.createElement(e);t.async=!0;\n    t.src=v;s=b.getElementsByTagName(e)[0];\n    s.parentNode.insertBefore(t,s)}(window, document,'script',\n    'https:\/\/connect.facebook.net\/en_US\/fbevents.js');\n    fbq('init', '237927003583820');\n    fbq('track', 'PageView');\n  <\/script><script>\n    !function(f,b,e,v,n,t,s)\n    {if(f.fbq)return;n=f.fbq=function(){n.callMethod?\n    n.callMethod.apply(n,arguments):n.queue.push(arguments)};\n    if(!f._fbq)f._fbq=n;n.push=n;n.loaded=!0;n.version='2.0';\n    n.queue=[];t=b.createElement(e);t.async=!0;\n    t.src=v;s=b.getElementsByTagName(e)[0];\n    s.parentNode.insertBefore(t,s)}(window, document,'script',\n    'https:\/\/connect.facebook.net\/en_US\/fbevents.js');\n    fbq('init', '775201487065840');\n    fbq('track', 'PageView');\n    <\/script><br \/>\n<br \/><\/p>\n","protected":false},"excerpt":{"rendered":"<p>En d\u00edas recientes el actor Jos\u00e9 Luis Cordero, \u2018Pocholo\u2019, habl\u00f3 sobre la crisis econ\u00f3mica y la fuerte depresi\u00f3n que enfrentaba su amigo Rafael Incl\u00e1n tras el supuesto abandono de su esposa, Paola Lavat. Ante la preocupaci\u00f3n que esto gener\u00f3 entre los fans, Incl\u00e1n no dud\u00f3 en responder puntualizando en que atraves\u00f3 por dificultades pero se [&hellip;]<\/p>\n","protected":false},"author":3,"featured_media":4334,"comment_status":"","ping_status":"","sticky":false,"template":"","format":"standard","meta":{"footnotes":""},"categories":[34],"tags":[],"class_list":["post-4333","post","type-post","status-publish","format-standard","has-post-thumbnail","hentry","category-sociedad"],"_links":{"self":[{"href":"https:\/\/conexion-mx.com\/index.php?rest_route=\/wp\/v2\/posts\/4333","targetHints":{"allow":["GET"]}}],"collection":[{"href":"https:\/\/conexion-mx.com\/index.php?rest_route=\/wp\/v2\/posts"}],"about":[{"href":"https:\/\/conexion-mx.com\/index.php?rest_route=\/wp\/v2\/types\/post"}],"author":[{"embeddable":true,"href":"https:\/\/conexion-mx.com\/index.php?rest_route=\/wp\/v2\/users\/3"}],"replies":[{"embeddable":true,"href":"https:\/\/conexion-mx.com\/index.php?rest_route=%2Fwp%2Fv2%2Fcomments&post=4333"}],"version-history":[{"count":0,"href":"https:\/\/conexion-mx.com\/index.php?rest_route=\/wp\/v2\/posts\/4333\/revisions"}],"wp:featuredmedia":[{"embeddable":true,"href":"https:\/\/conexion-mx.com\/index.php?rest_route=\/wp\/v2\/media\/4334"}],"wp:attachment":[{"href":"https:\/\/conexion-mx.com\/index.php?rest_route=%2Fwp%2Fv2%2Fmedia&parent=4333"}],"wp:term":[{"taxonomy":"category","embeddable":true,"href":"https:\/\/conexion-mx.com\/index.php?rest_route=%2Fwp%2Fv2%2Fcategories&post=4333"},{"taxonomy":"post_tag","embeddable":true,"href":"https:\/\/conexion-mx.com\/index.php?rest_route=%2Fwp%2Fv2%2Ftags&post=4333"}],"curies":[{"name":"wp","href":"https:\/\/api.w.org\/{rel}","templated":true}]}}