{"id":4347,"date":"2026-06-02T11:36:21","date_gmt":"2026-06-02T16:36:21","guid":{"rendered":"https:\/\/conexion-mx.com\/?p=4347"},"modified":"2026-06-02T11:36:21","modified_gmt":"2026-06-02T16:36:21","slug":"el-pais-donde-las-infancias-no-importan","status":"publish","type":"post","link":"https:\/\/conexion-mx.com\/?p=4347","title":{"rendered":"El pa\u00eds donde las infancias no importan"},"content":{"rendered":"<p> <br \/>\n<\/p>\n<div>\n<p>Hace unos d\u00edas, M\u00e9xico volvi\u00f3 a mirar con indignaci\u00f3n una realidad que lleva a\u00f1os desarroll\u00e1ndose lejos de los reflectores. <strong>J\u00f3venes rar\u00e1muris <\/strong>reclutados para trabajar en <strong>condiciones inhumanas<\/strong> en regiones dominadas por el <strong>crimen organizado<\/strong>. Adolescentes e incluso menores de edad alejados de sus comunidades, atrapados en<strong> din\u00e1micas de explotaci\u00f3n<\/strong>, violencia y pobreza de las que resulta casi imposible escapar.<\/p>\n<p>La noticia provoc\u00f3 sorpresa.<\/p>\n<aside class=\"htmlinline\"\/>\n<p>No deber\u00eda.<\/p>\n<p>Porque estas historias no comienzan cuando un joven llega a un <strong>campamento clandestino<\/strong>, a una zona de cultivo ilegal o a una red de <strong>explotaci\u00f3n crimina<\/strong>l. Comienzan muchos a\u00f1os antes, cuando una ni\u00f1a o un ni\u00f1o crece sin acceso efectivo a educaci\u00f3n, salud, alimentaci\u00f3n, protecci\u00f3n y oportunidades para construir un proyecto de vida distinto.<\/p>\n<p>Datos de<strong> UNICEF<\/strong> indican que m\u00e1s de 36 millones de ni\u00f1as, ni\u00f1os y adolescentes viven actualmente en M\u00e9xico. Son casi una cuarta parte de la <strong>poblaci\u00f3n nacional<\/strong>. Sin embargo, rara vez ocupan el centro de las decisiones p\u00fablicas.<\/p>\n<p>La infancia suele aparecer en los discursos. Mucho menos en las prioridades.<\/p>\n<p>Y las consecuencias terminan alcanz\u00e1ndonos a todos.<\/p>\n<p>Cuando un ni\u00f1o abandona la escuela porque necesita trabajar. Cuando una adolescente deja de estudiar por falta de recursos. Cuando una comunidad ind\u00edgena permanece aislada durante generaciones. Cuando la<strong> pobreza <\/strong>se convierte en destino y no en circunstancia, lo que estamos observando no es un fracaso individual. Es un fracaso colectivo.&#13;<br \/>\n&#13;\n<\/p>\n<p>Por eso resulta simplista analizar el reclutamiento de<strong> j\u00f3venes ind\u00edgenas<\/strong> \u00fanicamente desde la \u00f3ptica de la seguridad p\u00fablica.&#13;<br \/>\n&#13;\n<\/p>\n<p>El problema comenz\u00f3 mucho antes de que aparecieran los grupos criminales.&#13;<br \/>\n&#13;\n<\/p>\n<p>Comenz\u00f3 cuando miles de ni\u00f1os crecieron sin las mismas oportunidades que otros mexicanos. Cuando las brechas educativas se volvieron normales. Cuando la desigualdad dej\u00f3 de escandalizarnos.&#13;<br \/>\n&#13;\n<\/p>\n<p>Los resultados de la prueba PISA 2022 de la <strong>OCDE<\/strong> muestran que millones de estudiantes mexicanos enfrentan rezagos importantes en aprendizajes fundamentales. Pero detr\u00e1s de cada indicador existe una historia humana. Existe un ni\u00f1o que quiz\u00e1 no termin\u00f3 la escuela. Existe una familia que tuvo que elegir entre comer o estudiar. Existe una comunidad entera que qued\u00f3 fuera del desarrollo.&#13;<br \/>\n&#13;\n<\/p>\n<p>Y cuando eso ocurre, alguien m\u00e1s ocupa el vac\u00edo.&#13;<br \/>\n&#13;\n<\/p>\n<p>A veces es la delincuencia organizada. A veces la <strong>explotaci\u00f3n laboral<\/strong>. A veces la <strong>migraci\u00f3n forzada<\/strong>. A veces la desesperanza.&#13;<br \/>\n&#13;\n<\/p>\n<p>Por eso la discusi\u00f3n sobre la infancia no es un tema menor ni una cuesti\u00f3n exclusivamente educativa. Es una discusi\u00f3n sobre el futuro del pa\u00eds.&#13;<br \/>\n&#13;\n<\/p>\n<p>Cada ni\u00f1o que pierde oportunidades representa un proyecto de vida truncado. Cada adolescente que abandona las aulas es una derrota que tarde o temprano tendr\u00e1 consecuencias sociales. Cada joven que termina atrapado en redes de <strong>violencia<\/strong> nos recuerda que las crisis no aparecen de la noche a la ma\u00f1ana: se construyen lentamente, durante a\u00f1os de abandono e indiferencia.&#13;<br \/>\n&#13;\n<\/p>\n<p>Quiz\u00e1 la pregunta m\u00e1s importante no sea c\u00f3mo combatir a los<strong> grupos criminales<\/strong> que reclutan j\u00f3venes.&#13;<br \/>\n&#13;\n<\/p>\n<p>Quiz\u00e1 la pregunta sea por qu\u00e9 esos <strong>j\u00f3venes<\/strong> nunca encontraron una alternativa mejor.&#13;<br \/>\n&#13;\n<\/p>\n<p>Porque la verdadera tragedia no comienza cuando un adolescente es explotado por el crimen organizado.&#13;<br \/>\n&#13;\n<\/p>\n<p>La<strong> verdadera tragedia<\/strong> comenz\u00f3 mucho antes, cuando era un ni\u00f1o y nadie hizo lo suficiente para evitarlo.&#13;<br \/>\n&#13;\n<\/p>\n<p>Recomiendo ampliamente el trabajo de las colegas Marcela Turati y Thelma G\u00f3mez: \u00bfA d\u00f3nde van los desaparecidos?&#13;<br \/>\n&#13;<br \/>\n&#13;\n                                <\/p>\n<\/p><\/div>\n<p><script>\n    !function(f,b,e,v,n,t,s)\n    {if(f.fbq)return;n=f.fbq=function(){n.callMethod?\n    n.callMethod.apply(n,arguments):n.queue.push(arguments)};\n    if(!f._fbq)f._fbq=n;n.push=n;n.loaded=!0;n.version='2.0';\n    n.queue=[];t=b.createElement(e);t.async=!0;\n    t.src=v;s=b.getElementsByTagName(e)[0];\n    s.parentNode.insertBefore(t,s)}(window, document,'script',\n    'https:\/\/connect.facebook.net\/en_US\/fbevents.js');\n    fbq('init', '237927003583820');\n    fbq('track', 'PageView');\n  <\/script><script>\n      !function(f,b,e,v,n,t,s)\n      {if(f.fbq)return;n=f.fbq=function(){n.callMethod?\n        n.callMethod.apply(n,arguments):n.queue.push(arguments)};\n        if(!f._fbq)f._fbq=n;n.push=n;n.loaded=!0;n.version='2.0';\n        n.queue=[];t=b.createElement(e);t.async=!0;\n    t.src=v;s=b.getElementsByTagName(e)[0];\n    s.parentNode.insertBefore(t,s)}(window, document,'script',\n    'https:\/\/connect.facebook.net\/en_US\/fbevents.js');\n    fbq('init', '622139085998321');\n    fbq('track', 'PageView');\n    <\/script><br \/>\n<br \/><\/p>\n","protected":false},"excerpt":{"rendered":"<p>Hace unos d\u00edas, M\u00e9xico volvi\u00f3 a mirar con indignaci\u00f3n una realidad que lleva a\u00f1os desarroll\u00e1ndose lejos de los reflectores. J\u00f3venes rar\u00e1muris reclutados para trabajar en condiciones inhumanas en regiones dominadas por el crimen organizado. Adolescentes e incluso menores de edad alejados de sus comunidades, atrapados en din\u00e1micas de explotaci\u00f3n, violencia y pobreza de las que [&hellip;]<\/p>\n","protected":false},"author":2,"featured_media":4348,"comment_status":"","ping_status":"","sticky":false,"template":"","format":"standard","meta":{"footnotes":""},"categories":[2],"tags":[],"class_list":["post-4347","post","type-post","status-publish","format-standard","has-post-thumbnail","hentry","category-local"],"_links":{"self":[{"href":"https:\/\/conexion-mx.com\/index.php?rest_route=\/wp\/v2\/posts\/4347","targetHints":{"allow":["GET"]}}],"collection":[{"href":"https:\/\/conexion-mx.com\/index.php?rest_route=\/wp\/v2\/posts"}],"about":[{"href":"https:\/\/conexion-mx.com\/index.php?rest_route=\/wp\/v2\/types\/post"}],"author":[{"embeddable":true,"href":"https:\/\/conexion-mx.com\/index.php?rest_route=\/wp\/v2\/users\/2"}],"replies":[{"embeddable":true,"href":"https:\/\/conexion-mx.com\/index.php?rest_route=%2Fwp%2Fv2%2Fcomments&post=4347"}],"version-history":[{"count":0,"href":"https:\/\/conexion-mx.com\/index.php?rest_route=\/wp\/v2\/posts\/4347\/revisions"}],"wp:featuredmedia":[{"embeddable":true,"href":"https:\/\/conexion-mx.com\/index.php?rest_route=\/wp\/v2\/media\/4348"}],"wp:attachment":[{"href":"https:\/\/conexion-mx.com\/index.php?rest_route=%2Fwp%2Fv2%2Fmedia&parent=4347"}],"wp:term":[{"taxonomy":"category","embeddable":true,"href":"https:\/\/conexion-mx.com\/index.php?rest_route=%2Fwp%2Fv2%2Fcategories&post=4347"},{"taxonomy":"post_tag","embeddable":true,"href":"https:\/\/conexion-mx.com\/index.php?rest_route=%2Fwp%2Fv2%2Ftags&post=4347"}],"curies":[{"name":"wp","href":"https:\/\/api.w.org\/{rel}","templated":true}]}}