{"id":4349,"date":"2026-06-02T16:02:16","date_gmt":"2026-06-02T21:02:16","guid":{"rendered":"https:\/\/conexion-mx.com\/?p=4349"},"modified":"2026-06-02T16:02:16","modified_gmt":"2026-06-02T21:02:16","slug":"yosstop-desata-polemica-tras-reaccionar-a-la-muerte-de-paola-marquez-la-ayuda-no-la-iba-a-encontrar-con-un-nutriologo","status":"publish","type":"post","link":"https:\/\/conexion-mx.com\/?p=4349","title":{"rendered":"YosStop desata pol\u00e9mica tras reaccionar a la muerte de Paola M\u00e1rquez: \u201cLa ayuda no la iba a encontrar con un nutri\u00f3logo\u201d"},"content":{"rendered":"<p> <br \/>\n<\/p>\n<div>\n<p>La <strong>muerte<\/strong> de la generadora de contenido <strong>Paola<\/strong> <strong>M\u00e1rquez<\/strong>, de 30 a\u00f1os de edad, ha generado diversas reacciones en redes sociales; por ejemplo, la youtuber Yoseline Hoffman Badui -quien es mejor conocida como <strong>\u201cYosStop\u201d<\/strong>&#8211; public\u00f3 un <strong>video<\/strong> mediante el que habl\u00f3 del caso, lo que deriv\u00f3 en una pol\u00e9mica, ya que hay quienes la critican y le preguntan <strong>\u201cqu\u00e9 har\u00edas sin hablar de la gente\u201d<\/strong>.<\/p>\n<p>\u201cEsta influencer decidi\u00f3 ya no estar en este plano y hab\u00edan muchas se\u00f1ales y <strong>focos rojos<\/strong>\u201d, escribi\u00f3 la generadora de contenido en el pie de la publicaci\u00f3n que hizo hace dos d\u00edas en su cuenta en <strong>TikTok<\/strong>. Mediante el video, inicialmente dijo lo siguiente debido a que se especula que la chica <strong>se habr\u00eda quitado la vida<\/strong>:\u00a0<\/p>\n<aside class=\"htmlinline\"\/>\n<blockquote><p>&#13;<\/p>\n<p>\u201cEmpec\u00e9 a buscar m\u00e1s de ella, dije \u2018a ver qui\u00e9n es, de qu\u00e9 hablaba\u2019. La verdad vi s\u00f3lo pedazos, nunca la hab\u00eda visto antes, y en esos pedazos creo que s\u00ed es evidente que hab\u00eda temas de depresi\u00f3n, ansiedad, salud mental, autoestima\u201d.<\/p>\n<p>&#13;\n<\/p><\/blockquote>\n<h2>Qu\u00e9 dijo\u00a0\u201cYosStop\u201d de la muerte de Paola M\u00e1rquez<\/h2>\n<p>Adem\u00e1s,<strong> \u201cYosStop\u201d<\/strong> tambi\u00e9n enfatiz\u00f3 que la muerte de <strong>Paola<\/strong> <strong>M\u00e1rquez<\/strong> expone que \u201calguien ya no quiso estar en \u00e9sta vida\u201d y cuestion\u00f3 \u2018por qu\u00e9, qu\u00e9 estaba pasando\u2019. Independientemente si la conoc\u00edas o no la conoc\u00edas, creo que la gente es tan absurda cuando en algo as\u00ed se enfocan en algo tan baboso\u201d.<\/p>\n<p>\u201cYosStop\u201d expuso que Paola M\u00e1rquez dio a conocer previo a su <strong>muerte<\/strong> que <strong>s\u00ed busc\u00f3 ayuda<\/strong>; sin embargo, la influencer dijo que la originaria de Huehuetl\u00e1n, <strong>San Luis Potos\u00ed<\/strong>, recurri\u00f3 con un <strong>nutri\u00f3logo<\/strong> porque cuando viv\u00eda <strong>ansiedad<\/strong> y <strong>depresi\u00f3n<\/strong> \u201cempezaba a subir de peso\u201d.<\/p>\n<blockquote><p>&#13;<\/p>\n<p>\u201cEn una parte dice \u2018bueno pero ya busqu\u00e9 ayuda\u2019 y yo as\u00ed como de \u2018bueno, o sea, s\u00ed busc\u00f3 ayuda\u2019. Y luego dice que ten\u00eda cita con un nutri\u00f3logo y yo me qued\u00e9 as\u00ed como de \u2018esa es la ayuda que busc\u00f3\u2019. Creo que ese es el grave error. No quiero minimizar lo que te pueden hacer sentir estos cambios corporales, el mismo estigma social, todo eso es una carga pesada (&#8230;), pero que individualmente puede ser m\u00e1s grande o m\u00e1s chica y en este caso para ella era algo muy grande\u201d.<\/p>\n<p>&#13;\n<\/p><\/blockquote>\n<h2>En redes reaccionan la postura de\u00a0\u201cYosStop\u201d por la muerte de Paola M\u00e1rquez<\/h2>\n<p>Ante esto, usuarios le dejaron diversos comentarios \u201cYosStop\u201d, como las siguientes cr\u00edticas:\u00a0<\/p>\n<ul>&#13;<\/p>\n<li>\u201cNo era cualquier contenido, la sigo desde hace a\u00f1os\u201d<\/li>\n<p>&#13;<\/p>\n<li>\u201cQu\u00e9 har\u00edas sin hablar de la gente\u201d<\/li>\n<p>&#13;<\/p>\n<li>\u201cAhora somos especialistas\u201d<\/li>\n<p>&#13;<\/p>\n<li>\u201cS\u00f3lo Dios sabe c\u00f3mo se sienten la depresi\u00f3n y la ansiedad, \u00a1es horrible!\u201d<\/li>\n<p>&#13;<\/p>\n<li>\u201cQu\u00e9 necesidad de decir \u2018yo no la conoc\u00eda\u2019\u201d<\/li>\n<p>&#13;\n<\/ul>\n<\/p><\/div>\n<p><script>\n    !function(f,b,e,v,n,t,s)\n    {if(f.fbq)return;n=f.fbq=function(){n.callMethod?\n    n.callMethod.apply(n,arguments):n.queue.push(arguments)};\n    if(!f._fbq)f._fbq=n;n.push=n;n.loaded=!0;n.version='2.0';\n    n.queue=[];t=b.createElement(e);t.async=!0;\n    t.src=v;s=b.getElementsByTagName(e)[0];\n    s.parentNode.insertBefore(t,s)}(window, document,'script',\n    'https:\/\/connect.facebook.net\/en_US\/fbevents.js');\n    fbq('init', '237927003583820');\n    fbq('track', 'PageView');\n  <\/script><script>\n    !function(f,b,e,v,n,t,s)\n    {if(f.fbq)return;n=f.fbq=function(){n.callMethod?\n    n.callMethod.apply(n,arguments):n.queue.push(arguments)};\n    if(!f._fbq)f._fbq=n;n.push=n;n.loaded=!0;n.version='2.0';\n    n.queue=[];t=b.createElement(e);t.async=!0;\n    t.src=v;s=b.getElementsByTagName(e)[0];\n    s.parentNode.insertBefore(t,s)}(window, document,'script',\n    'https:\/\/connect.facebook.net\/en_US\/fbevents.js');\n    fbq('init', '775201487065840');\n    fbq('track', 'PageView');\n    <\/script><br \/>\n<br \/><\/p>\n","protected":false},"excerpt":{"rendered":"<p>La muerte de la generadora de contenido Paola M\u00e1rquez, de 30 a\u00f1os de edad, ha generado diversas reacciones en redes sociales; por ejemplo, la youtuber Yoseline Hoffman Badui -quien es mejor conocida como \u201cYosStop\u201d&#8211; public\u00f3 un video mediante el que habl\u00f3 del caso, lo que deriv\u00f3 en una pol\u00e9mica, ya que hay quienes la critican [&hellip;]<\/p>\n","protected":false},"author":3,"featured_media":4350,"comment_status":"","ping_status":"","sticky":false,"template":"","format":"standard","meta":{"footnotes":""},"categories":[35],"tags":[],"class_list":["post-4349","post","type-post","status-publish","format-standard","has-post-thumbnail","hentry","category-espectaculos"],"_links":{"self":[{"href":"https:\/\/conexion-mx.com\/index.php?rest_route=\/wp\/v2\/posts\/4349","targetHints":{"allow":["GET"]}}],"collection":[{"href":"https:\/\/conexion-mx.com\/index.php?rest_route=\/wp\/v2\/posts"}],"about":[{"href":"https:\/\/conexion-mx.com\/index.php?rest_route=\/wp\/v2\/types\/post"}],"author":[{"embeddable":true,"href":"https:\/\/conexion-mx.com\/index.php?rest_route=\/wp\/v2\/users\/3"}],"replies":[{"embeddable":true,"href":"https:\/\/conexion-mx.com\/index.php?rest_route=%2Fwp%2Fv2%2Fcomments&post=4349"}],"version-history":[{"count":0,"href":"https:\/\/conexion-mx.com\/index.php?rest_route=\/wp\/v2\/posts\/4349\/revisions"}],"wp:featuredmedia":[{"embeddable":true,"href":"https:\/\/conexion-mx.com\/index.php?rest_route=\/wp\/v2\/media\/4350"}],"wp:attachment":[{"href":"https:\/\/conexion-mx.com\/index.php?rest_route=%2Fwp%2Fv2%2Fmedia&parent=4349"}],"wp:term":[{"taxonomy":"category","embeddable":true,"href":"https:\/\/conexion-mx.com\/index.php?rest_route=%2Fwp%2Fv2%2Fcategories&post=4349"},{"taxonomy":"post_tag","embeddable":true,"href":"https:\/\/conexion-mx.com\/index.php?rest_route=%2Fwp%2Fv2%2Ftags&post=4349"}],"curies":[{"name":"wp","href":"https:\/\/api.w.org\/{rel}","templated":true}]}}