{"id":4351,"date":"2026-06-02T19:42:03","date_gmt":"2026-06-03T00:42:03","guid":{"rendered":"https:\/\/conexion-mx.com\/?p=4351"},"modified":"2026-06-02T19:42:03","modified_gmt":"2026-06-03T00:42:03","slug":"por-que-bautizaron-el-avion-de-la-seleccion-nacional-de-brasil-antes-de-iniciar-la-copa-del-mundo-2026-video","status":"publish","type":"post","link":"https:\/\/conexion-mx.com\/?p=4351","title":{"rendered":"\u00bfPor qu\u00e9 \u2018bautizaron\u2019 el avi\u00f3n de la selecci\u00f3n nacional de Brasil antes de iniciar la Copa del Mundo 2026? | VIDEO"},"content":{"rendered":"<p> <br \/>\n<\/p>\n<div itemprop=\"articleBody\">\n<div class=\"txt_contenido\">\n<p>El pasado 1 de junio se hizo viral c\u00f3mo, tras la presentaci\u00f3n del avi\u00f3n que llev\u00f3 a la selecci\u00f3n nacional de Brasil, se viraliz\u00f3 un video que muestra c\u00f3mo el veh\u00edculo a\u00e9reo fue rociado con agua en medio de la pista de aterrizaje antes de que este llevara a la Canarinha a su destino.<\/p>\n<p>El hecho se volvi\u00f3 viral en redes sociales, ya que el metraje muestra c\u00f3mo el avi\u00f3n de Brasil es \u201cbautizado\u201d en medio de la pista de aterrizaje, lo que gener\u00f3 confusi\u00f3n en redes sociales, pues el hecho no se ve mucho con otros aviones como en este caso, por lo que consigui\u00f3 miles de visualizaciones.<\/p>\n<aside class=\"htmlinline\"\/>\n<p>\u00a0<\/p>\n<aside class=\"relacionadas con-foto linea-1078\"><strong class=\"relacionadas-titulo-gral\">Noticias Relacionadas<\/strong><\/aside>\n<\/p><\/div>\n<\/p><\/div>\n<p><script>\n    !function(f,b,e,v,n,t,s)\n    {if(f.fbq)return;n=f.fbq=function(){n.callMethod?\n    n.callMethod.apply(n,arguments):n.queue.push(arguments)};\n    if(!f._fbq)f._fbq=n;n.push=n;n.loaded=!0;n.version='2.0';\n    n.queue=[];t=b.createElement(e);t.async=!0;\n    t.src=v;s=b.getElementsByTagName(e)[0];\n    s.parentNode.insertBefore(t,s)}(window, document,'script',\n    'https:\/\/connect.facebook.net\/en_US\/fbevents.js');\n    fbq('init', '237927003583820');\n    fbq('track', 'PageView');\n  <\/script><br \/>\n<br \/><\/p>\n","protected":false},"excerpt":{"rendered":"<p>El pasado 1 de junio se hizo viral c\u00f3mo, tras la presentaci\u00f3n del avi\u00f3n que llev\u00f3 a la selecci\u00f3n nacional de Brasil, se viraliz\u00f3 un video que muestra c\u00f3mo el veh\u00edculo a\u00e9reo fue rociado con agua en medio de la pista de aterrizaje antes de que este llevara a la Canarinha a su destino. El [&hellip;]<\/p>\n","protected":false},"author":2,"featured_media":4352,"comment_status":"","ping_status":"","sticky":false,"template":"","format":"standard","meta":{"footnotes":""},"categories":[2],"tags":[],"class_list":["post-4351","post","type-post","status-publish","format-standard","has-post-thumbnail","hentry","category-local"],"_links":{"self":[{"href":"https:\/\/conexion-mx.com\/index.php?rest_route=\/wp\/v2\/posts\/4351","targetHints":{"allow":["GET"]}}],"collection":[{"href":"https:\/\/conexion-mx.com\/index.php?rest_route=\/wp\/v2\/posts"}],"about":[{"href":"https:\/\/conexion-mx.com\/index.php?rest_route=\/wp\/v2\/types\/post"}],"author":[{"embeddable":true,"href":"https:\/\/conexion-mx.com\/index.php?rest_route=\/wp\/v2\/users\/2"}],"replies":[{"embeddable":true,"href":"https:\/\/conexion-mx.com\/index.php?rest_route=%2Fwp%2Fv2%2Fcomments&post=4351"}],"version-history":[{"count":0,"href":"https:\/\/conexion-mx.com\/index.php?rest_route=\/wp\/v2\/posts\/4351\/revisions"}],"wp:featuredmedia":[{"embeddable":true,"href":"https:\/\/conexion-mx.com\/index.php?rest_route=\/wp\/v2\/media\/4352"}],"wp:attachment":[{"href":"https:\/\/conexion-mx.com\/index.php?rest_route=%2Fwp%2Fv2%2Fmedia&parent=4351"}],"wp:term":[{"taxonomy":"category","embeddable":true,"href":"https:\/\/conexion-mx.com\/index.php?rest_route=%2Fwp%2Fv2%2Fcategories&post=4351"},{"taxonomy":"post_tag","embeddable":true,"href":"https:\/\/conexion-mx.com\/index.php?rest_route=%2Fwp%2Fv2%2Ftags&post=4351"}],"curies":[{"name":"wp","href":"https:\/\/api.w.org\/{rel}","templated":true}]}}