{"id":4367,"date":"2026-06-04T05:19:58","date_gmt":"2026-06-04T10:19:58","guid":{"rendered":"https:\/\/conexion-mx.com\/?p=4367"},"modified":"2026-06-04T05:19:58","modified_gmt":"2026-06-04T10:19:58","slug":"joven-es-asesinado-a-balazos-tras-acudir-a-la-casa-de-su-expareja-con-un-machete-video","status":"publish","type":"post","link":"https:\/\/conexion-mx.com\/?p=4367","title":{"rendered":"Joven es asesinado a balazos tras acudir a la casa de su expareja con un machete | VIDEO"},"content":{"rendered":"<p> <br \/>\n<\/p>\n<div itemprop=\"articleBody\">\n<div class=\"txt_contenido\">\n<p>Por medio de c\u00e1maras de seguridad se capt\u00f3 durante la tarde del pasado 27 de mayo el\u00a0<strong>asesinato<\/strong> de un joven a balazos, quien lleg\u00f3 al domicilio de su pareja situada en el estado de Goi\u00e2nia, en Brasil, para <strong>exigir que retomaran su relaci\u00f3n<\/strong>, luego de 3 <strong>meses de acoso<\/strong> a trav\u00e9s de <strong>redes sociales<\/strong>.<\/p>\n<p>El equipo de vigilancia captur\u00f3 el instante en que el <strong>agresor<\/strong> lleg\u00f3 a bordo de una motocicleta, se retir\u00f3 su casco y desenfund\u00f3 un machete de al menos un metro de largo para amenazar a los habitantes del inmueble, as\u00ed como a una mujer que se encontraba en la entrada de la casa, quien huy\u00f3 un segundo despu\u00e9s de ver el arma blanca.<\/p>\n<aside class=\"htmlinline\"\/>\n<h2>Asesinan a sujeto a balazos por amenazar a su expareja\u00a0<\/h2>\n<p>El sujeto se aproxim\u00f3 a la entrada y <strong>comenz\u00f3 a vociferar contra los inquilinos<\/strong>, quienes <strong>ingresaron de inmediato<\/strong>. Uno de ellos, presuntamente el novio de su empareja, desenfund\u00f3 un arma de fuego y abati\u00f3 al joven, quien se desplom\u00f3 junto a la jardinera.<\/p>\n<p>De acuerdo con las primeras versiones, el joven acudi\u00f3 al inmueble para vengarse de su expareja, quien le neg\u00f3 que volvieran a su relaci\u00f3n. Sin embargo, dentro de la casa se encontraba su actual pareja, quien se encontraba armado y no dud\u00f3 en defender a los presentes ante el agresor. Hasta el momento, se desconoce si el <strong>pistolero<\/strong> enfrentar\u00e1 cargos luego de defender a su pareja con un arma de fuego, as\u00ed como por el <strong>asesinato<\/strong> del joven.<\/p>\n<h2>Esto dice la ley brasile\u00f1a sobre defenderse con un arma de fuego\u00a0<\/h2>\n<p>De acuerdo con el art\u00edculo 25 de la <strong>Leg\u00edtima Defensa<\/strong> en la <strong>ley brasile\u00f1a<\/strong>, quienes utilicen moderadamente los medios necesarios para repeler una agresi\u00f3n injusta, actual o inminente a s\u00ed mismo y a terceros debe cumplir con tres criterios fundamentales.<\/p>\n<p>El ataque debe ocurrir en el preciso momento, m\u00e1s no como venganza o prevenci\u00f3n. Se debe utilizar el <strong>m\u00ednimo de fuerza<\/strong> necesaria para detener la amenaza y el uso del arma no debe ser consecuencia de una pelea que uno mismo inici\u00f3. Adem\u00e1s, el <strong>acusado<\/strong> tendr\u00eda que aclarara si tiene una posesi\u00f3n en su domicilio o negocio de un arma registrada, o bien, si la portaba en la calle, lo que se considera ilegal para los civiles que oculten armas de fuego afuera de su residencia.<\/p>\n<\/p><\/div>\n<\/p><\/div>\n<p><script>\n    !function(f,b,e,v,n,t,s)\n    {if(f.fbq)return;n=f.fbq=function(){n.callMethod?\n    n.callMethod.apply(n,arguments):n.queue.push(arguments)};\n    if(!f._fbq)f._fbq=n;n.push=n;n.loaded=!0;n.version='2.0';\n    n.queue=[];t=b.createElement(e);t.async=!0;\n    t.src=v;s=b.getElementsByTagName(e)[0];\n    s.parentNode.insertBefore(t,s)}(window, document,'script',\n    'https:\/\/connect.facebook.net\/en_US\/fbevents.js');\n    fbq('init', '237927003583820');\n    fbq('track', 'PageView');\n  <\/script><br \/>\n<br \/><\/p>\n","protected":false},"excerpt":{"rendered":"<p>Por medio de c\u00e1maras de seguridad se capt\u00f3 durante la tarde del pasado 27 de mayo el\u00a0asesinato de un joven a balazos, quien lleg\u00f3 al domicilio de su pareja situada en el estado de Goi\u00e2nia, en Brasil, para exigir que retomaran su relaci\u00f3n, luego de 3 meses de acoso a trav\u00e9s de redes sociales. El [&hellip;]<\/p>\n","protected":false},"author":2,"featured_media":4368,"comment_status":"","ping_status":"","sticky":false,"template":"","format":"standard","meta":{"footnotes":""},"categories":[2],"tags":[],"class_list":["post-4367","post","type-post","status-publish","format-standard","has-post-thumbnail","hentry","category-local"],"_links":{"self":[{"href":"https:\/\/conexion-mx.com\/index.php?rest_route=\/wp\/v2\/posts\/4367","targetHints":{"allow":["GET"]}}],"collection":[{"href":"https:\/\/conexion-mx.com\/index.php?rest_route=\/wp\/v2\/posts"}],"about":[{"href":"https:\/\/conexion-mx.com\/index.php?rest_route=\/wp\/v2\/types\/post"}],"author":[{"embeddable":true,"href":"https:\/\/conexion-mx.com\/index.php?rest_route=\/wp\/v2\/users\/2"}],"replies":[{"embeddable":true,"href":"https:\/\/conexion-mx.com\/index.php?rest_route=%2Fwp%2Fv2%2Fcomments&post=4367"}],"version-history":[{"count":0,"href":"https:\/\/conexion-mx.com\/index.php?rest_route=\/wp\/v2\/posts\/4367\/revisions"}],"wp:featuredmedia":[{"embeddable":true,"href":"https:\/\/conexion-mx.com\/index.php?rest_route=\/wp\/v2\/media\/4368"}],"wp:attachment":[{"href":"https:\/\/conexion-mx.com\/index.php?rest_route=%2Fwp%2Fv2%2Fmedia&parent=4367"}],"wp:term":[{"taxonomy":"category","embeddable":true,"href":"https:\/\/conexion-mx.com\/index.php?rest_route=%2Fwp%2Fv2%2Fcategories&post=4367"},{"taxonomy":"post_tag","embeddable":true,"href":"https:\/\/conexion-mx.com\/index.php?rest_route=%2Fwp%2Fv2%2Ftags&post=4367"}],"curies":[{"name":"wp","href":"https:\/\/api.w.org\/{rel}","templated":true}]}}