{"id":4371,"date":"2026-06-04T13:21:51","date_gmt":"2026-06-04T18:21:51","guid":{"rendered":"https:\/\/conexion-mx.com\/?p=4371"},"modified":"2026-06-04T13:21:51","modified_gmt":"2026-06-04T18:21:51","slug":"cnte-intensifica-acciones-y-bloquea-las-cuatro-entradas-a-tuxtla-gutierrez-chiapas-la-ciudad-capital","status":"publish","type":"post","link":"https:\/\/conexion-mx.com\/?p=4371","title":{"rendered":"CNTE intensifica acciones y bloquea las cuatro entradas a Tuxtla Guti\u00e9rrez, Chiapas; la ciudad capital"},"content":{"rendered":"<p> <br \/>\n<\/p>\n<div itemprop=\"articleBody\">\n<div class=\"txt_contenido\">\n<p>Maestros de la <strong>Coordinadora Nacional de Trabajadores de la Educaci\u00f3n<\/strong> bloquearon este jueves las salidas de Tuxtla Guti\u00e9rrez, Chiapas; desde las 8:00 horas como parte de las acciones del paro nacional indefinido que mantienen en demanda de la abrogaci\u00f3n de la Ley del ISSSTE de 2007 y la <strong>reforma educativa<\/strong>.<\/p>\n<p>Los <strong>l\u00edderes<\/strong> advirtieron que de no haber una respuesta favorable por parte del <strong>Gobierno Federal<\/strong> a sus <strong>demandas<\/strong>, el cierre del ciclo escolar podr\u00eda verse afectado. El magisterio chiapaneco se mantiene organizado y respaldado por padres de familia para sostener la jornada de protesta en las escuelas de la entidad inform\u00f3 H\u00e9ctor Guti\u00e9rrez Mart\u00ednez, integrante de la Direcci\u00f3n Pol\u00edtica de la secci\u00f3n 7.<\/p>\n<aside class=\"htmlinline\"\/>\n<blockquote><p>&#13;<\/p>\n<p>\u201cFuimos muy claros en el sentido de que nosotros hemos generado toda la forma organizativa para poder cerrar el ciclo, sin embargo, lo que nosotros estamos esperando es que hay una mesa que pueda permitir la soluci\u00f3n inmediata a esas demandas y en todo caso de que si no hay ninguna respuesta no ser\u00e1 responsabilidad del magisterio\u201d.<\/p>\n<p>&#13;\n<\/p><\/blockquote>\n<figure class=\"image\"><img loading=\"lazy\" decoding=\"async\" alt=\"\" height=\"435\" src=\"https:\/\/heraldodemexico.com.mx\/u\/fotografias\/m\/2026\/6\/1\/f768x1-1290685_1290812_5050.jpg\" width=\"768\"\/>&#13;<figcaption>FOTO: Cuartoscuro<\/figcaption>&#13;<br \/>\n<\/figure>\n<p>Los <strong>docentes<\/strong> afirmaron que han construido las condiciones para concluir el <strong>ciclo escolar<\/strong>; sin embargo, insistieron en que la continuidad de las clases depender\u00e1 de los acuerdos que puedan alcanzarse en las mesas de negociaci\u00f3n con las autoridades federales.<\/p>\n<p>Advirtieron que, si no hay <strong>soluciones concretas<\/strong>, la responsabilidad de una eventual afectaci\u00f3n al <strong>calendario escolar<\/strong> recaer\u00e1 en el gobierno y no en el <strong>movimiento magisterial<\/strong>.<\/p>\n<p>EDG<\/p>\n<\/p><\/div>\n<\/p><\/div>\n<p><script>\n    !function(f,b,e,v,n,t,s)\n    {if(f.fbq)return;n=f.fbq=function(){n.callMethod?\n    n.callMethod.apply(n,arguments):n.queue.push(arguments)};\n    if(!f._fbq)f._fbq=n;n.push=n;n.loaded=!0;n.version='2.0';\n    n.queue=[];t=b.createElement(e);t.async=!0;\n    t.src=v;s=b.getElementsByTagName(e)[0];\n    s.parentNode.insertBefore(t,s)}(window, document,'script',\n    'https:\/\/connect.facebook.net\/en_US\/fbevents.js');\n    fbq('init', '237927003583820');\n    fbq('track', 'PageView');\n  <\/script><script>\n    !function(f,b,e,v,n,t,s)\n    {if(f.fbq)return;n=f.fbq=function(){n.callMethod?\n    n.callMethod.apply(n,arguments):n.queue.push(arguments)};\n    if(!f._fbq)f._fbq=n;n.push=n;n.loaded=!0;n.version='2.0';\n    n.queue=[];t=b.createElement(e);t.async=!0;\n    t.src=v;s=b.getElementsByTagName(e)[0];\n    s.parentNode.insertBefore(t,s)}(window, document,'script',\n    'https:\/\/connect.facebook.net\/en_US\/fbevents.js');\n    fbq('init', '802372280934901');\n    fbq('track', 'PageView');\n    <\/script><br \/>\n<br \/><\/p>\n","protected":false},"excerpt":{"rendered":"<p>Maestros de la Coordinadora Nacional de Trabajadores de la Educaci\u00f3n bloquearon este jueves las salidas de Tuxtla Guti\u00e9rrez, Chiapas; desde las 8:00 horas como parte de las acciones del paro nacional indefinido que mantienen en demanda de la abrogaci\u00f3n de la Ley del ISSSTE de 2007 y la reforma educativa. Los l\u00edderes advirtieron que de [&hellip;]<\/p>\n","protected":false},"author":2,"featured_media":4372,"comment_status":"","ping_status":"","sticky":false,"template":"","format":"standard","meta":{"footnotes":""},"categories":[2],"tags":[],"class_list":["post-4371","post","type-post","status-publish","format-standard","has-post-thumbnail","hentry","category-local"],"_links":{"self":[{"href":"https:\/\/conexion-mx.com\/index.php?rest_route=\/wp\/v2\/posts\/4371","targetHints":{"allow":["GET"]}}],"collection":[{"href":"https:\/\/conexion-mx.com\/index.php?rest_route=\/wp\/v2\/posts"}],"about":[{"href":"https:\/\/conexion-mx.com\/index.php?rest_route=\/wp\/v2\/types\/post"}],"author":[{"embeddable":true,"href":"https:\/\/conexion-mx.com\/index.php?rest_route=\/wp\/v2\/users\/2"}],"replies":[{"embeddable":true,"href":"https:\/\/conexion-mx.com\/index.php?rest_route=%2Fwp%2Fv2%2Fcomments&post=4371"}],"version-history":[{"count":0,"href":"https:\/\/conexion-mx.com\/index.php?rest_route=\/wp\/v2\/posts\/4371\/revisions"}],"wp:featuredmedia":[{"embeddable":true,"href":"https:\/\/conexion-mx.com\/index.php?rest_route=\/wp\/v2\/media\/4372"}],"wp:attachment":[{"href":"https:\/\/conexion-mx.com\/index.php?rest_route=%2Fwp%2Fv2%2Fmedia&parent=4371"}],"wp:term":[{"taxonomy":"category","embeddable":true,"href":"https:\/\/conexion-mx.com\/index.php?rest_route=%2Fwp%2Fv2%2Fcategories&post=4371"},{"taxonomy":"post_tag","embeddable":true,"href":"https:\/\/conexion-mx.com\/index.php?rest_route=%2Fwp%2Fv2%2Ftags&post=4371"}],"curies":[{"name":"wp","href":"https:\/\/api.w.org\/{rel}","templated":true}]}}