{"id":4377,"date":"2026-06-05T02:25:22","date_gmt":"2026-06-05T07:25:22","guid":{"rendered":"https:\/\/conexion-mx.com\/?p=4377"},"modified":"2026-06-05T02:25:22","modified_gmt":"2026-06-05T07:25:22","slug":"jalisco-aprueba-crear-agencia-de-transparencia","status":"publish","type":"post","link":"https:\/\/conexion-mx.com\/?p=4377","title":{"rendered":"Jalisco aprueba crear Agencia de Transparencia"},"content":{"rendered":"<p> <br \/>\n<\/p>\n<div itemprop=\"articleBody\">\n<div class=\"txt_contenido\">\n<p>En el <strong>Congreso de Jalisco<\/strong> los diputados aprobaron la creaci\u00f3n de la <strong>Agencia de Transparencia<\/strong>, es parte de la reforma constitucional en la materia tras la desaparici\u00f3n del <strong>Instituto de<\/strong> <strong>Transparencia<\/strong>, <strong>Informaci\u00f3n P\u00fablica<\/strong> y <strong>Protecci\u00f3n de Datos Personales (ITEI)<\/strong>.<\/p>\n<p>Ahora ser\u00e1 el gobernador de <strong>Jalisco<\/strong> quien ratifique la decisi\u00f3n: \u201cteniendo ya el decreto correspondiente, es turnarlo al Ejecutivo para su publicaci\u00f3n. Pensamos que el <strong>Ejecutivo<\/strong> tendr\u00e1 sensibilidad. Las Contralor\u00edas tienen un rezago importante de solicitudes de informaci\u00f3n derivadas a que se carece del marco jur\u00eddico que permita su actuaci\u00f3n y la debida atenci\u00f3n de estas solicitudes.<\/p>\n<aside class=\"htmlinline\"\/>\n<p>Por esa situaci\u00f3n, debe haber sensibilidad y darle pronta publicaci\u00f3n\u201d, coment\u00f3 en entrevista con <strong>El Heraldo de M\u00e9xico<\/strong>, el coordinador de la fracci\u00f3n de <strong>Morena<\/strong>, <strong>Miguel de la Rosa.<\/strong><\/p>\n<aside class=\"relacionadas con-foto linea-1078\"><strong class=\"relacionadas-titulo-gral\">Noticias Relacionadas<\/strong><\/aside>\n<p>Seg\u00fan lo aprobado para corregir la reforma constitucional local en materia de transparencia, se precisa que \u201cser\u00e1 el INE el \u00f3rgano garante del acceso a la informaci\u00f3n trat\u00e1ndose de partidos pol\u00edticos, y en el caso de sindicatos el <strong>Centro Sindical de Registros<\/strong>\u201d, a\u00f1adi\u00f3.<\/p>\n<p>Adem\u00e1s, ser\u00e1 el Poder Legislativo quien ratifique a las personas que integren esta Agencia de Transparencia, para lo que se requerir\u00e1n dos terceras partes de los votos.<\/p>\n<p>\u201cPara el nombramiento del colegiado que estar\u00e1 a cargo de la Agencia de Transparencia el procedimiento implicar\u00e1 la recepci\u00f3n de una propuesta enviada por el Ejecutivo y la ratificaci\u00f3n del Congreso cuando menos las dos terceras partes de sus integrantes (de la Legislatura)\u00bb.<\/p>\n<\/p><\/div>\n<\/p><\/div>\n<p><script>\n    !function(f,b,e,v,n,t,s)\n    {if(f.fbq)return;n=f.fbq=function(){n.callMethod?\n    n.callMethod.apply(n,arguments):n.queue.push(arguments)};\n    if(!f._fbq)f._fbq=n;n.push=n;n.loaded=!0;n.version='2.0';\n    n.queue=[];t=b.createElement(e);t.async=!0;\n    t.src=v;s=b.getElementsByTagName(e)[0];\n    s.parentNode.insertBefore(t,s)}(window, document,'script',\n    'https:\/\/connect.facebook.net\/en_US\/fbevents.js');\n    fbq('init', '237927003583820');\n    fbq('track', 'PageView');\n  <\/script><script>\n    !function(f,b,e,v,n,t,s)\n    {if(f.fbq)return;n=f.fbq=function(){n.callMethod?\n    n.callMethod.apply(n,arguments):n.queue.push(arguments)};\n    if(!f._fbq)f._fbq=n;n.push=n;n.loaded=!0;n.version='2.0';\n    n.queue=[];t=b.createElement(e);t.async=!0;\n    t.src=v;s=b.getElementsByTagName(e)[0];\n    s.parentNode.insertBefore(t,s)}(window, document,'script',\n    'https:\/\/connect.facebook.net\/en_US\/fbevents.js');\n    fbq('init', '802372280934901');\n    fbq('track', 'PageView');\n    <\/script><br \/>\n<br \/><\/p>\n","protected":false},"excerpt":{"rendered":"<p>En el Congreso de Jalisco los diputados aprobaron la creaci\u00f3n de la Agencia de Transparencia, es parte de la reforma constitucional en la materia tras la desaparici\u00f3n del Instituto de Transparencia, Informaci\u00f3n P\u00fablica y Protecci\u00f3n de Datos Personales (ITEI). Ahora ser\u00e1 el gobernador de Jalisco quien ratifique la decisi\u00f3n: \u201cteniendo ya el decreto correspondiente, es [&hellip;]<\/p>\n","protected":false},"author":4,"featured_media":4378,"comment_status":"","ping_status":"","sticky":false,"template":"","format":"standard","meta":{"footnotes":""},"categories":[36],"tags":[],"class_list":["post-4377","post","type-post","status-publish","format-standard","has-post-thumbnail","hentry","category-tecnologia"],"_links":{"self":[{"href":"https:\/\/conexion-mx.com\/index.php?rest_route=\/wp\/v2\/posts\/4377","targetHints":{"allow":["GET"]}}],"collection":[{"href":"https:\/\/conexion-mx.com\/index.php?rest_route=\/wp\/v2\/posts"}],"about":[{"href":"https:\/\/conexion-mx.com\/index.php?rest_route=\/wp\/v2\/types\/post"}],"author":[{"embeddable":true,"href":"https:\/\/conexion-mx.com\/index.php?rest_route=\/wp\/v2\/users\/4"}],"replies":[{"embeddable":true,"href":"https:\/\/conexion-mx.com\/index.php?rest_route=%2Fwp%2Fv2%2Fcomments&post=4377"}],"version-history":[{"count":0,"href":"https:\/\/conexion-mx.com\/index.php?rest_route=\/wp\/v2\/posts\/4377\/revisions"}],"wp:featuredmedia":[{"embeddable":true,"href":"https:\/\/conexion-mx.com\/index.php?rest_route=\/wp\/v2\/media\/4378"}],"wp:attachment":[{"href":"https:\/\/conexion-mx.com\/index.php?rest_route=%2Fwp%2Fv2%2Fmedia&parent=4377"}],"wp:term":[{"taxonomy":"category","embeddable":true,"href":"https:\/\/conexion-mx.com\/index.php?rest_route=%2Fwp%2Fv2%2Fcategories&post=4377"},{"taxonomy":"post_tag","embeddable":true,"href":"https:\/\/conexion-mx.com\/index.php?rest_route=%2Fwp%2Fv2%2Ftags&post=4377"}],"curies":[{"name":"wp","href":"https:\/\/api.w.org\/{rel}","templated":true}]}}