{"id":4379,"date":"2026-06-05T05:36:43","date_gmt":"2026-06-05T10:36:43","guid":{"rendered":"https:\/\/conexion-mx.com\/?p=4379"},"modified":"2026-06-05T05:36:43","modified_gmt":"2026-06-05T10:36:43","slug":"por-arrancar-la-operacion-de-parquimetros-en-naucalpan","status":"publish","type":"post","link":"https:\/\/conexion-mx.com\/?p=4379","title":{"rendered":"Por arrancar la operaci\u00f3n de parqu\u00edmetros en Naucalpan"},"content":{"rendered":"<p> <br \/>\n<\/p>\n<div>\n<p>En un plazo de<strong> 15 a 20 d\u00edas <\/strong>ser\u00e1n instalados los primeros parqu\u00edmetros en la denominada <strong>Zona Azul<\/strong>, en <strong>Naucalpan<\/strong>, donde arrancar\u00e1 el proyecto impulsado por el gobierno municipal, que busca ordenar las calles en diferentes \u00e1reas comerciales con mayor demanda de estacionamientos en el municipio, informaron representantes de <strong>Naupark<\/strong>.<\/p>\n<p>Desde hace algunos d\u00edas, trabajadores de Naupark empezaron a pintar los cajones de estacionamiento, con pintura blanca para delimitar los espacios donde los ciudadanos tendr\u00e1n que pagar por dejar su auto.<\/p>\n<aside class=\"htmlinline\"\/>\n<p>Mientras que los cajones pintados de <strong>azul celeste<\/strong> ser\u00e1n exclusivos para los residentes de las zonas donde se instalar\u00e1n los parqu\u00edmetros, quienes no pagar\u00e1n por dejar el auto fuera de sus <strong>viviendas<\/strong>; previo registro en el portal de vecinos de Naupark.<\/p>\n<aside class=\"relacionadas con-foto linea-1078\"><strong class=\"relacionadas-titulo-gral\">Noticias Relacionadas<\/strong><\/aside>\n<p>Los representantes de Naupark informaron m\u00e1ximo en <strong>20 d\u00edas<\/strong> empezar\u00e1n a operar los parqu\u00edmetros en la Zona Azul, para posteriormente avanzar a las otras \u00e1reas del municipio donde ser\u00e1n instalados: <strong>Ciudad Sat\u00e9lite<\/strong>, <strong>El Mirador<\/strong>, <strong>Naucalpan<\/strong> <strong>Centro<\/strong>, <strong>Industrial Alce Blanco<\/strong>, <strong>Lomas de Tecamachalco<\/strong>, <strong>Zona Azul<\/strong> y <strong>Boulevares<\/strong>.<\/p>\n<p>Los parqu\u00edmetros \u00a0funcionar\u00e1n de lunes a mi\u00e9rcoles de <strong>8:00 a 20:00 horas<\/strong>; y de <strong>jueves a s\u00e1bado<\/strong> de <strong>08:00 a 02:00 horas<\/strong> del d\u00eda siguiente, de acuerdo con el <strong>Reglamento de Parqu\u00edmetros de Naucalpan<\/strong>, aprobado a finales de abril.<\/p>\n<p>La tarifa para autos depender\u00e1 de la zona, ser\u00e1 de <strong>2, 3, 4 y 5 pesos<\/strong> por cada <strong>15 minutos<\/strong>; mientras que las motos deber\u00e1n pagar 2 pesos, cada 15 minutos.<\/p>\n<p>El Reglamento establece que, el servicio de estacionamiento en la v\u00eda p\u00fablica ser\u00e1 regulado mediante dichos equipos f\u00edsicos o <strong>plataformas digitales de pago<\/strong>. En algunos establecimientos de la zona azul se colocaron pancartas de rechazo a esta medida, por parte de los locatarios.<\/p>\n<p>Las autoridades municipales se\u00f1alaron que la operaci\u00f3n de parqu\u00edmetros, busca terminar con la inseguridad que representaban los llamados <strong>\u201cfraneleros\u201d <\/strong>quienes constantemente cometen abusos en contra de los automovilistas que dejan sus unidades en la v\u00eda p\u00fablica; y rechazaron que tenga una intenci\u00f3n recaudatoria.&#13;<br \/>\n&#13;<br \/>\n&#13;\n                                <\/p>\n<\/p><\/div>\n<p><script>\n    !function(f,b,e,v,n,t,s)\n    {if(f.fbq)return;n=f.fbq=function(){n.callMethod?\n    n.callMethod.apply(n,arguments):n.queue.push(arguments)};\n    if(!f._fbq)f._fbq=n;n.push=n;n.loaded=!0;n.version='2.0';\n    n.queue=[];t=b.createElement(e);t.async=!0;\n    t.src=v;s=b.getElementsByTagName(e)[0];\n    s.parentNode.insertBefore(t,s)}(window, document,'script',\n    'https:\/\/connect.facebook.net\/en_US\/fbevents.js');\n    fbq('init', '237927003583820');\n    fbq('track', 'PageView');\n  <\/script><script>\n    !function(f,b,e,v,n,t,s)\n    {if(f.fbq)return;n=f.fbq=function(){n.callMethod?\n    n.callMethod.apply(n,arguments):n.queue.push(arguments)};\n    if(!f._fbq)f._fbq=n;n.push=n;n.loaded=!0;n.version='2.0';\n    n.queue=[];t=b.createElement(e);t.async=!0;\n    t.src=v;s=b.getElementsByTagName(e)[0];\n    s.parentNode.insertBefore(t,s)}(window, document,'script',\n    'https:\/\/connect.facebook.net\/en_US\/fbevents.js');\n    fbq('init', '802372280934901');\n    fbq('track', 'PageView');\n    <\/script><br \/>\n<br \/><\/p>\n","protected":false},"excerpt":{"rendered":"<p>En un plazo de 15 a 20 d\u00edas ser\u00e1n instalados los primeros parqu\u00edmetros en la denominada Zona Azul, en Naucalpan, donde arrancar\u00e1 el proyecto impulsado por el gobierno municipal, que busca ordenar las calles en diferentes \u00e1reas comerciales con mayor demanda de estacionamientos en el municipio, informaron representantes de Naupark. Desde hace algunos d\u00edas, trabajadores [&hellip;]<\/p>\n","protected":false},"author":2,"featured_media":4380,"comment_status":"","ping_status":"","sticky":false,"template":"","format":"standard","meta":{"footnotes":""},"categories":[2],"tags":[],"class_list":["post-4379","post","type-post","status-publish","format-standard","has-post-thumbnail","hentry","category-local"],"_links":{"self":[{"href":"https:\/\/conexion-mx.com\/index.php?rest_route=\/wp\/v2\/posts\/4379","targetHints":{"allow":["GET"]}}],"collection":[{"href":"https:\/\/conexion-mx.com\/index.php?rest_route=\/wp\/v2\/posts"}],"about":[{"href":"https:\/\/conexion-mx.com\/index.php?rest_route=\/wp\/v2\/types\/post"}],"author":[{"embeddable":true,"href":"https:\/\/conexion-mx.com\/index.php?rest_route=\/wp\/v2\/users\/2"}],"replies":[{"embeddable":true,"href":"https:\/\/conexion-mx.com\/index.php?rest_route=%2Fwp%2Fv2%2Fcomments&post=4379"}],"version-history":[{"count":0,"href":"https:\/\/conexion-mx.com\/index.php?rest_route=\/wp\/v2\/posts\/4379\/revisions"}],"wp:featuredmedia":[{"embeddable":true,"href":"https:\/\/conexion-mx.com\/index.php?rest_route=\/wp\/v2\/media\/4380"}],"wp:attachment":[{"href":"https:\/\/conexion-mx.com\/index.php?rest_route=%2Fwp%2Fv2%2Fmedia&parent=4379"}],"wp:term":[{"taxonomy":"category","embeddable":true,"href":"https:\/\/conexion-mx.com\/index.php?rest_route=%2Fwp%2Fv2%2Fcategories&post=4379"},{"taxonomy":"post_tag","embeddable":true,"href":"https:\/\/conexion-mx.com\/index.php?rest_route=%2Fwp%2Fv2%2Ftags&post=4379"}],"curies":[{"name":"wp","href":"https:\/\/api.w.org\/{rel}","templated":true}]}}