{"id":4381,"date":"2026-06-05T06:58:34","date_gmt":"2026-06-05T11:58:34","guid":{"rendered":"https:\/\/conexion-mx.com\/?p=4381"},"modified":"2026-06-05T06:58:34","modified_gmt":"2026-06-05T11:58:34","slug":"sacapuntas-el-heraldo-de-mexico-3","status":"publish","type":"post","link":"https:\/\/conexion-mx.com\/?p=4381","title":{"rendered":"Sacapuntas &#8211; El Heraldo de M\u00e9xico"},"content":{"rendered":"<p> <br \/>\n<\/p>\n<div>\n<h2><strong>Morena afina su lista<\/strong><\/h2>\n<p>Todo apunta a que la semana entrante <strong>Morena <\/strong>ya tendr\u00e1 una primera lista de quienes ser\u00e1n sus apuestas en los 17 estados donde habr\u00e1 elecciones de gobernador el pr\u00f3ximo a\u00f1o. La dirigente guinda, <strong>Ariadna Montiel<\/strong>, dar\u00e1 a conocer los nombres de los \u201ccoordinadores\u201d en un anuncio p\u00fablico. La acompa\u00f1ar\u00e1 <strong>Citlalli Hern\u00e1ndez<\/strong>, quien preside la Comisi\u00f3n de Elecciones. Se sabe que los dirigentes del <strong>PVEM, Karen Castrej\u00f3n, y del PT, Alberto Anaya<\/strong>, estar\u00e1n muy pendientes, sobre todo para conocer a qui\u00e9nes se enfrentar\u00e1n sus propias apuestas.<\/p>\n<h2><strong>Desbordan confianza<\/strong><\/h2>\n<p>Confianza plena tiene el <strong>PRI <\/strong>en su triunfo electoral en <strong>Coahuila<\/strong>, este domingo. Se disputan 25 diputaciones, de las cuales 16 son de mayor\u00eda, y el partido dirigido por <strong>Alejandro Moreno<\/strong> prev\u00e9 incluso arrebatar algunas curules a Morena. Hasta el gobernador <strong>Manolo Jim\u00e9nez<\/strong> ya se vende como el art\u00edfice de esa victoria que todav\u00eda no se da.<\/p>\n<aside class=\"htmlinline\"\/>\n<h2><strong>Nada oficial<\/strong><\/h2>\n<p>Ninguna pl\u00e1tica ni informaci\u00f3n oficial sobre el supuesto retiro de visas a gobernadores mexicanos ha tenido el<strong> canciller Roberto Velasco<\/strong> con sus pares estadounidenses. El funcionario dijo que el tema no se ha abordado en los di\u00e1logos \u201ccasi cotidianos\u201d con autoridades de <strong>EU<\/strong>, sobre todo del Departamento de Estado, al mando de <strong>Marco Rubio<\/strong>.\u00a0 \u00a0\u00a0<\/p>\n<h2><strong>Esperan a Lazzeri en EU<\/strong><\/h2>\n<p>Por cierto, el pr\u00f3ximo 10 de junio <strong>Roberto Lazzeri <\/strong>ser\u00e1 ratificado en el <strong>Congreso de la Uni\u00f3n<\/strong> como embajador de M\u00e9xico ante Estados Unidos. En Washington ya esperan su llegada para profundizar la cooperaci\u00f3n bilateral, pues lo ven como un interlocutor de altura para los di\u00e1logos que se avecinan sobre la revisi\u00f3n del <strong>T-MEC<\/strong>. \u00a0\u00a0<\/p>\n<h2><strong>Recursos recuperados<\/strong><\/h2>\n<p>En los pr\u00f3ximos d\u00edas, el titular de la <strong>UIF<\/strong>, <strong>Omar Reyes Colmenares<\/strong>, dar\u00e1 a conocer una nueva recuperaci\u00f3n de recursos que hab\u00edan sido desviados por el ex secretario de Seguridad, <strong>Genaro Garc\u00eda Luna<\/strong>, preso en New York. La informaci\u00f3n se divulgar\u00e1 en la conferencia ma\u00f1anera, seg\u00fan inform\u00f3 la presidenta <strong>Claudia Sheinbaum.<\/strong><\/p>\n<h2><strong>Preparan las tarjetas<\/strong><\/h2>\n<p>Operativo mundialista alista la <strong>Profeco<\/strong>, encabezada por <strong>Iv\u00e1n Escalante<\/strong>, para proteger a los consumidores en ciudades sedes de la copa del mundo. Habr\u00e1 m\u00f3dulos en los estadios y brigadas en los <strong>Fan Fest,<\/strong> donde se podr\u00e1n reportar anomal\u00edas en precios; adem\u00e1s, lanzar\u00e1 campa\u00f1as de prevenci\u00f3n para turistas nacionales y extranjeros.\u00a0\u00a0 \u00a0\u00a0\u00a0<\/p>\n<h2><strong>Reconocen al IMSS<\/strong><\/h2>\n<p>Menci\u00f3n honor\u00edfica recibi\u00f3 el <strong>IMSS<\/strong>, dirigido por <strong>Zo\u00e9 Robledo<\/strong>, en el certamen internacional<strong> Innovation Awards de Red Hat.<\/strong> El reconocimiento se otorg\u00f3 por las innovaciones tecnol\u00f3gicas del instituto, en especial por la transformaci\u00f3n digital, con la que ha fortalecido la atenci\u00f3n a sus m\u00e1s de 92 millones de derechohabientes.<\/p>\n<p><strong>SACAPUNTAS@ELHERALDODEMEXICO.COM<\/strong>&#13;<br \/>\n&#13;\n<\/p>\n<p><img loading=\"lazy\" decoding=\"async\" alt=\"\" height=\"168\" src=\"https:\/\/heraldodemexico.com.mx\/u\/fotografias\/m\/2021\/3\/14\/f768x1-337000_337127_5050.jpeg\" width=\"768\"\/>&#13;<br \/>\n&#13;\n<\/p>\n<p>PAL&#13;<br \/>\n&#13;<br \/>\n&#13;\n                                <\/p>\n<\/p><\/div>\n<p><script>\n    !function(f,b,e,v,n,t,s)\n    {if(f.fbq)return;n=f.fbq=function(){n.callMethod?\n    n.callMethod.apply(n,arguments):n.queue.push(arguments)};\n    if(!f._fbq)f._fbq=n;n.push=n;n.loaded=!0;n.version='2.0';\n    n.queue=[];t=b.createElement(e);t.async=!0;\n    t.src=v;s=b.getElementsByTagName(e)[0];\n    s.parentNode.insertBefore(t,s)}(window, document,'script',\n    'https:\/\/connect.facebook.net\/en_US\/fbevents.js');\n    fbq('init', '237927003583820');\n    fbq('track', 'PageView');\n  <\/script><script>\n      !function(f,b,e,v,n,t,s)\n      {if(f.fbq)return;n=f.fbq=function(){n.callMethod?\n        n.callMethod.apply(n,arguments):n.queue.push(arguments)};\n        if(!f._fbq)f._fbq=n;n.push=n;n.loaded=!0;n.version='2.0';\n        n.queue=[];t=b.createElement(e);t.async=!0;\n    t.src=v;s=b.getElementsByTagName(e)[0];\n    s.parentNode.insertBefore(t,s)}(window, document,'script',\n    'https:\/\/connect.facebook.net\/en_US\/fbevents.js');\n    fbq('init', '622139085998321');\n    fbq('track', 'PageView');\n    <\/script><br \/>\n<br \/><\/p>\n","protected":false},"excerpt":{"rendered":"<p>Morena afina su lista Todo apunta a que la semana entrante Morena ya tendr\u00e1 una primera lista de quienes ser\u00e1n sus apuestas en los 17 estados donde habr\u00e1 elecciones de gobernador el pr\u00f3ximo a\u00f1o. La dirigente guinda, Ariadna Montiel, dar\u00e1 a conocer los nombres de los \u201ccoordinadores\u201d en un anuncio p\u00fablico. La acompa\u00f1ar\u00e1 Citlalli Hern\u00e1ndez, [&hellip;]<\/p>\n","protected":false},"author":4,"featured_media":4382,"comment_status":"","ping_status":"","sticky":false,"template":"","format":"standard","meta":{"footnotes":""},"categories":[33],"tags":[],"class_list":["post-4381","post","type-post","status-publish","format-standard","has-post-thumbnail","hentry","category-cultura"],"_links":{"self":[{"href":"https:\/\/conexion-mx.com\/index.php?rest_route=\/wp\/v2\/posts\/4381","targetHints":{"allow":["GET"]}}],"collection":[{"href":"https:\/\/conexion-mx.com\/index.php?rest_route=\/wp\/v2\/posts"}],"about":[{"href":"https:\/\/conexion-mx.com\/index.php?rest_route=\/wp\/v2\/types\/post"}],"author":[{"embeddable":true,"href":"https:\/\/conexion-mx.com\/index.php?rest_route=\/wp\/v2\/users\/4"}],"replies":[{"embeddable":true,"href":"https:\/\/conexion-mx.com\/index.php?rest_route=%2Fwp%2Fv2%2Fcomments&post=4381"}],"version-history":[{"count":0,"href":"https:\/\/conexion-mx.com\/index.php?rest_route=\/wp\/v2\/posts\/4381\/revisions"}],"wp:featuredmedia":[{"embeddable":true,"href":"https:\/\/conexion-mx.com\/index.php?rest_route=\/wp\/v2\/media\/4382"}],"wp:attachment":[{"href":"https:\/\/conexion-mx.com\/index.php?rest_route=%2Fwp%2Fv2%2Fmedia&parent=4381"}],"wp:term":[{"taxonomy":"category","embeddable":true,"href":"https:\/\/conexion-mx.com\/index.php?rest_route=%2Fwp%2Fv2%2Fcategories&post=4381"},{"taxonomy":"post_tag","embeddable":true,"href":"https:\/\/conexion-mx.com\/index.php?rest_route=%2Fwp%2Fv2%2Ftags&post=4381"}],"curies":[{"name":"wp","href":"https:\/\/api.w.org\/{rel}","templated":true}]}}