{"id":4383,"date":"2026-06-05T13:57:42","date_gmt":"2026-06-05T18:57:42","guid":{"rendered":"https:\/\/conexion-mx.com\/?p=4383"},"modified":"2026-06-05T13:57:42","modified_gmt":"2026-06-05T18:57:42","slug":"banobras-recibe-asignacion-del-tren-lecheria-aifa-por-parte-de-sict","status":"publish","type":"post","link":"https:\/\/conexion-mx.com\/?p=4383","title":{"rendered":"Banobras recibe asignaci\u00f3n del tren Lecher\u00eda-AIFA por parte de SICT"},"content":{"rendered":"<p> <br \/>\n<\/p>\n<div itemprop=\"articleBody\">\n<div class=\"txt_contenido\">\n<p><strong>El Gobierno de M\u00e9xico<\/strong>, a trav\u00e9s de la <strong>Secretar\u00eda de Infraestructura, Comunicaciones y Transportes (SICT)<\/strong>, otorg\u00f3 al<strong> Banco Nacional de Obras y Servicios P\u00fablicos Banobras<\/strong>\u00a0el T\u00edtulo de Asignaci\u00f3n del<strong> Tren Lecher\u00eda-AIFA<\/strong>, con el prop\u00f3sito de fortalecer la operaci\u00f3n de este sistema de transporte ferroviario.<\/p>\n<div class=\"image-align-center\">\n<figure class=\"image\"><img loading=\"lazy\" decoding=\"async\" alt=\"\" height=\"400\" src=\"https:\/\/heraldodemexico.com.mx\/u\/fotografias\/m\/2024\/10\/4\/f768x400-1021107_1065010_5064.jpg\" width=\"768\"\/>&#13;<figcaption>La conexi\u00f3n ferroviaria con el AIFA consolida una nueva opci\u00f3n de movilidad r\u00e1pida, segura y eficiente para quienes viajan hacia y desde el aeropuerto.<\/figcaption>&#13;<br \/>\n<\/figure>\n<\/div>\n<h2>Incluye infraestructura y equipamiento ferroviario<\/h2>\n<p>La <strong>SICT<\/strong> inform\u00f3\u00a0que entregar\u00e1 a <strong>Banobras<\/strong>\u00a0 la <strong>infraestructura<\/strong> <strong>ferroviaria<\/strong>, <strong>equipos<\/strong>, <strong>documentaci\u00f3n<\/strong> t\u00e9cnica y dem\u00e1s elementos necesarios para <strong>garantizar el funcionamiento del servicio.<\/strong><\/p>\n<aside class=\"htmlinline\"\/>\n<p>Asimismo, la asignaci\u00f3n contempla el <strong>Derecho de V\u00eda<\/strong>,\u00a0<strong>terminales, estaciones intermedias, patios, cocheras, talleres y edificios administrativos <\/strong>relacionados con la operaci\u00f3n del sistema.<\/p>\n<h2>Conexi\u00f3n entre Buenavista y el AIFA<\/h2>\n<p>La adjudicaci\u00f3n contempla construir y operar la v\u00eda de<strong>l tren Lecher\u00eda-AIFA,<\/strong> as\u00ed como brindar el servicio de <strong>transporte de pasajeros.<\/strong><\/p>\n<p>Con esto, <strong>Banobras<\/strong> se encargar\u00e1 de la<strong> ruta Buenavista-Lecher\u00eda-AIFA,<\/strong> una conexi\u00f3n importante para facilitar el traslado entre la <strong>Ciudad de M\u00e9xico y el aeropuerto.<\/strong><\/p>\n<\/p><\/div>\n<\/p><\/div>\n<p><script>\n    !function(f,b,e,v,n,t,s)\n    {if(f.fbq)return;n=f.fbq=function(){n.callMethod?\n    n.callMethod.apply(n,arguments):n.queue.push(arguments)};\n    if(!f._fbq)f._fbq=n;n.push=n;n.loaded=!0;n.version='2.0';\n    n.queue=[];t=b.createElement(e);t.async=!0;\n    t.src=v;s=b.getElementsByTagName(e)[0];\n    s.parentNode.insertBefore(t,s)}(window, document,'script',\n    'https:\/\/connect.facebook.net\/en_US\/fbevents.js');\n    fbq('init', '237927003583820');\n    fbq('track', 'PageView');\n  <\/script><script>\n    !function(f,b,e,v,n,t,s)\n    {if(f.fbq)return;n=f.fbq=function(){n.callMethod?\n    n.callMethod.apply(n,arguments):n.queue.push(arguments)};\n    if(!f._fbq)f._fbq=n;n.push=n;n.loaded=!0;n.version='2.0';\n    n.queue=[];t=b.createElement(e);t.async=!0;\n    t.src=v;s=b.getElementsByTagName(e)[0];\n    s.parentNode.insertBefore(t,s)}(window, document,'script',\n    'https:\/\/connect.facebook.net\/en_US\/fbevents.js');\n    fbq('init', '802372280934901');\n    fbq('track', 'PageView');\n    <\/script><br \/>\n<br \/><\/p>\n","protected":false},"excerpt":{"rendered":"<p>El Gobierno de M\u00e9xico, a trav\u00e9s de la Secretar\u00eda de Infraestructura, Comunicaciones y Transportes (SICT), otorg\u00f3 al Banco Nacional de Obras y Servicios P\u00fablicos Banobras\u00a0el T\u00edtulo de Asignaci\u00f3n del Tren Lecher\u00eda-AIFA, con el prop\u00f3sito de fortalecer la operaci\u00f3n de este sistema de transporte ferroviario. &#13;La conexi\u00f3n ferroviaria con el AIFA consolida una nueva opci\u00f3n de [&hellip;]<\/p>\n","protected":false},"author":2,"featured_media":4384,"comment_status":"","ping_status":"","sticky":false,"template":"","format":"standard","meta":{"footnotes":""},"categories":[2],"tags":[],"class_list":["post-4383","post","type-post","status-publish","format-standard","has-post-thumbnail","hentry","category-local"],"_links":{"self":[{"href":"https:\/\/conexion-mx.com\/index.php?rest_route=\/wp\/v2\/posts\/4383","targetHints":{"allow":["GET"]}}],"collection":[{"href":"https:\/\/conexion-mx.com\/index.php?rest_route=\/wp\/v2\/posts"}],"about":[{"href":"https:\/\/conexion-mx.com\/index.php?rest_route=\/wp\/v2\/types\/post"}],"author":[{"embeddable":true,"href":"https:\/\/conexion-mx.com\/index.php?rest_route=\/wp\/v2\/users\/2"}],"replies":[{"embeddable":true,"href":"https:\/\/conexion-mx.com\/index.php?rest_route=%2Fwp%2Fv2%2Fcomments&post=4383"}],"version-history":[{"count":0,"href":"https:\/\/conexion-mx.com\/index.php?rest_route=\/wp\/v2\/posts\/4383\/revisions"}],"wp:featuredmedia":[{"embeddable":true,"href":"https:\/\/conexion-mx.com\/index.php?rest_route=\/wp\/v2\/media\/4384"}],"wp:attachment":[{"href":"https:\/\/conexion-mx.com\/index.php?rest_route=%2Fwp%2Fv2%2Fmedia&parent=4383"}],"wp:term":[{"taxonomy":"category","embeddable":true,"href":"https:\/\/conexion-mx.com\/index.php?rest_route=%2Fwp%2Fv2%2Fcategories&post=4383"},{"taxonomy":"post_tag","embeddable":true,"href":"https:\/\/conexion-mx.com\/index.php?rest_route=%2Fwp%2Fv2%2Ftags&post=4383"}],"curies":[{"name":"wp","href":"https:\/\/api.w.org\/{rel}","templated":true}]}}