{"id":4385,"date":"2026-06-05T22:02:47","date_gmt":"2026-06-06T03:02:47","guid":{"rendered":"https:\/\/conexion-mx.com\/?p=4385"},"modified":"2026-06-05T22:02:47","modified_gmt":"2026-06-06T03:02:47","slug":"aeropuerto-internacional-de-cancun-estatus-de-vuelos-demorados-hoy-5-de-junio","status":"publish","type":"post","link":"https:\/\/conexion-mx.com\/?p=4385","title":{"rendered":"Aeropuerto Internacional de Canc\u00fan: estatus de vuelos demorados hoy 5 de junio"},"content":{"rendered":"<p> <br \/>\n<\/p>\n<div itemprop=\"articleBody\">\n<div class=\"txt_contenido\">\n<p>Al corte de las 22:01 horas (hora local) de este viernes, el Aeropuerto Internacional de Canc\u00fan registra una operaci\u00f3n con una demora pr\u00f3xima en su itinerario de llegadas. De un total de 200 vuelos observados, 78 se encuentran en vuelo y 46 en tierra. Durante la jornada, 47 vuelos ya hab\u00edan operado con retraso. Los pasajeros que tienen programado viajar desde o hacia esta terminal a\u00e9rea hoy deben mantenerse informados sobre el estatus de sus vuelos.<\/p>\n<p>El monitoreo de vuelos en el aeropuerto de Canc\u00fan indica que la afectaci\u00f3n es puntual, concentr\u00e1ndose en una llegada con un retraso moderado. No se reportan cancelaciones confirmadas hasta el momento, lo que sugiere una operaci\u00f3n mayormente estable en la terminal. La situaci\u00f3n actual no presenta un patr\u00f3n generalizado de demoras, sino un incidente aislado que podr\u00eda resolverse en las pr\u00f3ximas horas.<\/p>\n<p>Es fundamental que los viajeros con vuelos en las pr\u00f3ximas horas consulten directamente con su aerol\u00ednea o a trav\u00e9s de los paneles informativos del aeropuerto. La informaci\u00f3n en tiempo real es clave para evitar inconvenientes y planificar cualquier ajuste necesario en sus itinerarios.<\/p>\n<h2>Los vuelos cancelados y retrasados de hoy<\/h2>\n<ul>\n<li><strong>Vuelo:<\/strong> UA1075 \u00b7 <strong>Aerol\u00ednea:<\/strong> United Airlines \u00b7 <strong>Destino:<\/strong> Canc\u00fan \u00b7 <strong>Tipo:<\/strong> llegada \u00b7 <strong>Hora:<\/strong> 01:41 \u00b7 <strong>Retraso:<\/strong> 18 min \u00b7 <strong>Estatus:<\/strong> demorado<\/li>\n<\/ul>\n<h2>\u00bfVuelo cancelado o demorado? Estos son tus derechos<\/h2>\n<p>La Ley de Aviaci\u00f3n Civil en M\u00e9xico establece que las aerol\u00edneas tienen la obligaci\u00f3n de informar de manera oportuna a los pasajeros sobre cualquier cambio o afectaci\u00f3n en sus vuelos, as\u00ed como ofrecer compensaciones en caso de que estas sean imputables a la compa\u00f1\u00eda.<\/p>\n<p>En situaciones de demoras, la aerol\u00ednea debe mantener a los pasajeros informados sobre el estado del vuelo. Si el retraso se prolonga, la normatividad vigente indica que se deben ofrecer servicios como alimentos y bebidas, as\u00ed como la posibilidad de realizar llamadas telef\u00f3nicas o enviar correos electr\u00f3nicos.<\/p>\n<p>Ante una cancelaci\u00f3n confirmada imputable a la aerol\u00ednea, el pasajero tiene derecho a elegir entre varias opciones de compensaci\u00f3n:<\/p>\n<ul>\n<li><strong>Reembolso:<\/strong> la aerol\u00ednea devuelve el monto del boleto, m\u00e1s una indemnizaci\u00f3n no menor a la que marca la normatividad vigente.<\/li>\n<li><strong>Transporte sustituto:<\/strong> reubicaci\u00f3n en el siguiente vuelo disponible de la misma aerol\u00ednea o de otra, sin costo adicional.<\/li>\n<li><strong>Reprogramaci\u00f3n:<\/strong> nuevo itinerario en la fecha que el pasajero decida, sin penalizaci\u00f3n.<\/li>\n<\/ul>\n<p>Se recomienda a los pasajeros verificar el estatus de su vuelo directamente en la aplicaci\u00f3n de su aerol\u00ednea o en los paneles informativos del Aeropuerto Internacional de Canc\u00fan antes de dirigirse a la terminal.<\/p>\n<p><em>Este art\u00edculo ha sido generado con el apoyo de IA y revisado por un editor. Para m\u00e1s informaci\u00f3n, consulte nuestros t\u00e9rminos y condiciones<\/em>&#13;<br \/>\n&#13;\n                                <\/p>\n<\/p><\/div>\n<\/p><\/div>\n<p><script>\n    !function(f,b,e,v,n,t,s)\n    {if(f.fbq)return;n=f.fbq=function(){n.callMethod?\n    n.callMethod.apply(n,arguments):n.queue.push(arguments)};\n    if(!f._fbq)f._fbq=n;n.push=n;n.loaded=!0;n.version='2.0';\n    n.queue=[];t=b.createElement(e);t.async=!0;\n    t.src=v;s=b.getElementsByTagName(e)[0];\n    s.parentNode.insertBefore(t,s)}(window, document,'script',\n    'https:\/\/connect.facebook.net\/en_US\/fbevents.js');\n    fbq('init', '237927003583820');\n    fbq('track', 'PageView');\n  <\/script><script>\n    !function(f,b,e,v,n,t,s)\n    {if(f.fbq)return;n=f.fbq=function(){n.callMethod?\n    n.callMethod.apply(n,arguments):n.queue.push(arguments)};\n    if(!f._fbq)f._fbq=n;n.push=n;n.loaded=!0;n.version='2.0';\n    n.queue=[];t=b.createElement(e);t.async=!0;\n    t.src=v;s=b.getElementsByTagName(e)[0];\n    s.parentNode.insertBefore(t,s)}(window, document,'script',\n    'https:\/\/connect.facebook.net\/en_US\/fbevents.js');\n    fbq('init', '802372280934901');\n    fbq('track', 'PageView');\n    <\/script><br \/>\n<br \/><\/p>\n","protected":false},"excerpt":{"rendered":"<p>Al corte de las 22:01 horas (hora local) de este viernes, el Aeropuerto Internacional de Canc\u00fan registra una operaci\u00f3n con una demora pr\u00f3xima en su itinerario de llegadas. De un total de 200 vuelos observados, 78 se encuentran en vuelo y 46 en tierra. Durante la jornada, 47 vuelos ya hab\u00edan operado con retraso. Los [&hellip;]<\/p>\n","protected":false},"author":2,"featured_media":4386,"comment_status":"","ping_status":"","sticky":false,"template":"","format":"standard","meta":{"footnotes":""},"categories":[2],"tags":[],"class_list":["post-4385","post","type-post","status-publish","format-standard","has-post-thumbnail","hentry","category-local"],"_links":{"self":[{"href":"https:\/\/conexion-mx.com\/index.php?rest_route=\/wp\/v2\/posts\/4385","targetHints":{"allow":["GET"]}}],"collection":[{"href":"https:\/\/conexion-mx.com\/index.php?rest_route=\/wp\/v2\/posts"}],"about":[{"href":"https:\/\/conexion-mx.com\/index.php?rest_route=\/wp\/v2\/types\/post"}],"author":[{"embeddable":true,"href":"https:\/\/conexion-mx.com\/index.php?rest_route=\/wp\/v2\/users\/2"}],"replies":[{"embeddable":true,"href":"https:\/\/conexion-mx.com\/index.php?rest_route=%2Fwp%2Fv2%2Fcomments&post=4385"}],"version-history":[{"count":0,"href":"https:\/\/conexion-mx.com\/index.php?rest_route=\/wp\/v2\/posts\/4385\/revisions"}],"wp:featuredmedia":[{"embeddable":true,"href":"https:\/\/conexion-mx.com\/index.php?rest_route=\/wp\/v2\/media\/4386"}],"wp:attachment":[{"href":"https:\/\/conexion-mx.com\/index.php?rest_route=%2Fwp%2Fv2%2Fmedia&parent=4385"}],"wp:term":[{"taxonomy":"category","embeddable":true,"href":"https:\/\/conexion-mx.com\/index.php?rest_route=%2Fwp%2Fv2%2Fcategories&post=4385"},{"taxonomy":"post_tag","embeddable":true,"href":"https:\/\/conexion-mx.com\/index.php?rest_route=%2Fwp%2Fv2%2Ftags&post=4385"}],"curies":[{"name":"wp","href":"https:\/\/api.w.org\/{rel}","templated":true}]}}