{"id":4387,"date":"2026-06-06T01:22:15","date_gmt":"2026-06-06T06:22:15","guid":{"rendered":"https:\/\/conexion-mx.com\/?p=4387"},"modified":"2026-06-06T01:22:15","modified_gmt":"2026-06-06T06:22:15","slug":"feria-de-la-garnacha-en-xochitepec-todo-lo-que-debes-para-disfrutar-de-este-fin-de-semana","status":"publish","type":"post","link":"https:\/\/conexion-mx.com\/?p=4387","title":{"rendered":"Feria de la Garnacha en Xochitepec: todo lo que debes para disfrutar de este fin de semana"},"content":{"rendered":"<p> <br \/>\n<\/p>\n<div itemprop=\"articleBody\">\n<div class=\"txt_contenido\">\n<p>Este <strong>s\u00e1bado 6 y domingo 7 de junio s<\/strong>e llevar\u00e1 a cabo en el poblado de <strong>Chiconcuac<\/strong>, del Pueblo M\u00e1gico de Xochitepec, el 4to <strong>Festival de la Garnacha 2026,<\/strong> con tem\u00e1tica de la pasi\u00f3n mundialista de f\u00fatbol.<\/p>\n<p>En la festividad participar\u00e1n m\u00e1s de 50 expositores que deleitar\u00e1n a los asistentes con antojitos como <strong>gorditas <\/strong>de <strong>manteca<\/strong>, tacos en diferentes variedades, tostadas, sopes, huaraches, tlacoyos, quesadillas, flautas y mucho m\u00e1s.\u00a0<\/p>\n<aside class=\"htmlinline\"\/>\n<p>El<strong> 4to Festival de la Garnacha <\/strong>espera una afluencia de m\u00e1s de 5 mil personas por d\u00eda, pues habr\u00e1 venta de comida, as\u00ed como actividades culturales y art\u00edsticas desde las 9:00 de la ma\u00f1ana hasta las 10:00 de la noche.\u00a0<\/p>\n<div class=\"image-align-center\">\n<figure class=\"image\"><img loading=\"lazy\" decoding=\"async\" alt=\"\" height=\"511\" src=\"https:\/\/heraldodemexico.com.mx\/u\/fotografias\/m\/2026\/6\/5\/f768x1-1292775_1292902_5050.jpeg\" width=\"768\"\/>&#13;<figcaption>Feria de la Garnachas<\/figcaption>&#13;<br \/>\n<\/figure>\n<\/div>\n<p>El poblado de <strong>Chiconcuac <\/strong>estar\u00e1 lleno de color con banderas de distintas selecciones de futbol, adem\u00e1s de balones y copas del mundo alusivas a la m\u00e1xima fiesta del futbol, creando un escenario perfecto para <strong>fotograf\u00edas <\/strong>y momentos inolvidables.<\/p>\n<p><strong>Chiconcuac <\/strong>es un poblado que se encuentra a 5 minutos de la <strong>caseta <\/strong>de <strong>Xochitepec <\/strong>que se ubica sobre la autopista M\u00e9xico-Acapulco y all\u00ed se encuentran la Iglesia de <strong>San Antonio de Padua y el Acueducto de Santa Catarina.<\/strong><\/p>\n<p>El<strong> 4to Festival de la Garnacha <\/strong>es el escenario perfecto para que las familias disfruten de la saz\u00f3n de las cocineras del municipio y participe en todas las actividades referentes al Mundial.<\/p>\n<p>El alcalde de <strong>Xochitepec<\/strong>, <strong>Roberto Flores Z\u00fa\u00f1iga <\/strong>inform\u00f3 que se contar\u00e1 con las medidas de seguridad pertinentes para la realizaci\u00f3n del evento, con la participaci\u00f3n de la <strong>Polic\u00eda Municipal y Estatal, Guardia Nacional, Ej\u00e9rcito Mexicano y Protecci\u00f3n Civil.<\/strong><\/p>\n<\/p><\/div>\n<\/p><\/div>\n<p><script>\n    !function(f,b,e,v,n,t,s)\n    {if(f.fbq)return;n=f.fbq=function(){n.callMethod?\n    n.callMethod.apply(n,arguments):n.queue.push(arguments)};\n    if(!f._fbq)f._fbq=n;n.push=n;n.loaded=!0;n.version='2.0';\n    n.queue=[];t=b.createElement(e);t.async=!0;\n    t.src=v;s=b.getElementsByTagName(e)[0];\n    s.parentNode.insertBefore(t,s)}(window, document,'script',\n    'https:\/\/connect.facebook.net\/en_US\/fbevents.js');\n    fbq('init', '237927003583820');\n    fbq('track', 'PageView');\n  <\/script><script>\n    !function(f,b,e,v,n,t,s)\n    {if(f.fbq)return;n=f.fbq=function(){n.callMethod?\n    n.callMethod.apply(n,arguments):n.queue.push(arguments)};\n    if(!f._fbq)f._fbq=n;n.push=n;n.loaded=!0;n.version='2.0';\n    n.queue=[];t=b.createElement(e);t.async=!0;\n    t.src=v;s=b.getElementsByTagName(e)[0];\n    s.parentNode.insertBefore(t,s)}(window, document,'script',\n    'https:\/\/connect.facebook.net\/en_US\/fbevents.js');\n    fbq('init', '802372280934901');\n    fbq('track', 'PageView');\n    <\/script><br \/>\n<br \/><\/p>\n","protected":false},"excerpt":{"rendered":"<p>Este s\u00e1bado 6 y domingo 7 de junio se llevar\u00e1 a cabo en el poblado de Chiconcuac, del Pueblo M\u00e1gico de Xochitepec, el 4to Festival de la Garnacha 2026, con tem\u00e1tica de la pasi\u00f3n mundialista de f\u00fatbol. En la festividad participar\u00e1n m\u00e1s de 50 expositores que deleitar\u00e1n a los asistentes con antojitos como gorditas de [&hellip;]<\/p>\n","protected":false},"author":3,"featured_media":4388,"comment_status":"","ping_status":"","sticky":false,"template":"","format":"standard","meta":{"footnotes":""},"categories":[35],"tags":[],"class_list":["post-4387","post","type-post","status-publish","format-standard","has-post-thumbnail","hentry","category-espectaculos"],"_links":{"self":[{"href":"https:\/\/conexion-mx.com\/index.php?rest_route=\/wp\/v2\/posts\/4387","targetHints":{"allow":["GET"]}}],"collection":[{"href":"https:\/\/conexion-mx.com\/index.php?rest_route=\/wp\/v2\/posts"}],"about":[{"href":"https:\/\/conexion-mx.com\/index.php?rest_route=\/wp\/v2\/types\/post"}],"author":[{"embeddable":true,"href":"https:\/\/conexion-mx.com\/index.php?rest_route=\/wp\/v2\/users\/3"}],"replies":[{"embeddable":true,"href":"https:\/\/conexion-mx.com\/index.php?rest_route=%2Fwp%2Fv2%2Fcomments&post=4387"}],"version-history":[{"count":0,"href":"https:\/\/conexion-mx.com\/index.php?rest_route=\/wp\/v2\/posts\/4387\/revisions"}],"wp:featuredmedia":[{"embeddable":true,"href":"https:\/\/conexion-mx.com\/index.php?rest_route=\/wp\/v2\/media\/4388"}],"wp:attachment":[{"href":"https:\/\/conexion-mx.com\/index.php?rest_route=%2Fwp%2Fv2%2Fmedia&parent=4387"}],"wp:term":[{"taxonomy":"category","embeddable":true,"href":"https:\/\/conexion-mx.com\/index.php?rest_route=%2Fwp%2Fv2%2Fcategories&post=4387"},{"taxonomy":"post_tag","embeddable":true,"href":"https:\/\/conexion-mx.com\/index.php?rest_route=%2Fwp%2Fv2%2Ftags&post=4387"}],"curies":[{"name":"wp","href":"https:\/\/api.w.org\/{rel}","templated":true}]}}