{"id":4401,"date":"2026-06-07T04:37:54","date_gmt":"2026-06-07T09:37:54","guid":{"rendered":"https:\/\/conexion-mx.com\/?p=4401"},"modified":"2026-06-07T04:37:54","modified_gmt":"2026-06-07T09:37:54","slug":"corea-homenajea-a-veteranos-que-los-ayudaron-y-lucharon-en-la-guerra-de-1950-mexicano-hermano-ya-eres-coreano","status":"publish","type":"post","link":"https:\/\/conexion-mx.com\/?p=4401","title":{"rendered":"Corea homenajea a veteranos que los ayudaron y lucharon en la guerra de 1950: \u201cMexicano hermano, ya eres coreano\u201d"},"content":{"rendered":"<p> <br \/>\n<\/p>\n<div>\n<p>\u201cMexicano hermano, ya eres <strong>coreano<\/strong>\u201d, dice el embajador de <strong>Corea <\/strong>en nuestro pa\u00eds, <strong>Jooil Lee<\/strong>, de visita en la capital tapat\u00eda para los festejos por el <strong>D\u00eda de Corea<\/strong>. El diplom\u00e1tico est\u00e1 convencido que las relaciones bilaterales se estrechar\u00e1n este a\u00f1o porque <strong>Guadalajara <\/strong>ser\u00e1 la casa de la<strong> selecci\u00f3n coreana<\/strong> de f\u00fatbol en un par de <strong>cotejos mundialistas <\/strong>durante la fase de grupos.<\/p>\n<p>Los primeros inmigrantes coreanos llegaron a <strong>M\u00e9xico <\/strong>en el a\u00f1o 1905: \u201cNuestros dos pa\u00edses han compartido m\u00e1s de 120 a\u00f1os de amistad, solidaridad y v\u00ednculos humanos. A lo largo de estas d\u00e9cadas <strong>Corea <\/strong>y <strong>M\u00e9xico <\/strong>han construido una relaci\u00f3n cada vez m\u00e1s cercana, basada en el respeto mutuo, la colaboraci\u00f3n y los intercambios entre nuestros pueblos\u201d, recuerda Lee.<\/p>\n<aside class=\"htmlinline\"\/>\n<p>Los mexicanos que participaron en la <strong>Guerra de Corea<\/strong> en 1950, hoy como veteranos fueron homenajeados durante el Guadalajara Koku Fest. <strong>Roberto Sierra Barbosa<\/strong>, de origen <strong>mexicoamericano<\/strong>, este 7 junio cumple 98 a\u00f1os de edad y se emocion\u00f3 hasta las l\u00e1grimas cuando jovencitos coreanos se acercaban uno a uno, le hac\u00edan reverencia mientras le expresaban: \u2018gracias por su servicio\u2019.<\/p>\n<aside class=\"relacionadas con-foto linea-1078\"><strong class=\"relacionadas-titulo-gral\">Noticias Relacionadas<\/strong><\/aside>\n<p>\u201cLos sobrevivientes nos sentimos tanto mexicanos como coreanos porque dejamos nuestra sangre all\u00e1. Ellos nos tratan con mucha admiraci\u00f3n, desde los chamaquitos nos tratan con respeto\u201d, comenta a <strong>El Heraldo de M\u00e9xico.<\/strong><\/p>\n<p>Roberto recuerda que de visita en <strong>Se\u00fal <\/strong>(Corea del Sur), \u00e9l y su esposa enfermaron de Covid-19 durante la <strong>pandemia<\/strong>, desde que tuvieron los primeros s\u00edntomas fueron trasladados a un hospital militar donde estuvieron \u201csiempre cuid\u00e1ndonos, maravillosamente nos han tratado\u201d.<\/p>\n<p>Durante los festejos por el <strong>D\u00eda de Corea<\/strong> en el Conjunto Santander de Artes Esc\u00e9nicas (de la Universidad de Guadalajara) se disfrut\u00f3 de un concierto cultural con m\u00fasica tradicional y contempor\u00e1nea que incluy\u00f3 K-Pop, danza, artes marciales y gastronom\u00eda. Tambi\u00e9n se rindi\u00f3 homenaje a los veteranos mexicanos que pelearon hombro a hombro en la <strong>guerra en 1950<\/strong> para que <strong>Corea <\/strong>fuera libre.<\/p>\n<h2>Copa Mundial 2026<\/h2>\n<p>Este a\u00f1o es significativo entre la <strong>relaci\u00f3n bilateral<\/strong> de ambas naciones, ya que la <strong>selecci\u00f3n coreana<\/strong> jugar\u00e1 dos partidos teniendo como sede <strong>Guadalajara <\/strong>durante la m\u00e1xima justa futbolera.<\/p>\n<p>\u201cNuestra selecci\u00f3n coreana nunca venci\u00f3 a <strong>M\u00e9xico <\/strong>durante los pasados encuentros del <strong>Mundial<\/strong>. Ya que jugar\u00e1n el 18 de junio este partido (<strong>M\u00e9xico <\/strong>vs. <strong>Corea<\/strong>), el equipo mexicano juega en casa, <strong>Corea <\/strong>no, seguro habr\u00e1 cierta ventaja\u201d, explica entre risas, el embajador a El Heraldo de M\u00e9xico.&#13;<br \/>\n&#13;\n<\/p>\n<p>Destac\u00f3 tambi\u00e9n que en esta selecci\u00f3n coreana est\u00e1n jugando personajes como <strong>Son Heung-min<\/strong>, \u201cmuchos jugadores muy competitivos que est\u00e1n jugando en diversas ligas del mundo, entonces espero un partido muy interesante y muy bonito. En 2018 hay una frase famosa en M\u00e9xico: \u2018coreano, hermano ya eres mexicano\u2019, en 2026 creo que es \u2018mexicano, hermano, ya eres coreano\u201d.&#13;<br \/>\n&#13;\n<\/p>\n<p>Ese cari\u00f1o entre ambas naciones impacta a las nuevas generaciones, lo que qued\u00f3 evidente con la visita del grupo coreano <strong>BTS<\/strong>, que prometieron a la presidenta de M\u00e9xico, <strong>Claudia Sheinbaum<\/strong> que regresar\u00e1n para presentarse en un concierto masivo.&#13;<br \/>\n&#13;\n<\/p>\n<p>\u201cEvidenciamos mucho inter\u00e9s de la <strong>cultura coreana en M\u00e9xico<\/strong>, y viceversa, hay inter\u00e9s por M\u00e9xico en <strong>Corea<\/strong>. A trav\u00e9s del Mundial, espero sea un espacio oportuno para j\u00f3venes y nuevas generaciones para el intercambio y que mexicanos puedan visitar m\u00e1s seguido <strong>Corea<\/strong>, y los coreanos puedan visitar m\u00e1s a M\u00e9xico\u201d.&#13;<br \/>\n&#13;\n<\/p>\n<p>Por lo pronto, \u201cmiles de aficionados coreanos seguir\u00e1n con especial atenci\u00f3n todo lo que ocurra en esta ciudad. <strong>Jalisco <\/strong>ocupa un lugar muy especial en el imaginario de los coreanos, cuando pensamos en M\u00e9xico: el tequila, el mariachi y la charrer\u00eda, expresiones culturales profundamente vinculadas a esta tierra\u201d, subray\u00f3 el diplom\u00e1tico.&#13;<br \/>\n&#13;<br \/>\n&#13;\n                                <\/p>\n<\/p><\/div>\n<p><script>\n    !function(f,b,e,v,n,t,s)\n    {if(f.fbq)return;n=f.fbq=function(){n.callMethod?\n    n.callMethod.apply(n,arguments):n.queue.push(arguments)};\n    if(!f._fbq)f._fbq=n;n.push=n;n.loaded=!0;n.version='2.0';\n    n.queue=[];t=b.createElement(e);t.async=!0;\n    t.src=v;s=b.getElementsByTagName(e)[0];\n    s.parentNode.insertBefore(t,s)}(window, document,'script',\n    'https:\/\/connect.facebook.net\/en_US\/fbevents.js');\n    fbq('init', '237927003583820');\n    fbq('track', 'PageView');\n  <\/script><script>\n    !function(f,b,e,v,n,t,s)\n    {if(f.fbq)return;n=f.fbq=function(){n.callMethod?\n    n.callMethod.apply(n,arguments):n.queue.push(arguments)};\n    if(!f._fbq)f._fbq=n;n.push=n;n.loaded=!0;n.version='2.0';\n    n.queue=[];t=b.createElement(e);t.async=!0;\n    t.src=v;s=b.getElementsByTagName(e)[0];\n    s.parentNode.insertBefore(t,s)}(window, document,'script',\n    'https:\/\/connect.facebook.net\/en_US\/fbevents.js');\n    fbq('init', '802372280934901');\n    fbq('track', 'PageView');\n    <\/script><br \/>\n<br \/><\/p>\n","protected":false},"excerpt":{"rendered":"<p>\u201cMexicano hermano, ya eres coreano\u201d, dice el embajador de Corea en nuestro pa\u00eds, Jooil Lee, de visita en la capital tapat\u00eda para los festejos por el D\u00eda de Corea. El diplom\u00e1tico est\u00e1 convencido que las relaciones bilaterales se estrechar\u00e1n este a\u00f1o porque Guadalajara ser\u00e1 la casa de la selecci\u00f3n coreana de f\u00fatbol en un par [&hellip;]<\/p>\n","protected":false},"author":3,"featured_media":4402,"comment_status":"","ping_status":"","sticky":false,"template":"","format":"standard","meta":{"footnotes":""},"categories":[35],"tags":[],"class_list":["post-4401","post","type-post","status-publish","format-standard","has-post-thumbnail","hentry","category-espectaculos"],"_links":{"self":[{"href":"https:\/\/conexion-mx.com\/index.php?rest_route=\/wp\/v2\/posts\/4401","targetHints":{"allow":["GET"]}}],"collection":[{"href":"https:\/\/conexion-mx.com\/index.php?rest_route=\/wp\/v2\/posts"}],"about":[{"href":"https:\/\/conexion-mx.com\/index.php?rest_route=\/wp\/v2\/types\/post"}],"author":[{"embeddable":true,"href":"https:\/\/conexion-mx.com\/index.php?rest_route=\/wp\/v2\/users\/3"}],"replies":[{"embeddable":true,"href":"https:\/\/conexion-mx.com\/index.php?rest_route=%2Fwp%2Fv2%2Fcomments&post=4401"}],"version-history":[{"count":0,"href":"https:\/\/conexion-mx.com\/index.php?rest_route=\/wp\/v2\/posts\/4401\/revisions"}],"wp:featuredmedia":[{"embeddable":true,"href":"https:\/\/conexion-mx.com\/index.php?rest_route=\/wp\/v2\/media\/4402"}],"wp:attachment":[{"href":"https:\/\/conexion-mx.com\/index.php?rest_route=%2Fwp%2Fv2%2Fmedia&parent=4401"}],"wp:term":[{"taxonomy":"category","embeddable":true,"href":"https:\/\/conexion-mx.com\/index.php?rest_route=%2Fwp%2Fv2%2Fcategories&post=4401"},{"taxonomy":"post_tag","embeddable":true,"href":"https:\/\/conexion-mx.com\/index.php?rest_route=%2Fwp%2Fv2%2Ftags&post=4401"}],"curies":[{"name":"wp","href":"https:\/\/api.w.org\/{rel}","templated":true}]}}