{"id":4403,"date":"2026-06-07T06:33:45","date_gmt":"2026-06-07T11:33:45","guid":{"rendered":"https:\/\/conexion-mx.com\/?p=4403"},"modified":"2026-06-07T06:33:45","modified_gmt":"2026-06-07T11:33:45","slug":"precio-del-dolar-hoy-asi-cotiza-frente-al-peso-mexicano-este-07-de-junio-de-2026-tipo-de-cambio","status":"publish","type":"post","link":"https:\/\/conexion-mx.com\/?p=4403","title":{"rendered":"PRECIO del d\u00f3lar HOY: as\u00ed cotiza frente al peso mexicano este 07 de junio de 2026 | TIPO DE CAMBIO"},"content":{"rendered":"<p> <br \/>\n<\/p>\n<div itemprop=\"articleBody\">\n<div class=\"txt_contenido\">\n<p>El peso mexicano sufri\u00f3 una ligera p\u00e9rdida frente al d\u00f3lar estadounidense durante las primeras hroas del <strong>07 de junio<\/strong>, cuando el tipo de cambio cotiz\u00f3 en <strong>17.47 pesos por unidad<\/strong>, siendo esta la peor depreciaci\u00f3n intradiaria desde el 18 de marzo de acuerdo con cifras recogidas por la plataforma en l\u00ednea <em><strong>Investing.com<\/strong><\/em>.<\/p>\n<p>Entre los principales motivos que propiciaron el fortalecimiento del d\u00f3lar se encuentran la publicaci\u00f3n de las n\u00f3minas no agr\u00edcolas en Estados Unidos, que, en mayo registraron <strong>172,000 empleos<\/strong>, poco m\u00e1s del doble de lo que se esperaba y que, a su vez, reforz\u00f3 las apuestas por tasas de inter\u00e9s elevadas de la <strong>Reserva Federal (Fed).<\/strong><\/p>\n<aside class=\"htmlinline\"\/>\n<p>Analistas de <strong>Grupo Financiero Monex<\/strong> revelaron que el d\u00f3lar logr\u00f3 repuntar con fuerza tras las evaluaciones del reporte del mercado laboral en el pa\u00eds\u00a0norteamericano, lo que elev\u00f3 las expectativas de que la Fed aumente su <strong>tasa de inter\u00e9s en 2026<\/strong>.<\/p>\n<aside class=\"relacionadas con-foto linea-1078\"><strong class=\"relacionadas-titulo-gral\">Noticias Relacionadas<\/strong><\/aside>\n<h2>D\u00f3lar se impone ante el peso<\/h2>\n<div class=\"image-align-center\">\n<figure class=\"image\"><img loading=\"lazy\" decoding=\"async\" alt=\"\" height=\"400\" src=\"https:\/\/heraldodemexico.com.mx\/u\/fotografias\/m\/2026\/6\/7\/f768x400-1292985_1336888_5050.jpg\" width=\"768\"\/>&#13;<figcaption>AP<\/figcaption>&#13;<br \/>\n<\/figure>\n<\/div>\n<p><strong>Gabriela Siller Pagaza<\/strong>, directora de <strong>An\u00e1lisis Econ\u00f3mico y Financiero en Grupo Financiero Base<\/strong>, explic\u00f3 tambi\u00e9n que contin\u00faa la aversi\u00f3n al riesgo por la guerra, puesto que, al cierre de la semana, el conflicto cumple <strong>97 d\u00edas.<\/strong><\/p>\n<blockquote><p>&#13;<\/p>\n<p>\u00abDesde el pasado fin de semana se reanudaron los ataques en Oriente Medio. Debido a que persisten las tensiones, durante la semana se observaron <strong>ganancias <\/strong>en los <strong>precios de energ\u00e9ticos<\/strong> en el mercado de materias primas\u00bb, destac\u00f3 la especialista.<\/p>\n<p>&#13;\n<\/p><\/blockquote>\n<p>La cifra representa un importante tropiezo para el peso mexicano en comparaci\u00f3n con los datos publicados en las primeras horas del viernes, cuando cotiz\u00f3 en 17.27 pesos por d\u00f3lar. \u00abSigue a la alza el <strong>tipo de cambio<\/strong> ante la fortaleza del d\u00f3lar. El mercado espera que la Fed suba su tasa de inter\u00e9s este a\u00f1o\u00bb, a\u00f1adi\u00f3 Siller Pagaza.<\/p>\n<\/p><\/div>\n<\/p><\/div>\n<p><script>\n    !function(f,b,e,v,n,t,s)\n    {if(f.fbq)return;n=f.fbq=function(){n.callMethod?\n    n.callMethod.apply(n,arguments):n.queue.push(arguments)};\n    if(!f._fbq)f._fbq=n;n.push=n;n.loaded=!0;n.version='2.0';\n    n.queue=[];t=b.createElement(e);t.async=!0;\n    t.src=v;s=b.getElementsByTagName(e)[0];\n    s.parentNode.insertBefore(t,s)}(window, document,'script',\n    'https:\/\/connect.facebook.net\/en_US\/fbevents.js');\n    fbq('init', '237927003583820');\n    fbq('track', 'PageView');\n  <\/script><br \/>\n<br \/><\/p>\n","protected":false},"excerpt":{"rendered":"<p>El peso mexicano sufri\u00f3 una ligera p\u00e9rdida frente al d\u00f3lar estadounidense durante las primeras hroas del 07 de junio, cuando el tipo de cambio cotiz\u00f3 en 17.47 pesos por unidad, siendo esta la peor depreciaci\u00f3n intradiaria desde el 18 de marzo de acuerdo con cifras recogidas por la plataforma en l\u00ednea Investing.com. Entre los principales [&hellip;]<\/p>\n","protected":false},"author":2,"featured_media":4404,"comment_status":"","ping_status":"","sticky":false,"template":"","format":"standard","meta":{"footnotes":""},"categories":[2],"tags":[],"class_list":["post-4403","post","type-post","status-publish","format-standard","has-post-thumbnail","hentry","category-local"],"_links":{"self":[{"href":"https:\/\/conexion-mx.com\/index.php?rest_route=\/wp\/v2\/posts\/4403","targetHints":{"allow":["GET"]}}],"collection":[{"href":"https:\/\/conexion-mx.com\/index.php?rest_route=\/wp\/v2\/posts"}],"about":[{"href":"https:\/\/conexion-mx.com\/index.php?rest_route=\/wp\/v2\/types\/post"}],"author":[{"embeddable":true,"href":"https:\/\/conexion-mx.com\/index.php?rest_route=\/wp\/v2\/users\/2"}],"replies":[{"embeddable":true,"href":"https:\/\/conexion-mx.com\/index.php?rest_route=%2Fwp%2Fv2%2Fcomments&post=4403"}],"version-history":[{"count":0,"href":"https:\/\/conexion-mx.com\/index.php?rest_route=\/wp\/v2\/posts\/4403\/revisions"}],"wp:featuredmedia":[{"embeddable":true,"href":"https:\/\/conexion-mx.com\/index.php?rest_route=\/wp\/v2\/media\/4404"}],"wp:attachment":[{"href":"https:\/\/conexion-mx.com\/index.php?rest_route=%2Fwp%2Fv2%2Fmedia&parent=4403"}],"wp:term":[{"taxonomy":"category","embeddable":true,"href":"https:\/\/conexion-mx.com\/index.php?rest_route=%2Fwp%2Fv2%2Fcategories&post=4403"},{"taxonomy":"post_tag","embeddable":true,"href":"https:\/\/conexion-mx.com\/index.php?rest_route=%2Fwp%2Fv2%2Ftags&post=4403"}],"curies":[{"name":"wp","href":"https:\/\/api.w.org\/{rel}","templated":true}]}}