{"id":4413,"date":"2026-06-08T07:12:35","date_gmt":"2026-06-08T12:12:35","guid":{"rendered":"https:\/\/conexion-mx.com\/?p=4413"},"modified":"2026-06-08T07:12:35","modified_gmt":"2026-06-08T12:12:35","slug":"que-paso-en-la-linea-3-del-metro-cdmx-hoy-8-de-junio-reportan-largas-filas-de-usuarios","status":"publish","type":"post","link":"https:\/\/conexion-mx.com\/?p=4413","title":{"rendered":"\u00bfQu\u00e9 pas\u00f3 en la L\u00ednea 3 del Metro CDMX HOY 8 de junio? Reportan largas filas de usuarios"},"content":{"rendered":"<p> <br \/>\n<\/p>\n<div itemprop=\"articleBody\">\n<div class=\"txt_contenido\">\n<p>El inicio de semana lleg\u00f3 con complicaciones para algunos usuarios del transporte p\u00fablico de la Ciudad de M\u00e9xico. Durante la ma\u00f1ana de este <strong>lunes 8 de junio<\/strong>, personas que utilizan el Sistema de Transporte Colectivo (STC) <strong>Metro<\/strong> reportaron <strong>retrasos, alta afluencia y tiempos de espera mayores a los habituales<\/strong> en algunas l\u00edneas de la red.<\/p>\n<p>Aunque el <strong>Metro CDMX<\/strong> inform\u00f3 que la circulaci\u00f3n avanza en la mayor\u00eda de las rutas, usuarios se\u00f1alaron mediante redes sociales que algunas estaciones presentan mayor concentraci\u00f3n de pasajeros, principalmente durante la hora pico. Ante ello, las autoridades recomendaron salir con anticipaci\u00f3n y considerar algunos minutos extra para llegar a tiempo a los destinos.<\/p>\n<aside class=\"htmlinline\"\/>\n<p>Entre las l\u00edneas con m\u00e1s reportes durante las primeras horas del d\u00eda se encuentran la <strong>L\u00ednea 3 y la L\u00ednea 8<\/strong>. En el caso de la L\u00ednea 3, que corre de Indios Verdes a Universidad, usuarios indicaron retrasos y acumulaci\u00f3n de personas en algunas estaciones, mientras que el organismo explic\u00f3 que se realiz\u00f3 el <strong>retiro de un tren<\/strong> para revisi\u00f3n y posteriormente se agiliz\u00f3 la circulaci\u00f3n.<\/p>\n<p>En tanto, pasajeros de la <strong>L\u00ednea 8<\/strong>, que conecta Garibaldi con Constituci\u00f3n de 1917, tambi\u00e9n se\u00f1alaron tiempos de espera prolongados. El Metro indic\u00f3 que se <strong>agiliz\u00f3 la salida de trenes desde las terminales<\/strong> y pidi\u00f3 permitir el libre cierre de puertas para evitar afectaciones adicionales en el servicio.<\/p>\n<h2>\u00bfC\u00f3mo avanza el Metro CDMX hoy lunes 8 de junio?<\/h2>\n<p>De acuerdo con la informaci\u00f3n compartida por el <strong>Metro<\/strong> durante la ma\u00f1ana, la <strong>L\u00ednea 3<\/strong> present\u00f3 ajustes en la circulaci\u00f3n despu\u00e9s de que un tren fuera retirado para revisi\u00f3n. Tras esta maniobra, el organismo inform\u00f3 que se trabajaba para normalizar el paso de unidades y reducir los tiempos de espera en estaciones.<\/p>\n<p>\u00a0<\/p>\n<\/p><\/div>\n<\/p><\/div>\n<p><script>\n    !function(f,b,e,v,n,t,s)\n    {if(f.fbq)return;n=f.fbq=function(){n.callMethod?\n    n.callMethod.apply(n,arguments):n.queue.push(arguments)};\n    if(!f._fbq)f._fbq=n;n.push=n;n.loaded=!0;n.version='2.0';\n    n.queue=[];t=b.createElement(e);t.async=!0;\n    t.src=v;s=b.getElementsByTagName(e)[0];\n    s.parentNode.insertBefore(t,s)}(window, document,'script',\n    'https:\/\/connect.facebook.net\/en_US\/fbevents.js');\n    fbq('init', '237927003583820');\n    fbq('track', 'PageView');\n  <\/script><script>\n    !function(f,b,e,v,n,t,s)\n    {if(f.fbq)return;n=f.fbq=function(){n.callMethod?\n    n.callMethod.apply(n,arguments):n.queue.push(arguments)};\n    if(!f._fbq)f._fbq=n;n.push=n;n.loaded=!0;n.version='2.0';\n    n.queue=[];t=b.createElement(e);t.async=!0;\n    t.src=v;s=b.getElementsByTagName(e)[0];\n    s.parentNode.insertBefore(t,s)}(window, document,'script',\n    'https:\/\/connect.facebook.net\/en_US\/fbevents.js');\n    fbq('init', '802372280934901');\n    fbq('track', 'PageView');\n    <\/script><br \/>\n<br \/><\/p>\n","protected":false},"excerpt":{"rendered":"<p>El inicio de semana lleg\u00f3 con complicaciones para algunos usuarios del transporte p\u00fablico de la Ciudad de M\u00e9xico. Durante la ma\u00f1ana de este lunes 8 de junio, personas que utilizan el Sistema de Transporte Colectivo (STC) Metro reportaron retrasos, alta afluencia y tiempos de espera mayores a los habituales en algunas l\u00edneas de la red. [&hellip;]<\/p>\n","protected":false},"author":2,"featured_media":4414,"comment_status":"","ping_status":"","sticky":false,"template":"","format":"standard","meta":{"footnotes":""},"categories":[2],"tags":[],"class_list":["post-4413","post","type-post","status-publish","format-standard","has-post-thumbnail","hentry","category-local"],"_links":{"self":[{"href":"https:\/\/conexion-mx.com\/index.php?rest_route=\/wp\/v2\/posts\/4413","targetHints":{"allow":["GET"]}}],"collection":[{"href":"https:\/\/conexion-mx.com\/index.php?rest_route=\/wp\/v2\/posts"}],"about":[{"href":"https:\/\/conexion-mx.com\/index.php?rest_route=\/wp\/v2\/types\/post"}],"author":[{"embeddable":true,"href":"https:\/\/conexion-mx.com\/index.php?rest_route=\/wp\/v2\/users\/2"}],"replies":[{"embeddable":true,"href":"https:\/\/conexion-mx.com\/index.php?rest_route=%2Fwp%2Fv2%2Fcomments&post=4413"}],"version-history":[{"count":0,"href":"https:\/\/conexion-mx.com\/index.php?rest_route=\/wp\/v2\/posts\/4413\/revisions"}],"wp:featuredmedia":[{"embeddable":true,"href":"https:\/\/conexion-mx.com\/index.php?rest_route=\/wp\/v2\/media\/4414"}],"wp:attachment":[{"href":"https:\/\/conexion-mx.com\/index.php?rest_route=%2Fwp%2Fv2%2Fmedia&parent=4413"}],"wp:term":[{"taxonomy":"category","embeddable":true,"href":"https:\/\/conexion-mx.com\/index.php?rest_route=%2Fwp%2Fv2%2Fcategories&post=4413"},{"taxonomy":"post_tag","embeddable":true,"href":"https:\/\/conexion-mx.com\/index.php?rest_route=%2Fwp%2Fv2%2Ftags&post=4413"}],"curies":[{"name":"wp","href":"https:\/\/api.w.org\/{rel}","templated":true}]}}