{"id":4421,"date":"2026-06-08T23:24:48","date_gmt":"2026-06-09T04:24:48","guid":{"rendered":"https:\/\/conexion-mx.com\/?p=4421"},"modified":"2026-06-08T23:24:48","modified_gmt":"2026-06-09T04:24:48","slug":"mueren-4-personas-en-fiesta-de-xv-anos-por-ingerir-bebidas-adulteradas-en-guanajuato","status":"publish","type":"post","link":"https:\/\/conexion-mx.com\/?p=4421","title":{"rendered":"Mueren 4 personas en fiesta de XV a\u00f1os por ingerir bebidas adulteradas en Guanajuato"},"content":{"rendered":"<p> <br \/>\n<\/p>\n<div>\n<p>Cuatro personas <strong>fallecidas<\/strong> y al menos <strong>14 m\u00e1s hospitalizadas <\/strong>fue el saldo de una presunta intoxicaci\u00f3n et\u00edlica registrada tras una fiesta de <strong>XV a\u00f1os<\/strong>, realizada el pasado s\u00e1bado en la comunidad de <strong>Puerto de Valle<\/strong>, perteneciente al municipio de <strong>Salamanca<\/strong>, Guanajuato.\u00a0La <strong>Fiscal\u00eda General del estado<\/strong>\u00a0(<strong>FGEG<\/strong>) confirm\u00f3 el inicio de una carpeta de investigaci\u00f3n para esclarecer los hechos ocurridos tras la celebraci\u00f3n, donde decenas de asistentes consumieron <strong>bebidas alcoh\u00f3licas <\/strong>que ahora son objeto de an\u00e1lisis pericial.\u00a0<\/p>\n<p>De acuerdo con la informaci\u00f3n oficial, <strong>4 personas han perdido la vida<\/strong>. Entre ellas se encuentran <strong>2 hombres de 39 y 28 a\u00f1os de edad<\/strong>, quienes fallecieron en el traslado a recibir atenci\u00f3n m\u00e9dica en unidades del sector salud estatal.\u00a0<\/p>\n<aside class=\"htmlinline\"\/>\n<p>Una <strong>tercera v\u00edctima mortal<\/strong> fue un hombre cuya edad no ha sido revelada y que era atendido en una cl\u00ednica del <strong>Instituto Mexicano del Seguro Social<\/strong> (<strong>IMSS<\/strong>), donde muri\u00f3 la tarde del <strong>lunes<\/strong>. Sobre la cuarta persona fallecida, las autoridades a\u00fan no han proporcionado informaci\u00f3n sobre su edad, sexo ni el lugar donde recibi\u00f3 atenci\u00f3n m\u00e9dica.\u00a0<\/p>\n<div class=\"image-align-center\">\n<figure class=\"image\"><img loading=\"lazy\" decoding=\"async\" alt=\"\" height=\"385\" src=\"https:\/\/heraldodemexico.com.mx\/u\/fotografias\/m\/2026\/6\/8\/f768x1-1293635_1293762_5050.jpeg\" width=\"680\"\/>&#13;<figcaption>Los fallecidos bebieron alcohol adulterado en una fiesta de XV a\u00f1os. Foto: Magnific<\/figcaption>&#13;<br \/>\n<\/figure>\n<\/div>\n<h2>14 personas bajo observaci\u00f3n<\/h2>\n<p>Mientras tanto, el <strong>Servicio M\u00e9dico Forense<\/strong> (<strong>Semefo<\/strong>) realiza los <strong>estudios toxicol\u00f3gicos<\/strong> correspondientes para determinar con precisi\u00f3n la sustancia que provoc\u00f3 los decesos. De manera preliminar, los reportes m\u00e9dicos se\u00f1alan que tanto los pacientes atendidos por la <strong>Secretar\u00eda de Salud<\/strong> como el caso registrado en el <strong>IMSS <\/strong>presentaban cuadros compatibles con intoxicaci\u00f3n por etanol.\u00a0<\/p>\n<p>Adem\u00e1s de las cuatro v\u00edctimas mortales, al menos <strong>14 personas<\/strong> resultaron intoxicadas en el mismo evento y permanecen bajo observaci\u00f3n m\u00e9dica.\u00a0La <strong>Secretar\u00eda de Salud de Guanajuato <\/strong>inform\u00f3 previamente que <strong>11 pacientes<\/strong> fueron ingresados de manera paulatina durante la ma\u00f1ana y el mediod\u00eda del lunes al <strong>Hospital de la Gente de Salamanca<\/strong>, donde contin\u00faan recibiendo atenci\u00f3n especializada.\u00a0<\/p>\n<div class=\"image-align-center\">\n<figure class=\"image\"><img loading=\"lazy\" decoding=\"async\" alt=\"\" height=\"451\" src=\"https:\/\/heraldodemexico.com.mx\/u\/fotografias\/m\/2026\/6\/8\/f768x1-1293633_1293760_5050.jpg\" width=\"680\"\/>&#13;<figcaption>Semefo trabaja\u00a0para determinar con precisi\u00f3n la sustancia que provoc\u00f3 los decesos. Foto: Magnific<\/figcaption>&#13;<br \/>\n<\/figure>\n<\/div>\n<h2>Un menor\u00a0grave<\/h2>\n<p>Entre los pacientes reportados como graves se encuentran un <strong>adolescente de 16 a\u00f1os<\/strong>, un <strong>hombre de 25 a\u00f1os<\/strong> y d<strong>os mujeres de 21 y 47 a\u00f1os de edad<\/strong>.\u00a0Asimismo, permanecen estables <strong>dos hombres de 21 y 30 a\u00f1os<\/strong>, adem\u00e1s de <strong>cinco mujeres de 15, 15, 29, 36 y 45 a\u00f1os<\/strong>.\u00a0<\/p>\n<p>Las investigaciones se\u00f1alan que los asistentes comenzaron a presentar <strong>malestares<\/strong> desde el domingo, horas despu\u00e9s de haber participado en la celebraci\u00f3n. Inicialmente reportaron dolor de cabeza y malestar general; sin embargo, durante la madrugada del lunes su estado de salud se agrav\u00f3 con s\u00edntomas como visi\u00f3n borrosa, v\u00f3mito, hipotermia y somnolencia profunda.\u00a0<\/p>\n<p>Algunos de los afectados fueron trasladados por familiares al <strong>Centro de Salud con Servicios Ampliados<\/strong> (<strong>CESSA<\/strong>) de <strong>Valtierrilla<\/strong>, desde donde fueron referidos al <strong>Hospital de Salamanca<\/strong>. Otros acudieron directamente a recibir <strong>atenci\u00f3n m\u00e9dic<\/strong>a por sus propios medios.\u00a0&#13;<br \/>\n&#13;\n<\/p>\n<div class=\"image-align-center\">\n<figure class=\"image\"><img loading=\"lazy\" decoding=\"async\" alt=\"\" height=\"385\" src=\"https:\/\/heraldodemexico.com.mx\/u\/fotografias\/m\/2026\/6\/8\/f768x1-1293636_1293763_5050.jpeg\" width=\"680\"\/>&#13;<figcaption>El etanol es utilizado com\u00fanmente en procesos industriales, sanitarios y de limpieza. Foto: Magnific<\/figcaption>&#13;<br \/>\n<\/figure>\n<\/div>\n<h2>\u00bfQu\u00e9 es el etanol?<\/h2>\n<p>De manera paralela, <strong>Agentes de Investigaci\u00f3n Criminal <\/strong>(<strong>AIC<\/strong>) y peritos forenses mantienen trabajos de campo para recabar evidencias y determinar el origen de la<strong> intoxicaci\u00f3n masiva<\/strong>.\u00a0Las primeras versiones obtenidas por autoridades sanitarias apuntan a que los asistentes consumieron tequila durante la celebraci\u00f3n. Posiblemente contaminada con <strong>etanol<\/strong>.\u00a0&#13;<br \/>\n&#13;\n<\/p>\n<p>El <strong>etanol <\/strong>es utilizado com\u00fanmente en procesos industriales, sanitarios y de limpieza, puede provocar severas afectaciones cuando se consume en altas concentraciones. Entre las principales consecuencias se encuentran<strong> inflamaci\u00f3n del es\u00f3fago, est\u00f3mago e intestinos<\/strong>, gastritis aguda, dolor abdominal intenso, n\u00e1useas, v\u00f3mito, alteraciones en la barrera intestinal, procesos inflamatorios severos, formaci\u00f3n de \u00falceras e incluso <strong>hemorragias digestivas<\/strong>.&#13;<br \/>\n&#13;<br \/>\n&#13;\n                                <\/p>\n<\/p><\/div>\n<p><script>\n    !function(f,b,e,v,n,t,s)\n    {if(f.fbq)return;n=f.fbq=function(){n.callMethod?\n    n.callMethod.apply(n,arguments):n.queue.push(arguments)};\n    if(!f._fbq)f._fbq=n;n.push=n;n.loaded=!0;n.version='2.0';\n    n.queue=[];t=b.createElement(e);t.async=!0;\n    t.src=v;s=b.getElementsByTagName(e)[0];\n    s.parentNode.insertBefore(t,s)}(window, document,'script',\n    'https:\/\/connect.facebook.net\/en_US\/fbevents.js');\n    fbq('init', '237927003583820');\n    fbq('track', 'PageView');\n  <\/script><script>\n    !function(f,b,e,v,n,t,s)\n    {if(f.fbq)return;n=f.fbq=function(){n.callMethod?\n    n.callMethod.apply(n,arguments):n.queue.push(arguments)};\n    if(!f._fbq)f._fbq=n;n.push=n;n.loaded=!0;n.version='2.0';\n    n.queue=[];t=b.createElement(e);t.async=!0;\n    t.src=v;s=b.getElementsByTagName(e)[0];\n    s.parentNode.insertBefore(t,s)}(window, document,'script',\n    'https:\/\/connect.facebook.net\/en_US\/fbevents.js');\n    fbq('init', '802372280934901');\n    fbq('track', 'PageView');\n    <\/script><br \/>\n<br \/><\/p>\n","protected":false},"excerpt":{"rendered":"<p>Cuatro personas fallecidas y al menos 14 m\u00e1s hospitalizadas fue el saldo de una presunta intoxicaci\u00f3n et\u00edlica registrada tras una fiesta de XV a\u00f1os, realizada el pasado s\u00e1bado en la comunidad de Puerto de Valle, perteneciente al municipio de Salamanca, Guanajuato.\u00a0La Fiscal\u00eda General del estado\u00a0(FGEG) confirm\u00f3 el inicio de una carpeta de investigaci\u00f3n para esclarecer [&hellip;]<\/p>\n","protected":false},"author":2,"featured_media":4422,"comment_status":"","ping_status":"","sticky":false,"template":"","format":"standard","meta":{"footnotes":""},"categories":[2],"tags":[],"class_list":["post-4421","post","type-post","status-publish","format-standard","has-post-thumbnail","hentry","category-local"],"_links":{"self":[{"href":"https:\/\/conexion-mx.com\/index.php?rest_route=\/wp\/v2\/posts\/4421","targetHints":{"allow":["GET"]}}],"collection":[{"href":"https:\/\/conexion-mx.com\/index.php?rest_route=\/wp\/v2\/posts"}],"about":[{"href":"https:\/\/conexion-mx.com\/index.php?rest_route=\/wp\/v2\/types\/post"}],"author":[{"embeddable":true,"href":"https:\/\/conexion-mx.com\/index.php?rest_route=\/wp\/v2\/users\/2"}],"replies":[{"embeddable":true,"href":"https:\/\/conexion-mx.com\/index.php?rest_route=%2Fwp%2Fv2%2Fcomments&post=4421"}],"version-history":[{"count":0,"href":"https:\/\/conexion-mx.com\/index.php?rest_route=\/wp\/v2\/posts\/4421\/revisions"}],"wp:featuredmedia":[{"embeddable":true,"href":"https:\/\/conexion-mx.com\/index.php?rest_route=\/wp\/v2\/media\/4422"}],"wp:attachment":[{"href":"https:\/\/conexion-mx.com\/index.php?rest_route=%2Fwp%2Fv2%2Fmedia&parent=4421"}],"wp:term":[{"taxonomy":"category","embeddable":true,"href":"https:\/\/conexion-mx.com\/index.php?rest_route=%2Fwp%2Fv2%2Fcategories&post=4421"},{"taxonomy":"post_tag","embeddable":true,"href":"https:\/\/conexion-mx.com\/index.php?rest_route=%2Fwp%2Fv2%2Ftags&post=4421"}],"curies":[{"name":"wp","href":"https:\/\/api.w.org\/{rel}","templated":true}]}}