{"id":4423,"date":"2026-06-09T06:27:26","date_gmt":"2026-06-09T11:27:26","guid":{"rendered":"https:\/\/conexion-mx.com\/?p=4423"},"modified":"2026-06-09T06:27:26","modified_gmt":"2026-06-09T11:27:26","slug":"abelito-sufre-fuerte-caida-video-con-aldo-de-nigris-desata-preocupacion","status":"publish","type":"post","link":"https:\/\/conexion-mx.com\/?p=4423","title":{"rendered":"\u00bfAbelito sufre fuerte ca\u00edda? VIDEO con Aldo de Nigris desata preocupaci\u00f3n"},"content":{"rendered":"<p> <br \/>\n<\/p>\n<div itemprop=\"articleBody\">\n<div class=\"txt_contenido\">\n<p><strong>Abelito<\/strong> es uno de los creadores de contenido m\u00e1s queridos de la pantalla chica, motivo por el que el video que se hizo viral a trav\u00e9s de redes sociales en el que aparece con <strong>Aldo de Nigris<\/strong> gener\u00f3 preocupaci\u00f3n entre sus fans. Y es que en las im\u00e1genes se observa el instante en el que el tambi\u00e9n actor sufre una fuerte <strong>ca\u00edda<\/strong> al salir\u00a0proyectado de unas gradas, algo por lo que de inmediato fue auxiliado por el influencer regiomontano.\u00a0<\/p>\n<p>El tiktoker fue parte de la tercera temporada de \u201cLa Casa de los Famosos M\u00e9xico\u201d junto a<strong> Aldo de Nigris<\/strong>, lugar en el que formaron una gran <strong>amistad<\/strong> logrando conquistar al p\u00fablico con su autenticidad y carisma. Ahora es esta cercan\u00eda lo que inspir\u00f3 un nuevo proyecto para la<strong> Copa Mundial 2026<\/strong> y en el que ambos son protagonistas.\u00a0<\/p>\n<aside class=\"htmlinline\"\/>\n<h2>\u00bfC\u00f3mo fue el accidente de Abelito?\u00a0<\/h2>\n<p>En el video difundido a trav\u00e9s de redes sociales se observa a Abelito y a Aldo de Nigris sosteniendo m\u00e1scaras de <strong>luchador<\/strong>\u00a0mientras celebran en lo que parecen ser las gradas de un estadio. En medio de la euforia el influencer regiomontano le da una fuerte <strong>palmada<\/strong>\u00a0en la espalda al tiktoker provocando que perdiera el <strong>equilibrio<\/strong> y\u00a0cayera varios escalones.\u00a0<\/p>\n<aside class=\"relacionadas con-foto linea-1078\"><strong class=\"relacionadas-titulo-gral\">Noticias Relacionadas<\/strong><\/aside>\n<p>Aunque el incidente no parece grave, Aldo de Nigris se mostr\u00f3 <strong>preocupado<\/strong> debido a la altura de la que cay\u00f3 Abelito por lo que al instante decide bajar para asegurarse de que el youtuber se encuentra bien y le ayuda a levantarse. Finalmente, lo sacude y lanza una sonrisa nerviosa dejando ver que su preocupaci\u00f3n fue genuina.\u00a0<\/p>\n<p>Hasta el momento los influencers no han dado declaraciones sobre la ca\u00edda, sin embargo, internautas han se\u00f1alado que podr\u00eda tratarse de una grabaci\u00f3n para el segmento\u00a0\u00a0\u201c<strong>Entre compas\u201d <\/strong>que recientemente se estren\u00f3 como parte de los proyectos para la <strong>Copa Mundial 2026.<\/strong>\u00a0<\/p>\n<\/p><\/div>\n<\/p><\/div>\n<p><script>\n    !function(f,b,e,v,n,t,s)\n    {if(f.fbq)return;n=f.fbq=function(){n.callMethod?\n    n.callMethod.apply(n,arguments):n.queue.push(arguments)};\n    if(!f._fbq)f._fbq=n;n.push=n;n.loaded=!0;n.version='2.0';\n    n.queue=[];t=b.createElement(e);t.async=!0;\n    t.src=v;s=b.getElementsByTagName(e)[0];\n    s.parentNode.insertBefore(t,s)}(window, document,'script',\n    'https:\/\/connect.facebook.net\/en_US\/fbevents.js');\n    fbq('init', '237927003583820');\n    fbq('track', 'PageView');\n  <\/script><script>\n    !function(f,b,e,v,n,t,s)\n    {if(f.fbq)return;n=f.fbq=function(){n.callMethod?\n    n.callMethod.apply(n,arguments):n.queue.push(arguments)};\n    if(!f._fbq)f._fbq=n;n.push=n;n.loaded=!0;n.version='2.0';\n    n.queue=[];t=b.createElement(e);t.async=!0;\n    t.src=v;s=b.getElementsByTagName(e)[0];\n    s.parentNode.insertBefore(t,s)}(window, document,'script',\n    'https:\/\/connect.facebook.net\/en_US\/fbevents.js');\n    fbq('init', '775201487065840');\n    fbq('track', 'PageView');\n    <\/script><br \/>\n<br \/><\/p>\n","protected":false},"excerpt":{"rendered":"<p>Abelito es uno de los creadores de contenido m\u00e1s queridos de la pantalla chica, motivo por el que el video que se hizo viral a trav\u00e9s de redes sociales en el que aparece con Aldo de Nigris gener\u00f3 preocupaci\u00f3n entre sus fans. Y es que en las im\u00e1genes se observa el instante en el que [&hellip;]<\/p>\n","protected":false},"author":3,"featured_media":4424,"comment_status":"","ping_status":"","sticky":false,"template":"","format":"standard","meta":{"footnotes":""},"categories":[34],"tags":[],"class_list":["post-4423","post","type-post","status-publish","format-standard","has-post-thumbnail","hentry","category-sociedad"],"_links":{"self":[{"href":"https:\/\/conexion-mx.com\/index.php?rest_route=\/wp\/v2\/posts\/4423","targetHints":{"allow":["GET"]}}],"collection":[{"href":"https:\/\/conexion-mx.com\/index.php?rest_route=\/wp\/v2\/posts"}],"about":[{"href":"https:\/\/conexion-mx.com\/index.php?rest_route=\/wp\/v2\/types\/post"}],"author":[{"embeddable":true,"href":"https:\/\/conexion-mx.com\/index.php?rest_route=\/wp\/v2\/users\/3"}],"replies":[{"embeddable":true,"href":"https:\/\/conexion-mx.com\/index.php?rest_route=%2Fwp%2Fv2%2Fcomments&post=4423"}],"version-history":[{"count":0,"href":"https:\/\/conexion-mx.com\/index.php?rest_route=\/wp\/v2\/posts\/4423\/revisions"}],"wp:featuredmedia":[{"embeddable":true,"href":"https:\/\/conexion-mx.com\/index.php?rest_route=\/wp\/v2\/media\/4424"}],"wp:attachment":[{"href":"https:\/\/conexion-mx.com\/index.php?rest_route=%2Fwp%2Fv2%2Fmedia&parent=4423"}],"wp:term":[{"taxonomy":"category","embeddable":true,"href":"https:\/\/conexion-mx.com\/index.php?rest_route=%2Fwp%2Fv2%2Fcategories&post=4423"},{"taxonomy":"post_tag","embeddable":true,"href":"https:\/\/conexion-mx.com\/index.php?rest_route=%2Fwp%2Fv2%2Ftags&post=4423"}],"curies":[{"name":"wp","href":"https:\/\/api.w.org\/{rel}","templated":true}]}}