{"id":4427,"date":"2026-06-09T10:49:31","date_gmt":"2026-06-09T15:49:31","guid":{"rendered":"https:\/\/conexion-mx.com\/?p=4427"},"modified":"2026-06-09T10:49:31","modified_gmt":"2026-06-09T15:49:31","slug":"nino-empuja-a-una-menor-desde-un-tobogan-y-termina-hospitalizada-con-fractura-en-el-craneo-imagenes-fuertes","status":"publish","type":"post","link":"https:\/\/conexion-mx.com\/?p=4427","title":{"rendered":"Ni\u00f1o empuja a una menor desde un tobog\u00e1n y termina hospitalizada con fractura en el cr\u00e1neo | IM\u00c1GENES FUERTES"},"content":{"rendered":"<p> <br \/>\n<\/p>\n<div>\n<p>Un momento de diversi\u00f3n dentro de un \u00e1rea infantil termin\u00f3 en una emergencia m\u00e9dica para una <strong>ni\u00f1a de cuatro a\u00f1os<\/strong>, quien tuvo que ser trasladada a un hospital despu\u00e9s de sufrir una <strong>fuerte ca\u00edda<\/strong> desde un <strong>tobog\u00e1n<\/strong> en un complejo residencial ubicado en Han\u00f3i, Vietnam. El caso comenz\u00f3 a difundirse ampliamente luego de que las im\u00e1genes captadas por una c\u00e1mara de seguridad circularan en redes sociales.<\/p>\n<p>El <strong>accidente<\/strong> ocurri\u00f3 durante la tarde del 7 de junio, cuando la menor se encontraba jugando en la zona recreativa del edificio. En el video se observa que otro ni\u00f1o se acerca a ella mientras ambos est\u00e1n en la estructura del juego y segundos despu\u00e9s la <strong>empuja<\/strong>, provocando que la peque\u00f1a pierda el equilibrio y caiga desde una altura aproximada de metro y medio.<\/p>\n<aside class=\"htmlinline\"\/>\n<p>Tras el impacto contra el suelo, la ni\u00f1a fue auxiliada y llevada a un centro m\u00e9dico para recibir atenci\u00f3n especializada. Los doctores realizaron diferentes estudios debido a la manera en que ocurri\u00f3 la <strong>ca\u00edda<\/strong>, principalmente porque <strong>la menor golpe\u00f3 su cabeza<\/strong> y exist\u00eda preocupaci\u00f3n por posibles da\u00f1os internos derivados del <strong>accidente<\/strong>.<\/p>\n<p>El caso provoc\u00f3 diferentes reacciones entre usuarios de redes sociales, donde muchas personas se\u00f1alaron la importancia de mantener <strong>supervisi\u00f3n<\/strong> constante de los <strong>menores<\/strong> dentro de parques y zonas infantiles. La familia de la ni\u00f1a tambi\u00e9n pidi\u00f3 reforzar las medidas de seguridad para evitar que otros menores atraviesen situaciones similares.<\/p>\n<h2>\u00bfQu\u00e9 lesiones sufri\u00f3 la ni\u00f1a que fue empujada desde el tobog\u00e1n?<\/h2>\n<p>De acuerdo con los reportes m\u00e9dicos difundidos tras el <strong>accidente<\/strong>, la <strong>menor present\u00f3 lesiones<\/strong> importantes como consecuencia del golpe. Los especialistas detectaron una <strong>fractura<\/strong> en una zona del <strong>cr\u00e1neo<\/strong> con afectaci\u00f3n hacia el \u00e1rea cercana al ojo derecho, adem\u00e1s de <strong>inflamaci\u00f3n<\/strong> y un <strong>hematoma<\/strong> ocasionado por la <strong>ca\u00edda<\/strong>.<\/p>\n<p>Los estudios realizados tambi\u00e9n encontraron un peque\u00f1o <strong>hematoma<\/strong> en la zona frontal del <strong>cerebro<\/strong>, por lo que los m\u00e9dicos decidieron mantener a la ni\u00f1a internada bajo vigilancia. Aunque su estado fue reportado como estable, el personal de salud continuar\u00e1 revisando su evoluci\u00f3n para descartar complicaciones neurol\u00f3gicas.<\/p>\n<p>El equipo m\u00e9dico inform\u00f3 que la menor permanec\u00eda consciente despu\u00e9s del <strong>accidente<\/strong> y no present\u00f3 algunos signos considerados de mayor gravedad, como convulsiones, p\u00e9rdida del conocimiento o dificultades de movimiento. Por ahora, el tratamiento consiste en medicamentos para controlar las molestias y revisiones constantes durante su <strong>recuperaci\u00f3n<\/strong>.<\/p>\n<h2>Padre de la ni\u00f1a pide mayor supervisi\u00f3n tras accidente en parque infantil<\/h2>\n<figure class=\"image\"><img loading=\"lazy\" decoding=\"async\" alt=\"\" height=\"470\" src=\"https:\/\/heraldodemexico.com.mx\/u\/fotografias\/m\/2026\/6\/9\/f768x1-1293776_1293903_5050.png\" width=\"768\"\/>&#13;<figcaption>El equipo m\u00e9dico inform\u00f3 que la menor permanec\u00eda consciente despu\u00e9s del accidente |\u00a0@Caoz_ES<\/figcaption>&#13;<br \/>\n<\/figure>\n<p>Ngoc Anh, padre de la <strong>menor afectada<\/strong>, confirm\u00f3 que su hija era la ni\u00f1a que aparec\u00eda en el video difundido en internet y explic\u00f3 que el otro menor involucrado tiene <strong>autismo<\/strong>. Sin embargo, se\u00f1al\u00f3 que cualquier condici\u00f3n requiere acompa\u00f1amiento adecuado por parte de los adultos responsables, especialmente cuando los <strong>ni\u00f1os<\/strong> conviven en espacios p\u00fablicos.&#13;<br \/>\n&#13;\n<\/p>\n<p>El hombre tambi\u00e9n reconoci\u00f3 que lamenta no haber estado m\u00e1s cerca de su hija justo cuando ocurri\u00f3 el <strong>accidente<\/strong> y asegur\u00f3 que la prioridad de su familia es su recuperaci\u00f3n. Adem\u00e1s, hizo un llamado para que la administraci\u00f3n del complejo residencial revise sus protocolos de vigilancia y acceso a las \u00e1reas de juego, con el objetivo de reducir riesgos para otros ni\u00f1os.&#13;<br \/>\n&#13;<br \/>\n&#13;\n                                <\/p>\n<\/p><\/div>\n<p><script>\n    !function(f,b,e,v,n,t,s)\n    {if(f.fbq)return;n=f.fbq=function(){n.callMethod?\n    n.callMethod.apply(n,arguments):n.queue.push(arguments)};\n    if(!f._fbq)f._fbq=n;n.push=n;n.loaded=!0;n.version='2.0';\n    n.queue=[];t=b.createElement(e);t.async=!0;\n    t.src=v;s=b.getElementsByTagName(e)[0];\n    s.parentNode.insertBefore(t,s)}(window, document,'script',\n    'https:\/\/connect.facebook.net\/en_US\/fbevents.js');\n    fbq('init', '237927003583820');\n    fbq('track', 'PageView');\n  <\/script><br \/>\n<br \/><\/p>\n","protected":false},"excerpt":{"rendered":"<p>Un momento de diversi\u00f3n dentro de un \u00e1rea infantil termin\u00f3 en una emergencia m\u00e9dica para una ni\u00f1a de cuatro a\u00f1os, quien tuvo que ser trasladada a un hospital despu\u00e9s de sufrir una fuerte ca\u00edda desde un tobog\u00e1n en un complejo residencial ubicado en Han\u00f3i, Vietnam. El caso comenz\u00f3 a difundirse ampliamente luego de que las [&hellip;]<\/p>\n","protected":false},"author":3,"featured_media":4428,"comment_status":"","ping_status":"","sticky":false,"template":"","format":"standard","meta":{"footnotes":""},"categories":[35],"tags":[],"class_list":["post-4427","post","type-post","status-publish","format-standard","has-post-thumbnail","hentry","category-espectaculos"],"_links":{"self":[{"href":"https:\/\/conexion-mx.com\/index.php?rest_route=\/wp\/v2\/posts\/4427","targetHints":{"allow":["GET"]}}],"collection":[{"href":"https:\/\/conexion-mx.com\/index.php?rest_route=\/wp\/v2\/posts"}],"about":[{"href":"https:\/\/conexion-mx.com\/index.php?rest_route=\/wp\/v2\/types\/post"}],"author":[{"embeddable":true,"href":"https:\/\/conexion-mx.com\/index.php?rest_route=\/wp\/v2\/users\/3"}],"replies":[{"embeddable":true,"href":"https:\/\/conexion-mx.com\/index.php?rest_route=%2Fwp%2Fv2%2Fcomments&post=4427"}],"version-history":[{"count":0,"href":"https:\/\/conexion-mx.com\/index.php?rest_route=\/wp\/v2\/posts\/4427\/revisions"}],"wp:featuredmedia":[{"embeddable":true,"href":"https:\/\/conexion-mx.com\/index.php?rest_route=\/wp\/v2\/media\/4428"}],"wp:attachment":[{"href":"https:\/\/conexion-mx.com\/index.php?rest_route=%2Fwp%2Fv2%2Fmedia&parent=4427"}],"wp:term":[{"taxonomy":"category","embeddable":true,"href":"https:\/\/conexion-mx.com\/index.php?rest_route=%2Fwp%2Fv2%2Fcategories&post=4427"},{"taxonomy":"post_tag","embeddable":true,"href":"https:\/\/conexion-mx.com\/index.php?rest_route=%2Fwp%2Fv2%2Ftags&post=4427"}],"curies":[{"name":"wp","href":"https:\/\/api.w.org\/{rel}","templated":true}]}}