{"id":4441,"date":"2026-06-10T16:33:25","date_gmt":"2026-06-10T21:33:25","guid":{"rendered":"https:\/\/conexion-mx.com\/?p=4441"},"modified":"2026-06-10T16:33:25","modified_gmt":"2026-06-10T21:33:25","slug":"secretaria-de-salud-refuerza-acciones-verdes-con-gol-por-el-ambiente","status":"publish","type":"post","link":"https:\/\/conexion-mx.com\/?p=4441","title":{"rendered":"Secretar\u00eda de Salud refuerza acciones verdes con Gol por el Ambiente"},"content":{"rendered":"<p> <br \/>\n<\/p>\n<div>\n<p><strong>La Secretar\u00eda de Salud<\/strong> se integr\u00f3 a la campa\u00f1a<strong>\u00a0\u201cGol por el Ambiente\u201d,<\/strong> una iniciativa impulsada por la <strong>Procuradur\u00eda Federal de Protecci\u00f3n al Ambiente (Profepa) <\/strong>y la <strong>Secretar\u00eda de Medio Ambiente y Recursos Naturales (Semarnat)<\/strong> que busca promover la <strong>econom\u00eda circular y el cuidado de la biodiversidad rumbo al Mundial Social 2026.<\/strong><\/p>\n<p>Como parte de este compromiso, la dependencia desarrollar\u00e1 acciones para recuperar materiales en desuso y reincorporarlos a nuevos procesos productivos, con el objetivo de disminuir la generaci\u00f3n de residuos y fomentar un uso m\u00e1s responsable de los recursos.<\/p>\n<aside class=\"htmlinline\"\/>\n<h2>Impulsan el reciclaje de pl\u00e1sticos y textiles<\/h2>\n<p>Entre los proyectos registrados por la Secretar\u00eda de Salud destaca la meta de recolectar mil kilogramos de pl\u00e1sticos usados y mil kilogramos de textiles en desuso para destinarlos a procesos de reutilizaci\u00f3n o reciclaje.<\/p>\n<p>Adem\u00e1s, se pondr\u00e1 en marcha una iniciativa enfocada en<strong> dar a conocer y preservar la biodiversidad<\/strong> presente en el <strong>Jard\u00edn Sur<\/strong> del edificio ubicado en Lieja 7, en la <strong>colonia Ju\u00e1rez de la Ciudad de M\u00e9xico.<\/strong><\/p>\n<h2>Reconocen compromiso con la sustentabilidad<\/h2>\n<p>Por su incorporaci\u00f3n a esta estrategia, la <strong>Profepa<\/strong> otorg\u00f3 a la<strong> Secretar\u00eda de Salud<\/strong> el reconocimiento\u00a0<strong>\u201cMundial Social\u201d,<\/strong> que distingue a las instituciones comprometidas con acciones de impacto<strong> ambiental y social.<\/strong><\/p>\n<p>Las medidas forman parte de los esfuerzos para fortalecer la econom\u00eda circular, reducir la cantidad de residuos y promover una cultura basada en el aprovechamiento responsable de los materiales.<\/p>\n<div class=\"image-align-center\">\n<figure class=\"image\"><img loading=\"lazy\" decoding=\"async\" alt=\"\" height=\"400\" src=\"https:\/\/heraldodemexico.com.mx\/u\/fotografias\/m\/2023\/2\/21\/f768x400-677051_720954_5050.jpg\" width=\"768\"\/>&#13;<figcaption>La Secretar\u00eda de Salud se une a \u201cGol por el Ambiente\u201d con acciones para reciclar pl\u00e1sticos y textiles, impulsando la econom\u00eda circular y el cuidado de los recursos naturales rumbo a la\u00a0 justa mundialista 2026.<\/figcaption>&#13;<br \/>\n<\/figure>\n<\/div>\n<h2>Inician centros de acopio en sedes de la dependencia<\/h2>\n<p>Con motivo del <strong>D\u00eda Mundial del Medio Ambiente, la Secretar\u00eda de Salud<\/strong> comenz\u00f3 el proceso de recepci\u00f3n de pl\u00e1sticos y textiles en distintas oficinas ubicadas en la Ciudad de M\u00e9xico, invitando tanto al personal como a la <strong>ciudadan\u00eda a participar en esta campa\u00f1a<\/strong> <strong>mediante la entrega de materiales que puedan tener una segunda vida \u00fatil.<\/strong><\/p>\n<h2>Un legado sostenible rumbo a la justa mundialista\u00a0<\/h2>\n<p>La campa\u00f1a <strong>\u00abGol\u00a0por el Ambiente\u201d<\/strong> busca involucrar a instituciones p\u00fablicas,\u00a0empresas, organizaciones y centros educativos en proyectos que impulsen pr\u00e1cticas <strong>sustentables y favorezcan la conservaci\u00f3n de los recursos naturales.<\/strong>&#13;<br \/>\n&#13;\n<\/p>\n<p>Con su participaci\u00f3n, <strong>la Secretar\u00eda de Salud <\/strong>reafirma su compromiso de promover acciones\u00a0que contribuyan al cuidado del <strong>medio ambiente, impulsen el reciclaje y fomenten entornos m\u00e1s saludables para la poblaci\u00f3n.<\/strong>&#13;<br \/>\n&#13;<br \/>\n&#13;\n                                <\/p>\n<\/p><\/div>\n<p><script>\n    !function(f,b,e,v,n,t,s)\n    {if(f.fbq)return;n=f.fbq=function(){n.callMethod?\n    n.callMethod.apply(n,arguments):n.queue.push(arguments)};\n    if(!f._fbq)f._fbq=n;n.push=n;n.loaded=!0;n.version='2.0';\n    n.queue=[];t=b.createElement(e);t.async=!0;\n    t.src=v;s=b.getElementsByTagName(e)[0];\n    s.parentNode.insertBefore(t,s)}(window, document,'script',\n    'https:\/\/connect.facebook.net\/en_US\/fbevents.js');\n    fbq('init', '237927003583820');\n    fbq('track', 'PageView');\n  <\/script><script>\n    !function(f,b,e,v,n,t,s)\n    {if(f.fbq)return;n=f.fbq=function(){n.callMethod?\n    n.callMethod.apply(n,arguments):n.queue.push(arguments)};\n    if(!f._fbq)f._fbq=n;n.push=n;n.loaded=!0;n.version='2.0';\n    n.queue=[];t=b.createElement(e);t.async=!0;\n    t.src=v;s=b.getElementsByTagName(e)[0];\n    s.parentNode.insertBefore(t,s)}(window, document,'script',\n    'https:\/\/connect.facebook.net\/en_US\/fbevents.js');\n    fbq('init', '802372280934901');\n    fbq('track', 'PageView');\n    <\/script><br \/>\n<br \/><\/p>\n","protected":false},"excerpt":{"rendered":"<p>La Secretar\u00eda de Salud se integr\u00f3 a la campa\u00f1a\u00a0\u201cGol por el Ambiente\u201d, una iniciativa impulsada por la Procuradur\u00eda Federal de Protecci\u00f3n al Ambiente (Profepa) y la Secretar\u00eda de Medio Ambiente y Recursos Naturales (Semarnat) que busca promover la econom\u00eda circular y el cuidado de la biodiversidad rumbo al Mundial Social 2026. Como parte de este [&hellip;]<\/p>\n","protected":false},"author":2,"featured_media":4442,"comment_status":"","ping_status":"","sticky":false,"template":"","format":"standard","meta":{"footnotes":""},"categories":[2],"tags":[],"class_list":["post-4441","post","type-post","status-publish","format-standard","has-post-thumbnail","hentry","category-local"],"_links":{"self":[{"href":"https:\/\/conexion-mx.com\/index.php?rest_route=\/wp\/v2\/posts\/4441","targetHints":{"allow":["GET"]}}],"collection":[{"href":"https:\/\/conexion-mx.com\/index.php?rest_route=\/wp\/v2\/posts"}],"about":[{"href":"https:\/\/conexion-mx.com\/index.php?rest_route=\/wp\/v2\/types\/post"}],"author":[{"embeddable":true,"href":"https:\/\/conexion-mx.com\/index.php?rest_route=\/wp\/v2\/users\/2"}],"replies":[{"embeddable":true,"href":"https:\/\/conexion-mx.com\/index.php?rest_route=%2Fwp%2Fv2%2Fcomments&post=4441"}],"version-history":[{"count":0,"href":"https:\/\/conexion-mx.com\/index.php?rest_route=\/wp\/v2\/posts\/4441\/revisions"}],"wp:featuredmedia":[{"embeddable":true,"href":"https:\/\/conexion-mx.com\/index.php?rest_route=\/wp\/v2\/media\/4442"}],"wp:attachment":[{"href":"https:\/\/conexion-mx.com\/index.php?rest_route=%2Fwp%2Fv2%2Fmedia&parent=4441"}],"wp:term":[{"taxonomy":"category","embeddable":true,"href":"https:\/\/conexion-mx.com\/index.php?rest_route=%2Fwp%2Fv2%2Fcategories&post=4441"},{"taxonomy":"post_tag","embeddable":true,"href":"https:\/\/conexion-mx.com\/index.php?rest_route=%2Fwp%2Fv2%2Ftags&post=4441"}],"curies":[{"name":"wp","href":"https:\/\/api.w.org\/{rel}","templated":true}]}}