{"id":4445,"date":"2026-06-11T00:52:22","date_gmt":"2026-06-11T05:52:22","guid":{"rendered":"https:\/\/conexion-mx.com\/?p=4445"},"modified":"2026-06-11T00:52:22","modified_gmt":"2026-06-11T05:52:22","slug":"dejan-corona-funebre-frente-a-la-casa-de-la-diputada-paola-garate-en-culiacan-pri-condena-amenaza","status":"publish","type":"post","link":"https:\/\/conexion-mx.com\/?p=4445","title":{"rendered":"Dejan corona f\u00fanebre frente a la casa de la diputada Paola G\u00e1rate en Culiac\u00e1n; PRI condena amenaza"},"content":{"rendered":"<p> <br \/>\n<\/p>\n<div>\n<p><strong>Alito Moreno<\/strong>, presidente del <strong>Partido Revolucionario Institucional (PRI),<\/strong> conden\u00f3 p\u00fablicamente la amenaza contra la diputada\u00a0<strong>Paola G\u00e1rate<\/strong>, quien recibi\u00f3 una cor\u00f3na f\u00fanebre en su hogar de <strong>Culiac\u00e1n<\/strong>. La acci\u00f3n fue calificada por el dirigente como una <strong>intimidaci\u00f3n directa.<\/strong><\/p>\n<p>Declar\u00f3 que, desde el PRI,\u00a0solicitaron seguridad federal para ella \u00abantes de que <strong>escalara<\/strong>\u00ab. \u00abHa pasado el tiempo y sigue sin respuesta. Lo hicimos porque conocemos el riesgo y porque no vamos a esperar a que haya una <strong>tragedia<\/strong> para reaccionar\u00bb, se lee en la publicaci\u00f3n de Moreno C\u00e1rdenas.<\/p>\n<aside class=\"htmlinline\"\/>\n<p>La corona de flores\u00a0fue dejada la tarde de este mi\u00e9rcoles en su domicilio, ubicado en la colonia <strong>Emiliano Zapata<\/strong>, al sur de Culiac\u00e1n, hecho que moviliz\u00f3 a corporaciones de seguridad y deriv\u00f3 en la apertura de una investigaci\u00f3n.<\/p>\n<aside class=\"relacionadas con-foto linea-1078\"><strong class=\"relacionadas-titulo-gral\">Noticias Relacionadas<\/strong><\/aside>\n<h2>\u00bfQui\u00e9nes dejaron la corona f\u00fanebre en la casa de Paola G\u00e1rate?<\/h2>\n<p>El arreglo funerario fue colocado por <strong>personas desconocidas<\/strong> en el acceso de la vivienda de la legisladora.<\/p>\n<p>La situaci\u00f3n fue reportada al n\u00famero de emergencias <strong>911<\/strong> alrededor de las <strong>19:00 horas, <\/strong>por lo que al lugar acudieron elementos de la <strong>Polic\u00eda Estatal Preventiva<\/strong>, el <strong>Ej\u00e9rcito Mexicano<\/strong> y la <strong>Guardia Nacional<\/strong> para verificar el reporte.<\/p>\n<p>Tras confirmar la presencia de la corona, las autoridades resguardaron el \u00e1rea y notificaron a la <strong>Fiscal\u00eda General del Estado<\/strong>, que inici\u00f3 las diligencias correspondientes para esclarecer lo ocurrido.<\/p>\n<p>El hecho tiene lugar en un contexto en el que la legisladora ha vuelto a hablar p\u00fablicamente sobre uno de los episodios m\u00e1s delicados de su trayectoria pol\u00edtica. Durante el pasado proceso electoral, G\u00e1rate denunci\u00f3 haber sido <strong>privada de la libertad<\/strong> por un grupo armado junto con otros actores pol\u00edticos, situaci\u00f3n que gener\u00f3 <strong>atenci\u00f3n nacional<\/strong>.<\/p>\n<p>En d\u00edas recientes, la diputada comparti\u00f3 nuevamente detalles de aquella experiencia, describiendo las horas que permaneci\u00f3 <strong>retenida<\/strong> y las consecuencias que el hecho tuvo en su vida personal y p\u00fablica.&#13;<br \/>\n&#13;\n<\/p>\n<p>Hasta el momento, las autoridades no han informado qui\u00e9n o qui\u00e9nes dejaron el arreglo floral en la vivienda de la legisladora ni el motivo detr\u00e1s de esta acci\u00f3n.&#13;<br \/>\n&#13;<br \/>\n&#13;\n                                <\/p>\n<\/p><\/div>\n<p><script>\n    !function(f,b,e,v,n,t,s)\n    {if(f.fbq)return;n=f.fbq=function(){n.callMethod?\n    n.callMethod.apply(n,arguments):n.queue.push(arguments)};\n    if(!f._fbq)f._fbq=n;n.push=n;n.loaded=!0;n.version='2.0';\n    n.queue=[];t=b.createElement(e);t.async=!0;\n    t.src=v;s=b.getElementsByTagName(e)[0];\n    s.parentNode.insertBefore(t,s)}(window, document,'script',\n    'https:\/\/connect.facebook.net\/en_US\/fbevents.js');\n    fbq('init', '237927003583820');\n    fbq('track', 'PageView');\n  <\/script><script>\n    !function(f,b,e,v,n,t,s)\n    {if(f.fbq)return;n=f.fbq=function(){n.callMethod?\n    n.callMethod.apply(n,arguments):n.queue.push(arguments)};\n    if(!f._fbq)f._fbq=n;n.push=n;n.loaded=!0;n.version='2.0';\n    n.queue=[];t=b.createElement(e);t.async=!0;\n    t.src=v;s=b.getElementsByTagName(e)[0];\n    s.parentNode.insertBefore(t,s)}(window, document,'script',\n    'https:\/\/connect.facebook.net\/en_US\/fbevents.js');\n    fbq('init', '802372280934901');\n    fbq('track', 'PageView');\n    <\/script><br \/>\n<br \/><\/p>\n","protected":false},"excerpt":{"rendered":"<p>Alito Moreno, presidente del Partido Revolucionario Institucional (PRI), conden\u00f3 p\u00fablicamente la amenaza contra la diputada\u00a0Paola G\u00e1rate, quien recibi\u00f3 una cor\u00f3na f\u00fanebre en su hogar de Culiac\u00e1n. La acci\u00f3n fue calificada por el dirigente como una intimidaci\u00f3n directa. Declar\u00f3 que, desde el PRI,\u00a0solicitaron seguridad federal para ella \u00abantes de que escalara\u00ab. \u00abHa pasado el tiempo y [&hellip;]<\/p>\n","protected":false},"author":2,"featured_media":4446,"comment_status":"","ping_status":"","sticky":false,"template":"","format":"standard","meta":{"footnotes":""},"categories":[2],"tags":[],"class_list":["post-4445","post","type-post","status-publish","format-standard","has-post-thumbnail","hentry","category-local"],"_links":{"self":[{"href":"https:\/\/conexion-mx.com\/index.php?rest_route=\/wp\/v2\/posts\/4445","targetHints":{"allow":["GET"]}}],"collection":[{"href":"https:\/\/conexion-mx.com\/index.php?rest_route=\/wp\/v2\/posts"}],"about":[{"href":"https:\/\/conexion-mx.com\/index.php?rest_route=\/wp\/v2\/types\/post"}],"author":[{"embeddable":true,"href":"https:\/\/conexion-mx.com\/index.php?rest_route=\/wp\/v2\/users\/2"}],"replies":[{"embeddable":true,"href":"https:\/\/conexion-mx.com\/index.php?rest_route=%2Fwp%2Fv2%2Fcomments&post=4445"}],"version-history":[{"count":0,"href":"https:\/\/conexion-mx.com\/index.php?rest_route=\/wp\/v2\/posts\/4445\/revisions"}],"wp:featuredmedia":[{"embeddable":true,"href":"https:\/\/conexion-mx.com\/index.php?rest_route=\/wp\/v2\/media\/4446"}],"wp:attachment":[{"href":"https:\/\/conexion-mx.com\/index.php?rest_route=%2Fwp%2Fv2%2Fmedia&parent=4445"}],"wp:term":[{"taxonomy":"category","embeddable":true,"href":"https:\/\/conexion-mx.com\/index.php?rest_route=%2Fwp%2Fv2%2Fcategories&post=4445"},{"taxonomy":"post_tag","embeddable":true,"href":"https:\/\/conexion-mx.com\/index.php?rest_route=%2Fwp%2Fv2%2Ftags&post=4445"}],"curies":[{"name":"wp","href":"https:\/\/api.w.org\/{rel}","templated":true}]}}