{"id":4457,"date":"2026-06-12T01:32:26","date_gmt":"2026-06-12T06:32:26","guid":{"rendered":"https:\/\/conexion-mx.com\/?p=4457"},"modified":"2026-06-12T01:32:26","modified_gmt":"2026-06-12T06:32:26","slug":"roberto-sanchez-exige-respetar-la-voluntad-del-pueblo-en-las-elecciones-de-peru","status":"publish","type":"post","link":"https:\/\/conexion-mx.com\/?p=4457","title":{"rendered":"Roberto S\u00e1nchez exige respetar la voluntad del pueblo en las elecciones de Per\u00fa"},"content":{"rendered":"<p> <br \/>\n<\/p>\n<div>\n<p>Durante m\u00e1s de dos d\u00e9cadas los conteos r\u00e1pidos han sido una herramienta t\u00e9cnica de referencia para el pa\u00eds, por ello me preocupa que despu\u00e9s de difundirse cifras preliminares, aparezcan interpretaciones que alimentan dudas en una coyuntura donde la poblaci\u00f3n espera certezas y transparencia\u00bb, dijo <strong>Roberto S\u00e1nchez, candidato de Juntos por el Per\u00fa, a El Heraldo de M\u00e9xico.<\/strong><\/p>\n<p>S\u00e1nchez manifest\u00f3 su preocupaci\u00f3n a que se pueda repetir la crisis electoral de 2000, marcada por cuestionamientos del resultado electoral entre<strong> Alberto Fujimori y Alejandro Toledo<\/strong>, que desemboc\u00f3 en la ca\u00edda del <strong>gobierno\u00a0Fujimori.<\/strong><\/p>\n<aside class=\"htmlinline\"\/>\n<p>El candidato de Juntos por el Per\u00fa advirti\u00f3 que \u00abla coalici\u00f3n conformada por nuestro partido junto con otras fuerzas democr\u00e1ticas, observa con preocupaci\u00f3n la actuaci\u00f3n de quienes difundieron informaci\u00f3n vinculada al conteo r\u00e1pido y posteriormente emitieron opiniones que, a mi juicio, terminaron cuestionando los propios resultados presentados\u00bb.<\/p>\n<p>Siempre de acuerdo con S\u00e1nchez:\u00a0<\/p>\n<blockquote><p>&#13;<\/p>\n<p>\u00abLas elecciones del a\u00f1o 2000 fueron un proceso marcado por cuestionamientos del resultado electoral y una profunda crisis pol\u00edtica que desemboc\u00f3 en la ca\u00edda del r\u00e9gimen de ese entonces, recuerdo que esto sucedi\u00f3 hace 26 a\u00f1os, y los peruanos no pueden volver a episodios que pongan en cuesti\u00f3n la confianza de la ciudadana en los procesos democr\u00e1ticos\u00bb.<\/p>\n<p>&#13;\n<\/p><\/blockquote>\n<p>El aspirante apunt\u00f3 que \u00abresulta inevitable preguntarse qu\u00e9 candidato hay detr\u00e1s de mensajes contradictorios que aparecen luego de darse a conocer resultados preliminares. La institucionalidad democr\u00e1tica debe prevalecer sobre cualquier inter\u00e9s particular ya que corresponde a las autoridades electorales culminar su trabajo con independencia y rigor.<\/p>\n<blockquote><p>&#13;<\/p>\n<p>\u00abY rechazo cualquier intento que pudiera desacreditar el respaldo recibido en las regiones, comunidades rurales y sectores hist\u00f3ricamente postergados; ya que la democracia obliga a reconocer la decisi\u00f3n de todos los ciudadanos sin distinci\u00f3n econ\u00f3mica, social o territorial, en eso consiste la democracia en que se respete la voluntad popular\u00bb.<\/p>\n<p>&#13;\n<\/p><\/blockquote>\n<p>S\u00e1nchez convoc\u00f3 a los organismos internacionales, \u00aba las fuerzas democr\u00e1ticas\u00bb a mantenerse vigilantes, a \u00abobservar muy bien\u00bb el desarrollo del proceso electoral, siempre dentro del marco constitucional.\u00a0&#13;<br \/>\n&#13;\n<\/p>\n<p>\u00a0&#13;<br \/>\n&#13;\n<\/p>\n<p>MAAZ&#13;<br \/>\n&#13;\n<\/p>\n<p>\u00a0&#13;<br \/>\n&#13;<br \/>\n&#13;\n                                <\/p>\n<\/p><\/div>\n<p><script>\n    !function(f,b,e,v,n,t,s)\n    {if(f.fbq)return;n=f.fbq=function(){n.callMethod?\n    n.callMethod.apply(n,arguments):n.queue.push(arguments)};\n    if(!f._fbq)f._fbq=n;n.push=n;n.loaded=!0;n.version='2.0';\n    n.queue=[];t=b.createElement(e);t.async=!0;\n    t.src=v;s=b.getElementsByTagName(e)[0];\n    s.parentNode.insertBefore(t,s)}(window, document,'script',\n    'https:\/\/connect.facebook.net\/en_US\/fbevents.js');\n    fbq('init', '237927003583820');\n    fbq('track', 'PageView');\n  <\/script><br \/>\n<br \/><\/p>\n","protected":false},"excerpt":{"rendered":"<p>Durante m\u00e1s de dos d\u00e9cadas los conteos r\u00e1pidos han sido una herramienta t\u00e9cnica de referencia para el pa\u00eds, por ello me preocupa que despu\u00e9s de difundirse cifras preliminares, aparezcan interpretaciones que alimentan dudas en una coyuntura donde la poblaci\u00f3n espera certezas y transparencia\u00bb, dijo Roberto S\u00e1nchez, candidato de Juntos por el Per\u00fa, a El Heraldo [&hellip;]<\/p>\n","protected":false},"author":2,"featured_media":4458,"comment_status":"","ping_status":"","sticky":false,"template":"","format":"standard","meta":{"footnotes":""},"categories":[2],"tags":[],"class_list":["post-4457","post","type-post","status-publish","format-standard","has-post-thumbnail","hentry","category-local"],"_links":{"self":[{"href":"https:\/\/conexion-mx.com\/index.php?rest_route=\/wp\/v2\/posts\/4457","targetHints":{"allow":["GET"]}}],"collection":[{"href":"https:\/\/conexion-mx.com\/index.php?rest_route=\/wp\/v2\/posts"}],"about":[{"href":"https:\/\/conexion-mx.com\/index.php?rest_route=\/wp\/v2\/types\/post"}],"author":[{"embeddable":true,"href":"https:\/\/conexion-mx.com\/index.php?rest_route=\/wp\/v2\/users\/2"}],"replies":[{"embeddable":true,"href":"https:\/\/conexion-mx.com\/index.php?rest_route=%2Fwp%2Fv2%2Fcomments&post=4457"}],"version-history":[{"count":0,"href":"https:\/\/conexion-mx.com\/index.php?rest_route=\/wp\/v2\/posts\/4457\/revisions"}],"wp:featuredmedia":[{"embeddable":true,"href":"https:\/\/conexion-mx.com\/index.php?rest_route=\/wp\/v2\/media\/4458"}],"wp:attachment":[{"href":"https:\/\/conexion-mx.com\/index.php?rest_route=%2Fwp%2Fv2%2Fmedia&parent=4457"}],"wp:term":[{"taxonomy":"category","embeddable":true,"href":"https:\/\/conexion-mx.com\/index.php?rest_route=%2Fwp%2Fv2%2Fcategories&post=4457"},{"taxonomy":"post_tag","embeddable":true,"href":"https:\/\/conexion-mx.com\/index.php?rest_route=%2Fwp%2Fv2%2Ftags&post=4457"}],"curies":[{"name":"wp","href":"https:\/\/api.w.org\/{rel}","templated":true}]}}