{"id":4459,"date":"2026-06-12T10:15:14","date_gmt":"2026-06-12T15:15:14","guid":{"rendered":"https:\/\/conexion-mx.com\/?p=4459"},"modified":"2026-06-12T10:15:14","modified_gmt":"2026-06-12T15:15:14","slug":"mexico-asume-la-presidencia-del-comite-ejecutivo-de-la-comision-interamericana-de-puertos-para-el-periodo-2026-2029","status":"publish","type":"post","link":"https:\/\/conexion-mx.com\/?p=4459","title":{"rendered":"M\u00e9xico asume la Presidencia del Comit\u00e9 Ejecutivo de la Comisi\u00f3n Interamericana de Puertos para el periodo 2026-2029"},"content":{"rendered":"<p> <br \/>\n<\/p>\n<div>\n<p><strong>M\u00e9xico<\/strong> asumi\u00f3 la <strong>Presidencia del Comit\u00e9 Ejecutivo de la Comisi\u00f3n Interamericana de Puertos (CECIP)<\/strong> de la <strong>Organizaci\u00f3n de los Estados Americanos (OEA)<\/strong> para el periodo <strong>2026-2029<\/strong>. La elecci\u00f3n se concret\u00f3 en el marco de la <strong>XIV Reuni\u00f3n Ordinaria de la Comisi\u00f3n Interamericana de Puertos (CIP)<\/strong>, celebrada del <strong>8 al 10 de junio de 2026<\/strong> en <strong>Bridgetown, Barbados<\/strong>.<\/p>\n<p>La designaci\u00f3n llega por conducto de la <strong>Secretar\u00eda de Marina (Semar)<\/strong>, a trav\u00e9s de la <strong>Subsecretar\u00eda de Asuntos Mar\u00edtimos y Portuarios<\/strong> y de la <strong>Unidad de Puertos y Marina Mercante<\/strong>. Es la segunda ocasi\u00f3n que el pa\u00eds preside este \u00f3rgano hemisf\u00e9rico, tras el periodo <strong>2016-2018<\/strong>, lo que confirma la trayectoria mexicana en el \u00e1mbito portuario regional.<\/p>\n<aside class=\"htmlinline\"\/>\n<p>La elecci\u00f3n refleja el reconocimiento de los Estados miembros a la experiencia, capacidad t\u00e9cnica y compromiso del pa\u00eds con el desarrollo sostenible, seguro, eficiente e innovador en los puertos de las <strong>Am\u00e9ricas<\/strong>. La <strong>CIP<\/strong> re\u00fane a autoridades gubernamentales, operadores portuarios, organismos internacionales y actores estrat\u00e9gicos vinculados al comercio mar\u00edtimo y la log\u00edstica regional.<\/p>\n<h2>Agenda 2026-2029: transformaci\u00f3n digital, sostenibilidad y seguridad mar\u00edtimo-portuaria<\/h2>\n<p>Durante su gesti\u00f3n al frente de la <strong>CECIP<\/strong>, <strong>M\u00e9xico<\/strong> impulsar\u00e1 una agenda enfocada en varios ejes prioritarios. La l\u00ednea de trabajo incluye fortalecimiento de la <strong>cooperaci\u00f3n regional<\/strong>, intercambio de mejores pr\u00e1cticas, modernizaci\u00f3n de la <strong>infraestructura portuaria<\/strong>, <strong>transformaci\u00f3n digital<\/strong>, <strong>sostenibilidad ambiental<\/strong>, <strong>seguridad mar\u00edtimo-portuaria<\/strong> y <strong>desarrollo del capital humano<\/strong> del sector.<\/p>\n<p>La agenda se enmarca en los mandatos establecidos en la <strong>Resoluci\u00f3n de Bridgetown<\/strong> y su correspondiente <strong>Plan de Acci\u00f3n 2026-2029<\/strong>. Ambos documentos son la base normativa que orientar\u00e1 las decisiones del Comit\u00e9 Ejecutivo durante los pr\u00f3ximos tres a\u00f1os en todos los puertos del continente.<\/p>\n<p>La modernizaci\u00f3n de infraestructura portuaria es uno de los puntos m\u00e1s estrat\u00e9gicos. Los puertos de las <strong>Am\u00e9ricas<\/strong> enfrentan retos comunes en materia de digitalizaci\u00f3n, automatizaci\u00f3n y conectividad con cadenas globales de suministro. La presidencia mexicana abre la puerta para que el pa\u00eds comparta sus aprendizajes y empuje est\u00e1ndares regionales m\u00e1s ambiciosos.<\/p>\n<h2>Coordinaci\u00f3n con seis Comit\u00e9s T\u00e9cnicos Consultivos del hemisferio<\/h2>\n<p>M\u00e9xico trabajar\u00e1 de manera coordinada con los <strong>seis Comit\u00e9s T\u00e9cnicos Consultivos (CTC)<\/strong> representados por las <strong>Autoridades Portuarias Nacionales<\/strong> de diferentes Estados Miembros. La meta es promover iniciativas que permitan la <strong>resiliencia de los sistemas portuarios<\/strong> ante los desaf\u00edos globales y fomenten la innovaci\u00f3n tecnol\u00f3gica.<\/p>\n<p>Los proyectos tambi\u00e9n contribuir\u00e1n al cumplimiento de los objetivos de desarrollo sostenible relacionados con el transporte mar\u00edtimo y la actividad portuaria. La coordinaci\u00f3n con cada CTC permite que las iniciativas regionales se aterricen en los retos espec\u00edficos de cada subregi\u00f3n, desde el <strong>Caribe<\/strong> hasta el <strong>Cono Sur<\/strong>.&#13;<br \/>\n&#13;\n<\/p>\n<p>Al adquirir esta responsabilidad, el <strong>Gobierno de M\u00e9xico<\/strong> refrend\u00f3 su compromiso por incrementar la integraci\u00f3n regional y promover pol\u00edticas p\u00fablicas que mejoren la competitividad portuaria. La meta declarada es facilitar el comercio internacional y generar mayores oportunidades de desarrollo econ\u00f3mico para los pa\u00edses del continente, en un marco de cooperaci\u00f3n que beneficie a toda la comunidad mar\u00edtima y portuaria de las <strong>Am\u00e9ricas<\/strong>.&#13;<br \/>\n&#13;<br \/>\n&#13;\n                                <\/p>\n<\/p><\/div>\n<p><script>\n    !function(f,b,e,v,n,t,s)\n    {if(f.fbq)return;n=f.fbq=function(){n.callMethod?\n    n.callMethod.apply(n,arguments):n.queue.push(arguments)};\n    if(!f._fbq)f._fbq=n;n.push=n;n.loaded=!0;n.version='2.0';\n    n.queue=[];t=b.createElement(e);t.async=!0;\n    t.src=v;s=b.getElementsByTagName(e)[0];\n    s.parentNode.insertBefore(t,s)}(window, document,'script',\n    'https:\/\/connect.facebook.net\/en_US\/fbevents.js');\n    fbq('init', '237927003583820');\n    fbq('track', 'PageView');\n  <\/script><script>\n    !function(f,b,e,v,n,t,s)\n    {if(f.fbq)return;n=f.fbq=function(){n.callMethod?\n    n.callMethod.apply(n,arguments):n.queue.push(arguments)};\n    if(!f._fbq)f._fbq=n;n.push=n;n.loaded=!0;n.version='2.0';\n    n.queue=[];t=b.createElement(e);t.async=!0;\n    t.src=v;s=b.getElementsByTagName(e)[0];\n    s.parentNode.insertBefore(t,s)}(window, document,'script',\n    'https:\/\/connect.facebook.net\/en_US\/fbevents.js');\n    fbq('init', '802372280934901');\n    fbq('track', 'PageView');\n    <\/script><br \/>\n<br \/><\/p>\n","protected":false},"excerpt":{"rendered":"<p>M\u00e9xico asumi\u00f3 la Presidencia del Comit\u00e9 Ejecutivo de la Comisi\u00f3n Interamericana de Puertos (CECIP) de la Organizaci\u00f3n de los Estados Americanos (OEA) para el periodo 2026-2029. La elecci\u00f3n se concret\u00f3 en el marco de la XIV Reuni\u00f3n Ordinaria de la Comisi\u00f3n Interamericana de Puertos (CIP), celebrada del 8 al 10 de junio de 2026 en [&hellip;]<\/p>\n","protected":false},"author":2,"featured_media":4460,"comment_status":"","ping_status":"","sticky":false,"template":"","format":"standard","meta":{"footnotes":""},"categories":[2],"tags":[],"class_list":["post-4459","post","type-post","status-publish","format-standard","has-post-thumbnail","hentry","category-local"],"_links":{"self":[{"href":"https:\/\/conexion-mx.com\/index.php?rest_route=\/wp\/v2\/posts\/4459","targetHints":{"allow":["GET"]}}],"collection":[{"href":"https:\/\/conexion-mx.com\/index.php?rest_route=\/wp\/v2\/posts"}],"about":[{"href":"https:\/\/conexion-mx.com\/index.php?rest_route=\/wp\/v2\/types\/post"}],"author":[{"embeddable":true,"href":"https:\/\/conexion-mx.com\/index.php?rest_route=\/wp\/v2\/users\/2"}],"replies":[{"embeddable":true,"href":"https:\/\/conexion-mx.com\/index.php?rest_route=%2Fwp%2Fv2%2Fcomments&post=4459"}],"version-history":[{"count":0,"href":"https:\/\/conexion-mx.com\/index.php?rest_route=\/wp\/v2\/posts\/4459\/revisions"}],"wp:featuredmedia":[{"embeddable":true,"href":"https:\/\/conexion-mx.com\/index.php?rest_route=\/wp\/v2\/media\/4460"}],"wp:attachment":[{"href":"https:\/\/conexion-mx.com\/index.php?rest_route=%2Fwp%2Fv2%2Fmedia&parent=4459"}],"wp:term":[{"taxonomy":"category","embeddable":true,"href":"https:\/\/conexion-mx.com\/index.php?rest_route=%2Fwp%2Fv2%2Fcategories&post=4459"},{"taxonomy":"post_tag","embeddable":true,"href":"https:\/\/conexion-mx.com\/index.php?rest_route=%2Fwp%2Fv2%2Ftags&post=4459"}],"curies":[{"name":"wp","href":"https:\/\/api.w.org\/{rel}","templated":true}]}}