{"id":4461,"date":"2026-06-12T12:03:50","date_gmt":"2026-06-12T17:03:50","guid":{"rendered":"https:\/\/conexion-mx.com\/?p=4461"},"modified":"2026-06-12T12:03:50","modified_gmt":"2026-06-12T17:03:50","slug":"quien-me-jalo-mi-cabello-nuevo-video-revela-a-la-culpable-del-video-viral-que-se-grabo-en-yucatan","status":"publish","type":"post","link":"https:\/\/conexion-mx.com\/?p=4461","title":{"rendered":"\u00bfQui\u00e9n me jal\u00f3 mi cabello?: Nuevo video revela a la culpable del VIDEO VIRAL que se grab\u00f3 en Yucat\u00e1n"},"content":{"rendered":"<p> <br \/>\n<\/p>\n<div itemprop=\"articleBody\">\n<div class=\"txt_contenido\">\n<p>Hace un a\u00f1o un video de una <strong>discusi\u00f3n <\/strong>en una calle se volvi\u00f3 viral luego de que alguien tomara una grabaci\u00f3n de una mujer que viste blusa amarillo lim\u00f3n gritar \u201c<strong>\u00bfQui\u00e9n me jal\u00f3 mi cabello?<\/strong>\u201d.<\/p>\n<p>Aunque es un clip muy breve el acento de la joven fue de <strong>inmediato <\/strong>el que tom\u00f3 el <strong>protagonismo<\/strong>, pues los usuarios de redes sociales lo identificaron como el caracter\u00edstico de <strong>Yucat\u00e1n<\/strong>.<\/p>\n<aside class=\"htmlinline\"\/>\n<p>\u201cEs <strong>yucateca<\/strong>\u201d, \u201cun alushe\u201d, \u201cse enoja en yucateco\u201d y \u201cfue Chaac\u201d, fueron algunos de los comentarios que acompa\u00f1aron al video original.<\/p>\n<p>Sin embargo, una nueva grabaci\u00f3n de esa discusi\u00f3n revel\u00f3 a la culpable de que se generara este <strong>video viral:<\/strong> una mujer de blusa blanca que pasa por detr\u00e1s y<strong> tira de la colita de caballo a la mujer.<\/strong><\/p>\n<p>En el nuevo metraje, que dura poco m\u00e1s de un minuto se observa c\u00f3mo un grupo de al menos una<strong> decena de personas discute <\/strong>en la calle, mientras se hacen de palabras es cuando una mujer camina por detr\u00e1s de la mujer de camisa amarillo lim\u00f3n y le da un tir\u00f3n.<\/p>\n<p>\u00a0<\/p>\n<p><iframe loading=\"lazy\" allow=\"autoplay; clipboard-write; encrypted-media; picture-in-picture; web-share\" allowfullscreen=\"true\" frameborder=\"0\" height=\"476\" scrolling=\"no\" src=\"https:\/\/www.facebook.com\/plugins\/video.php?height=476&amp;href=https%3A%2F%2Fwww.facebook.com%2Freel%2F3869292880026548%2F&amp;show_text=false&amp;width=267&amp;t=0\" style=\"border:none;overflow:hidden\" width=\"267\"><\/iframe><\/p>\n<p>De inmediato se escucha la famosa frase <strong>\u201c\u00bfQui\u00e9n me jal\u00f3 mi cabello?\u201d<\/strong>, mientras ella busca al culpable de la agresi\u00f3n.&#13;<br \/>\n&#13;\n<\/p>\n<p>Tras no lograr descubrir qui\u00e9n fue en la muchedumbre, entonces decide dejarlo pasar. La discusi\u00f3n contin\u00faa por varios segundos m\u00e1s hasta que ella y otra mujer se retiran.&#13;<br \/>\n&#13;\n<\/p>\n<p>Algunos comentarios en el nuevo video fueron:&#13;<br \/>\n&#13;\n<\/p>\n<ul>&#13;<\/p>\n<li>Ojal\u00e1 la encuentre y tambi\u00e9n le jale su cabeio<\/li>\n<p>&#13;<\/p>\n<li>Se dieron cuenta que todos se callan y solo se escucha el meme. Era un evento canon<\/li>\n<p>&#13;<\/p>\n<li>Entre mujeres ya lo sab\u00edamos Luego te vienen a decir que entre ellas se cuidan son las m\u00e1s ENVIDIOSAS<\/li>\n<p>&#13;<\/p>\n<li>Es como ver a la Mona Lisa siendo pintada<\/li>\n<p>&#13;<\/p>\n<li>Confirmamos; ya podemos partir de este mundo en paz<\/li>\n<p>&#13;<\/p>\n<li>Lo chido del video (adem\u00e1s de su expresi\u00f3n) es que nunca se supo qui\u00e9n le hab\u00eda jalado el cabello<\/li>\n<p>&#13;<\/p>\n<li>Encuentren a la jaladora de cabeiooooo\u00a0<\/li>\n<p>&#13;\n<\/ul>\n<p>\u00a0&#13;<br \/>\n&#13;<br \/>\n&#13;\n                                <\/p>\n<\/p><\/div>\n<\/p><\/div>\n<p><script>\n    !function(f,b,e,v,n,t,s)\n    {if(f.fbq)return;n=f.fbq=function(){n.callMethod?\n    n.callMethod.apply(n,arguments):n.queue.push(arguments)};\n    if(!f._fbq)f._fbq=n;n.push=n;n.loaded=!0;n.version='2.0';\n    n.queue=[];t=b.createElement(e);t.async=!0;\n    t.src=v;s=b.getElementsByTagName(e)[0];\n    s.parentNode.insertBefore(t,s)}(window, document,'script',\n    'https:\/\/connect.facebook.net\/en_US\/fbevents.js');\n    fbq('init', '237927003583820');\n    fbq('track', 'PageView');\n  <\/script><script>\n    !function(f,b,e,v,n,t,s)\n    {if(f.fbq)return;n=f.fbq=function(){n.callMethod?\n    n.callMethod.apply(n,arguments):n.queue.push(arguments)};\n    if(!f._fbq)f._fbq=n;n.push=n;n.loaded=!0;n.version='2.0';\n    n.queue=[];t=b.createElement(e);t.async=!0;\n    t.src=v;s=b.getElementsByTagName(e)[0];\n    s.parentNode.insertBefore(t,s)}(window, document,'script',\n    'https:\/\/connect.facebook.net\/en_US\/fbevents.js');\n    fbq('init', '1188480345046653');\n    fbq('track', 'PageView');\n    <\/script><br \/>\n<br \/><\/p>\n","protected":false},"excerpt":{"rendered":"<p>Hace un a\u00f1o un video de una discusi\u00f3n en una calle se volvi\u00f3 viral luego de que alguien tomara una grabaci\u00f3n de una mujer que viste blusa amarillo lim\u00f3n gritar \u201c\u00bfQui\u00e9n me jal\u00f3 mi cabello?\u201d. Aunque es un clip muy breve el acento de la joven fue de inmediato el que tom\u00f3 el protagonismo, pues [&hellip;]<\/p>\n","protected":false},"author":3,"featured_media":4462,"comment_status":"","ping_status":"","sticky":false,"template":"","format":"standard","meta":{"footnotes":""},"categories":[34],"tags":[],"class_list":["post-4461","post","type-post","status-publish","format-standard","has-post-thumbnail","hentry","category-sociedad"],"_links":{"self":[{"href":"https:\/\/conexion-mx.com\/index.php?rest_route=\/wp\/v2\/posts\/4461","targetHints":{"allow":["GET"]}}],"collection":[{"href":"https:\/\/conexion-mx.com\/index.php?rest_route=\/wp\/v2\/posts"}],"about":[{"href":"https:\/\/conexion-mx.com\/index.php?rest_route=\/wp\/v2\/types\/post"}],"author":[{"embeddable":true,"href":"https:\/\/conexion-mx.com\/index.php?rest_route=\/wp\/v2\/users\/3"}],"replies":[{"embeddable":true,"href":"https:\/\/conexion-mx.com\/index.php?rest_route=%2Fwp%2Fv2%2Fcomments&post=4461"}],"version-history":[{"count":0,"href":"https:\/\/conexion-mx.com\/index.php?rest_route=\/wp\/v2\/posts\/4461\/revisions"}],"wp:featuredmedia":[{"embeddable":true,"href":"https:\/\/conexion-mx.com\/index.php?rest_route=\/wp\/v2\/media\/4462"}],"wp:attachment":[{"href":"https:\/\/conexion-mx.com\/index.php?rest_route=%2Fwp%2Fv2%2Fmedia&parent=4461"}],"wp:term":[{"taxonomy":"category","embeddable":true,"href":"https:\/\/conexion-mx.com\/index.php?rest_route=%2Fwp%2Fv2%2Fcategories&post=4461"},{"taxonomy":"post_tag","embeddable":true,"href":"https:\/\/conexion-mx.com\/index.php?rest_route=%2Fwp%2Fv2%2Ftags&post=4461"}],"curies":[{"name":"wp","href":"https:\/\/api.w.org\/{rel}","templated":true}]}}