{"id":4463,"date":"2026-06-12T18:21:52","date_gmt":"2026-06-12T23:21:52","guid":{"rendered":"https:\/\/conexion-mx.com\/?p=4463"},"modified":"2026-06-12T18:21:52","modified_gmt":"2026-06-12T23:21:52","slug":"niegan-visa-a-famoso-futbolista-para-jugar-la-copa-mundial-2026-por-enfrentar-siete-cargos-de-agresion-sexual","status":"publish","type":"post","link":"https:\/\/conexion-mx.com\/?p=4463","title":{"rendered":"Niegan visa a famoso futbolista para jugar la Copa Mundial 2026 por enfrentar siete cargos de agresi\u00f3n sexual"},"content":{"rendered":"<p> <br \/>\n<\/p>\n<div itemprop=\"articleBody\">\n<div class=\"txt_contenido\">\n<p>Este viernes 12 de junio se confirm\u00f3 que <strong>Thomas Partey<\/strong>, famoso futbolista de <strong>Ghana<\/strong>, no ser\u00e1 parte del primer partido de su selecci\u00f3n en Canad\u00e1, luego de que se le ha negado la visa as\u00ed como el ingreso a Toronto por tener una denuncia por agresi\u00f3n sexual, lo que ha generado comoci\u00f3n.<\/p>\n<p>Cabe destacar que la <strong>FIFA<\/strong> comparti\u00f3 un comunicado con el peri\u00f3dico<em> The Athletic<\/em> en el que comentaron que <strong>Thomas Partey<\/strong> no podr\u00e1 viajar de <strong>Estados Unidos a Canad\u00e1 <\/strong>para poder debutar contra Panam\u00e1 este mi\u00e9rcoles 17 de junio, generando indignaci\u00f3n en las redes sociales tras lo ocurrido.<\/p>\n<aside class=\"htmlinline\"\/>\n<blockquote><p>&#13;<\/p>\n<p>\u00abLa FIFA confirma que el jugador Thomas Partey no podr\u00e1 viajar desde la concentraci\u00f3n de la selecci\u00f3n de Ghana en Boston, EE. UU., a Canad\u00e1 para su primer partido contra Panam\u00e1 el mi\u00e9rcoles 17 de junio, ya que el gobierno canadiense le ha denegado el visado. La FIFA no interviene en los procesos de inmigraci\u00f3n de los pa\u00edses anfitriones, incluida la concesi\u00f3n de visados. Al igual que en eventos anteriores de la FIFA, el gobierno anfitri\u00f3n es quien, en \u00faltima instancia, decide qui\u00e9n recibe un visado y es admitido en el pa\u00eds\u00bb, dijo la FIFA a The Guardian.<\/p>\n<aside class=\"relacionadas con-foto linea-1078\"><strong class=\"relacionadas-titulo-gral\">Noticias Relacionadas<\/strong><\/aside>\n<p>&#13;\n<\/p><\/blockquote>\n<h2>\u00bfDe qu\u00e9 acusan a Tomas Partey, famoso jugador de Ghana?<\/h2>\n<p>Es importante destacar que el futbolista que visti\u00f3 la playera del <strong>Arsenal, Atl\u00e9tico de Madrid y del Villarrea<\/strong>l enfrneta alumnos cinco cargos de violaci\u00f3n y uno de agresi\u00f3n sexual tras ser acusado en julio de 2025 por la <strong><em>Polic\u00eda Metropolitana de Londres<\/em><\/strong>, mientras que en febrero de este 2026 fue asuado de dos nuevos cargos de violaci\u00f3n de los que se declaro inocente.<\/p>\n<p>Por su parte Ghana tiene esperado debutar en el <strong>BMO Field de Toronto<\/strong> contra Panam\u00e1 el pr\u00f3ximo mi\u00e9rcoles 17 de junio, pero se ha confirmado que el mediocampista no puede entrar a Canad\u00e1 y por lo tanto no podr\u00e1 ser parte del partido que marca el debut de ambas selecci\u00f3n del <strong>Grupo L.<\/strong><\/p>\n<\/p><\/div>\n<\/p><\/div>\n<p><script>\n    !function(f,b,e,v,n,t,s)\n    {if(f.fbq)return;n=f.fbq=function(){n.callMethod?\n    n.callMethod.apply(n,arguments):n.queue.push(arguments)};\n    if(!f._fbq)f._fbq=n;n.push=n;n.loaded=!0;n.version='2.0';\n    n.queue=[];t=b.createElement(e);t.async=!0;\n    t.src=v;s=b.getElementsByTagName(e)[0];\n    s.parentNode.insertBefore(t,s)}(window, document,'script',\n    'https:\/\/connect.facebook.net\/en_US\/fbevents.js');\n    fbq('init', '237927003583820');\n    fbq('track', 'PageView');\n  <\/script><br \/>\n<br \/><\/p>\n","protected":false},"excerpt":{"rendered":"<p>Este viernes 12 de junio se confirm\u00f3 que Thomas Partey, famoso futbolista de Ghana, no ser\u00e1 parte del primer partido de su selecci\u00f3n en Canad\u00e1, luego de que se le ha negado la visa as\u00ed como el ingreso a Toronto por tener una denuncia por agresi\u00f3n sexual, lo que ha generado comoci\u00f3n. Cabe destacar que [&hellip;]<\/p>\n","protected":false},"author":2,"featured_media":4464,"comment_status":"","ping_status":"","sticky":false,"template":"","format":"standard","meta":{"footnotes":""},"categories":[2],"tags":[],"class_list":["post-4463","post","type-post","status-publish","format-standard","has-post-thumbnail","hentry","category-local"],"_links":{"self":[{"href":"https:\/\/conexion-mx.com\/index.php?rest_route=\/wp\/v2\/posts\/4463","targetHints":{"allow":["GET"]}}],"collection":[{"href":"https:\/\/conexion-mx.com\/index.php?rest_route=\/wp\/v2\/posts"}],"about":[{"href":"https:\/\/conexion-mx.com\/index.php?rest_route=\/wp\/v2\/types\/post"}],"author":[{"embeddable":true,"href":"https:\/\/conexion-mx.com\/index.php?rest_route=\/wp\/v2\/users\/2"}],"replies":[{"embeddable":true,"href":"https:\/\/conexion-mx.com\/index.php?rest_route=%2Fwp%2Fv2%2Fcomments&post=4463"}],"version-history":[{"count":0,"href":"https:\/\/conexion-mx.com\/index.php?rest_route=\/wp\/v2\/posts\/4463\/revisions"}],"wp:featuredmedia":[{"embeddable":true,"href":"https:\/\/conexion-mx.com\/index.php?rest_route=\/wp\/v2\/media\/4464"}],"wp:attachment":[{"href":"https:\/\/conexion-mx.com\/index.php?rest_route=%2Fwp%2Fv2%2Fmedia&parent=4463"}],"wp:term":[{"taxonomy":"category","embeddable":true,"href":"https:\/\/conexion-mx.com\/index.php?rest_route=%2Fwp%2Fv2%2Fcategories&post=4463"},{"taxonomy":"post_tag","embeddable":true,"href":"https:\/\/conexion-mx.com\/index.php?rest_route=%2Fwp%2Fv2%2Ftags&post=4463"}],"curies":[{"name":"wp","href":"https:\/\/api.w.org\/{rel}","templated":true}]}}