{"id":4467,"date":"2026-06-12T20:19:04","date_gmt":"2026-06-13T01:19:04","guid":{"rendered":"https:\/\/conexion-mx.com\/?p=4467"},"modified":"2026-06-12T20:19:04","modified_gmt":"2026-06-13T01:19:04","slug":"nos-codeamos-con-el-pueblo-no-con-los-de-arriba-claudia-sheinbaum","status":"publish","type":"post","link":"https:\/\/conexion-mx.com\/?p=4467","title":{"rendered":"Nos codeamos con el pueblo, no con los de arriba: Claudia Sheinbaum"},"content":{"rendered":"<p> <br \/>\n<\/p>\n<div>\n<p>La presidenta <strong>Claudia Sheinbaum Pardo<\/strong> se\u00f1al\u00f3 que en su gobierno se \u00abcodea con el pueblo y no con los de arriba\u00bb, raz\u00f3n por la cual decidi\u00f3 disfrutar del partido inaugural del <strong>Mundial de F\u00fatbol<\/strong> en el deportivo Hermanos Galeana, en la Ciudad de M\u00e9xico.<\/p>\n<p>Durante el inicio de obra del <strong>Hospital Regional de Especialidades del IMSS<\/strong> en Manzanillo, Colima, la mandataria explic\u00f3 que, debido a los exorbitantes precios para asistir al estadio, prefiri\u00f3 obsequiar su boleto a una joven aficionada al f\u00fatbol.<\/p>\n<aside class=\"htmlinline\"\/>\n<blockquote><p>&#13;<\/p>\n<p>\u201cAntes gobernaban para unos cuantos; nosotros llegamos para gobernar por el pueblo y para el pueblo de M\u00e9xico. Estaban muy enojados porque dec\u00edan: &#8216;\u00bfY por qu\u00e9 no fue al estadio ayer?&#8217;. \u00bfSaben cu\u00e1nto costaba un boleto en el <strong>Estadio Azteca<\/strong>? 120 mil pesos. \u00bfQui\u00e9n puede pagar eso? Entonces, desde que me fueron a invitar y me dijeron que ten\u00eda el boleto 001, decid\u00ed que se lo dar\u00eda a una joven que amara el f\u00fatbol y que no pudiera costearlo\u201d, expres\u00f3.<\/p>\n<aside class=\"relacionadas con-foto linea-1078\"><strong class=\"relacionadas-titulo-gral\">Noticias Relacionadas<\/strong><\/aside>\n<p>&#13;\n<\/p><\/blockquote>\n<p>Detall\u00f3 que para elegir a la ganadora se realiz\u00f3 un <strong>concurso de dominadas<\/strong> que gan\u00f3 una joven originaria de Veracruz, quien de otra forma nunca hubiera podido asistir a la inauguraci\u00f3n de una Copa del Mundo. \u201cQu\u00e9 mejor representaci\u00f3n del pueblo de M\u00e9xico que una joven que ama este deporte. Nosotros nos fuimos a la alcald\u00eda <strong>Gustavo A. Madero<\/strong>, al norte de la<strong> Ciudad de M\u00e9xico,<\/strong> a ver el partido con la gente de manera gratuita. Qu\u00e9 alegr\u00eda, la verdad. Esa es la diferencia: nosotros no necesitamos codearnos arriba, lo que necesitamos es estar siempre cerca del pueblo\u201d, afirm\u00f3.<\/p>\n<blockquote><p>&#13;<\/p>\n<p>Asimismo, celebr\u00f3 el desempe\u00f1o de la <strong>selecci\u00f3n mexicana<\/strong> y reiter\u00f3 lo dicho en su conferencia matutina: \u201cHoy en la ma\u00f1anera coment\u00e9 que le va mal al que no cree en M\u00e9xico y al que no quiere a su pa\u00eds. Le va mal en la cancha, le va mal en la vida y le va mal en la pol\u00edtica\u201d.<\/p>\n<p>&#13;\n<\/p><\/blockquote>\n<p>En su octava visita a la entidad, la titular del Ejecutivo Federal subray\u00f3 que la diferencia con administraciones pasadas radica en la consolidaci\u00f3n de la <strong>Cuarta Transformaci\u00f3n<\/strong> mediante m\u00e1s programas de bienestar y obras p\u00fablicas. Destac\u00f3 que, desde la gesti\u00f3n de Andr\u00e9s Manuel L\u00f3pez Obrador, se ha trabajado en rescatar la <strong>capacidad hospitalaria del IMSS<\/strong>.<\/p>\n<blockquote><p>&#13;<\/p>\n<p>\u201cEntre el sexenio de L\u00f3pez Obrador y el nuestro, sumaremos <strong>10 mil 800 camas hospitalarias<\/strong> para resarcir apenas lo que se dej\u00f3 de hacer durante 36 a\u00f1os. Por eso s\u00ed hay diferencia. \u00bfY por qu\u00e9 se puede hacer m\u00e1s? Porque no hay corrupci\u00f3n, tan sencillo como eso. Cuando no hay corrupci\u00f3n, el presupuesto alcanza\u201d, subray\u00f3.<\/p>\n<p>&#13;\n<\/p><\/blockquote>\n<p>Por su parte, la gobernadora de Colima, <strong>Indira Vizca\u00edno Silva<\/strong>, afirm\u00f3 que la construcci\u00f3n de este nuevo complejo m\u00e9dico salda una deuda hist\u00f3rica con la poblaci\u00f3n local. \u201cEstamos hablando de la primera piedra de una inversi\u00f3n de m\u00e1s de <strong>2 mil 700 millones de pesos<\/strong>. Este hospital aportar\u00e1 muy pronto 72 camas hospitalarias al municipio de Manzanillo, adem\u00e1s de decenas de consultorios y cientos de m\u00e9dicos especialistas y personal de enfermer\u00eda\u201d, asegur\u00f3.&#13;<br \/>\n&#13;\n<\/p>\n<p>A\u00f1adi\u00f3 que el nosocomio contar\u00e1 con 22 m\u00e1quinas adicionales de <strong>hemodi\u00e1lisis<\/strong>, 10 sillones de quimioterapia y \u00e1reas de terapia intensiva para adultos y reci\u00e9n nacidos, evitando que las familias tengan que trasladarse a otros municipios para recibir atenci\u00f3n m\u00e9dica especializada.&#13;<br \/>\n&#13;\n<\/p>\n<p>Este s\u00e1bado, como parte de su agenda p\u00fablica, la presidenta Sheinbaum inaugurar\u00e1 la <strong>Central de Ciclo Combinado de Manzanillo<\/strong> para posteriormente trasladarse a Aguascalientes y Zacatecas, donde concluir\u00e1 su gira de fin de semana.&#13;<br \/>\n&#13;<br \/>\n&#13;\n                                <\/p>\n<\/p><\/div>\n<p><script>\n    !function(f,b,e,v,n,t,s)\n    {if(f.fbq)return;n=f.fbq=function(){n.callMethod?\n    n.callMethod.apply(n,arguments):n.queue.push(arguments)};\n    if(!f._fbq)f._fbq=n;n.push=n;n.loaded=!0;n.version='2.0';\n    n.queue=[];t=b.createElement(e);t.async=!0;\n    t.src=v;s=b.getElementsByTagName(e)[0];\n    s.parentNode.insertBefore(t,s)}(window, document,'script',\n    'https:\/\/connect.facebook.net\/en_US\/fbevents.js');\n    fbq('init', '237927003583820');\n    fbq('track', 'PageView');\n  <\/script><script>\n    !function(f,b,e,v,n,t,s)\n    {if(f.fbq)return;n=f.fbq=function(){n.callMethod?\n    n.callMethod.apply(n,arguments):n.queue.push(arguments)};\n    if(!f._fbq)f._fbq=n;n.push=n;n.loaded=!0;n.version='2.0';\n    n.queue=[];t=b.createElement(e);t.async=!0;\n    t.src=v;s=b.getElementsByTagName(e)[0];\n    s.parentNode.insertBefore(t,s)}(window, document,'script',\n    'https:\/\/connect.facebook.net\/en_US\/fbevents.js');\n    fbq('init', '802372280934901');\n    fbq('track', 'PageView');\n    <\/script><br \/>\n<br \/><\/p>\n","protected":false},"excerpt":{"rendered":"<p>La presidenta Claudia Sheinbaum Pardo se\u00f1al\u00f3 que en su gobierno se \u00abcodea con el pueblo y no con los de arriba\u00bb, raz\u00f3n por la cual decidi\u00f3 disfrutar del partido inaugural del Mundial de F\u00fatbol en el deportivo Hermanos Galeana, en la Ciudad de M\u00e9xico. Durante el inicio de obra del Hospital Regional de Especialidades del [&hellip;]<\/p>\n","protected":false},"author":3,"featured_media":4468,"comment_status":"","ping_status":"","sticky":false,"template":"","format":"standard","meta":{"footnotes":""},"categories":[35],"tags":[],"class_list":["post-4467","post","type-post","status-publish","format-standard","has-post-thumbnail","hentry","category-espectaculos"],"_links":{"self":[{"href":"https:\/\/conexion-mx.com\/index.php?rest_route=\/wp\/v2\/posts\/4467","targetHints":{"allow":["GET"]}}],"collection":[{"href":"https:\/\/conexion-mx.com\/index.php?rest_route=\/wp\/v2\/posts"}],"about":[{"href":"https:\/\/conexion-mx.com\/index.php?rest_route=\/wp\/v2\/types\/post"}],"author":[{"embeddable":true,"href":"https:\/\/conexion-mx.com\/index.php?rest_route=\/wp\/v2\/users\/3"}],"replies":[{"embeddable":true,"href":"https:\/\/conexion-mx.com\/index.php?rest_route=%2Fwp%2Fv2%2Fcomments&post=4467"}],"version-history":[{"count":0,"href":"https:\/\/conexion-mx.com\/index.php?rest_route=\/wp\/v2\/posts\/4467\/revisions"}],"wp:featuredmedia":[{"embeddable":true,"href":"https:\/\/conexion-mx.com\/index.php?rest_route=\/wp\/v2\/media\/4468"}],"wp:attachment":[{"href":"https:\/\/conexion-mx.com\/index.php?rest_route=%2Fwp%2Fv2%2Fmedia&parent=4467"}],"wp:term":[{"taxonomy":"category","embeddable":true,"href":"https:\/\/conexion-mx.com\/index.php?rest_route=%2Fwp%2Fv2%2Fcategories&post=4467"},{"taxonomy":"post_tag","embeddable":true,"href":"https:\/\/conexion-mx.com\/index.php?rest_route=%2Fwp%2Fv2%2Ftags&post=4467"}],"curies":[{"name":"wp","href":"https:\/\/api.w.org\/{rel}","templated":true}]}}