{"id":4487,"date":"2026-06-14T14:09:37","date_gmt":"2026-06-14T19:09:37","guid":{"rendered":"https:\/\/conexion-mx.com\/?p=4487"},"modified":"2026-06-14T14:09:37","modified_gmt":"2026-06-14T19:09:37","slug":"pension-bienestar-2026-cuando-caeria-el-pago-de-julio-para-todos-los-beneficiarios-calendario-tentativo","status":"publish","type":"post","link":"https:\/\/conexion-mx.com\/?p=4487","title":{"rendered":"Pensi\u00f3n Bienestar 2026: \u00bfcu\u00e1ndo caer\u00eda el pago de JULIO para todos los beneficiarios? | Calendario TENTATIVO"},"content":{"rendered":"<p> <br \/>\n<\/p>\n<div>\n<p>A 16 d\u00edas de que inicie el mes de julio, es posible que algunos <strong>beneficiarios<\/strong> de la <strong>Pensi\u00f3n para los Adultos Mayores<\/strong>, <strong>Mujeres Bienestar<\/strong>, <strong>Personas con Discapacidad<\/strong> o <strong>Madres Trabajadoras<\/strong> se hayan\u00a0preguntado cu\u00e1ndo iniciar\u00e1\u00a0el cuatro bimestre\u00a0de pagos;\u00a0sin embargo, la <strong>Secretar\u00eda de Bienestar<\/strong>\u00a0no ha dado\u00a0a conocer el <strong>calendario oficial<\/strong>.<\/p>\n<p>Pero como ha ocurrido en los bimestres anteriores, se prev\u00e9\u00a0que el <strong>dep\u00f3sito de los apoyos<\/strong> en la <strong>Tarjeta del Banco del Bienestar<\/strong>\u00a0arranquen en la\u00a0primera semana de julio, por ejemplo en el bimestre de mayo-junio, iniciaron el lunes 4 de mayo, mientras que en el bimestre de marzo-abril, la distribuci\u00f3n\u00a0de los 6,400 pesos\u00a0para los adultos mayores y dem\u00e1s beneficiarios de los programas sociales, se realiz\u00f3 de manera escalonada a partir del lunes 2 de marzo, por lo que se prev\u00e9 que en la primera semana de julio inicie la <strong>dispersi\u00f3n de los recursos<\/strong>.<\/p>\n<aside class=\"htmlinline\"\/>\n<h2>Calendario ESTIMADO de\u00a0pagos de la Pensi\u00f3n Bienestar de julio 2026<\/h2>\n<p>Como ya se se\u00f1al\u00f3 antes, el <strong>calendario oficial no ha sido publicado<\/strong>, pero siguiendo el patr\u00f3n de pagos de meses anteriores, estas ser\u00edan\u00a0las <strong>fechas tentativas de pago del bimestre julio-agosto:<\/strong><\/p>\n<h3>Fecha | Letra del primer apellido<\/h3>\n<ul>&#13;<\/p>\n<li>Mi\u00e9rcoles 1 de julio &#8211; Letra A<\/li>\n<p>&#13;<\/p>\n<li>Jueves 2 de julio &#8211; Letra B<\/li>\n<p>&#13;<\/p>\n<li>Viernes 3 de julio y Lunes 6 de julio\u00a0&#8211; Letra\u00a0C<\/li>\n<p>&#13;<\/p>\n<li>Martes 7 de julio &#8211; Letras D, E, F<\/li>\n<p>&#13;<\/p>\n<li>Mi\u00e9rcoles 8 y Jueves 9 de julio &#8211; Letra G<\/li>\n<p>&#13;<\/p>\n<li>Viernes 10 de julio &#8211; Letras H, I, J, K<\/li>\n<p>&#13;<\/p>\n<li>Lunes 13 de julio &#8211; Letra L<\/li>\n<p>&#13;<\/p>\n<li>Martes 14 y Mi\u00e9rcoles 15 de julio &#8211; Letra M<\/li>\n<p>&#13;<\/p>\n<li>Jueves 16 de julio &#8211; Letras N, \u00d1, O<\/li>\n<p>&#13;<\/p>\n<li>Viernes 17 de julio &#8211; Letras\u00a0P, Q<\/li>\n<p>&#13;<\/p>\n<li>Lunes 20 y Martes 21 de julio &#8211; Letra R<\/li>\n<p>&#13;<\/p>\n<li>Mi\u00e9rcoles 22 de julio &#8211; Letra S<\/li>\n<p>&#13;<\/p>\n<li>Jueves 23 de julio &#8211; Letras T, U, V<\/li>\n<p>&#13;<\/p>\n<li>Viernes 24 de julio &#8211; Letras W, X, Y, Z<\/li>\n<p>&#13;\n<\/ul>\n<h2>\u00bfCu\u00e1nto recibir\u00e1n\u00a0los beneficiarios en julio en su tarjeta del Banco del Bienestar?<\/h2>\n<p>Como en los bimestres anteriores, el <strong>Banco del Bienestar<\/strong> depositar\u00e1 a cada uno de sus beneficiarios los siguientes montos:<\/p>\n<ul>&#13;<\/p>\n<li>Pensi\u00f3n de los Adultos Mayores: 6,400 pesos<\/li>\n<p>&#13;<\/p>\n<li>Mujeres Bienestar de 60 a 64 a\u00f1os: 3,100.<\/li>\n<p>&#13;<\/p>\n<li>Personas con Discapacidad, 3,300 pesos.<\/li>\n<p>&#13;<\/p>\n<li>Madres Trabajadoras: 1,650 pesos.<\/li>\n<p>&#13;\n<\/ul>\n<p>Por otro lado, para el\u00a0lunes 6 de julio podr\u00eda realizarse el dep\u00f3sito de\u00a06,450 pesos a los beneficiarios del programa <strong>Sembrando Vida<\/strong>, ya que el pago es mensual.<\/p>\n<h2>\u00bfQu\u00e9\u00a0pagos de la pensi\u00f3n bienestar faltan por realizarse?\u00a0<\/h2>\n<ul>&#13;<\/p>\n<li>Cuarto bimestre: Julio-agosto\u00a0<\/li>\n<p>&#13;<\/p>\n<li>Quinto bimestre: Septiembre-octubre<\/li>\n<p>&#13;<\/p>\n<li>Sexto bimestre: Noviembre-diciembre \u00a0<\/li>\n<p>&#13;\n<\/ul>\n<h2>\u00bfC\u00f3mo confirmar que\u00a0me depositaron mi pensi\u00f3n bienestar?<\/h2>\n<p>Para confirmar que te depositaron en tiempo y forma\u00a0tu <strong>pensi\u00f3n<\/strong>, en el d\u00eda indicado en el calendario, puedes\u00a0consultar directamente en tu <strong>aplicaci\u00f3n m\u00f3vil<\/strong> del\u00a0<strong>Banco del Bienestar<\/strong>\u00a0o acudir directamente al\u00a0<strong>cajero autom\u00e1tico<\/strong>\u00a0de alguna\u00a0sucursal.\u00a0<\/p>\n<p>Tambi\u00e9n puedes llamar a la <strong>L\u00ednea del Bienestar<\/strong>, en el tel\u00e9fono\u00a0800 639 42 64.<\/p>\n<h2>\u00bfC\u00f3mo ubicar el Banco del Bienestar m\u00e1s cercano?<\/h2>\n<p>Para ubicar el <strong>banco bienestar<\/strong> m\u00e1s cercano a tu domicilio, ingresa\u00a0al sitio:\u00a0\u00a0https:\/\/directoriodesucursales.bancodelbienestar.gob.mx\/, en el que deber\u00e1s\u00a0ingresar el estado de residencia y el municipio. En M\u00e9xico\u00a0hay\u00a03,049 sucursales en las 32 entidades del pa\u00eds y los <strong>horarios de servicio<\/strong> son de lunes a viernes de 9:00 a 16:30 horas, aunque los cajeros autom\u00e1ticos\u00a0est\u00e1n abiertos las 24 horas de los 7 d\u00edas de la semana.&#13;<br \/>\n&#13;<br \/>\n&#13;\n                                <\/p>\n<\/p><\/div>\n<p><script>\n    !function(f,b,e,v,n,t,s)\n    {if(f.fbq)return;n=f.fbq=function(){n.callMethod?\n    n.callMethod.apply(n,arguments):n.queue.push(arguments)};\n    if(!f._fbq)f._fbq=n;n.push=n;n.loaded=!0;n.version='2.0';\n    n.queue=[];t=b.createElement(e);t.async=!0;\n    t.src=v;s=b.getElementsByTagName(e)[0];\n    s.parentNode.insertBefore(t,s)}(window, document,'script',\n    'https:\/\/connect.facebook.net\/en_US\/fbevents.js');\n    fbq('init', '237927003583820');\n    fbq('track', 'PageView');\n  <\/script><br \/>\n<br \/><\/p>\n","protected":false},"excerpt":{"rendered":"<p>A 16 d\u00edas de que inicie el mes de julio, es posible que algunos beneficiarios de la Pensi\u00f3n para los Adultos Mayores, Mujeres Bienestar, Personas con Discapacidad o Madres Trabajadoras se hayan\u00a0preguntado cu\u00e1ndo iniciar\u00e1\u00a0el cuatro bimestre\u00a0de pagos;\u00a0sin embargo, la Secretar\u00eda de Bienestar\u00a0no ha dado\u00a0a conocer el calendario oficial. Pero como ha ocurrido en los bimestres [&hellip;]<\/p>\n","protected":false},"author":4,"featured_media":4488,"comment_status":"","ping_status":"","sticky":false,"template":"","format":"standard","meta":{"footnotes":""},"categories":[33],"tags":[],"class_list":["post-4487","post","type-post","status-publish","format-standard","has-post-thumbnail","hentry","category-cultura"],"_links":{"self":[{"href":"https:\/\/conexion-mx.com\/index.php?rest_route=\/wp\/v2\/posts\/4487","targetHints":{"allow":["GET"]}}],"collection":[{"href":"https:\/\/conexion-mx.com\/index.php?rest_route=\/wp\/v2\/posts"}],"about":[{"href":"https:\/\/conexion-mx.com\/index.php?rest_route=\/wp\/v2\/types\/post"}],"author":[{"embeddable":true,"href":"https:\/\/conexion-mx.com\/index.php?rest_route=\/wp\/v2\/users\/4"}],"replies":[{"embeddable":true,"href":"https:\/\/conexion-mx.com\/index.php?rest_route=%2Fwp%2Fv2%2Fcomments&post=4487"}],"version-history":[{"count":0,"href":"https:\/\/conexion-mx.com\/index.php?rest_route=\/wp\/v2\/posts\/4487\/revisions"}],"wp:featuredmedia":[{"embeddable":true,"href":"https:\/\/conexion-mx.com\/index.php?rest_route=\/wp\/v2\/media\/4488"}],"wp:attachment":[{"href":"https:\/\/conexion-mx.com\/index.php?rest_route=%2Fwp%2Fv2%2Fmedia&parent=4487"}],"wp:term":[{"taxonomy":"category","embeddable":true,"href":"https:\/\/conexion-mx.com\/index.php?rest_route=%2Fwp%2Fv2%2Fcategories&post=4487"},{"taxonomy":"post_tag","embeddable":true,"href":"https:\/\/conexion-mx.com\/index.php?rest_route=%2Fwp%2Fv2%2Ftags&post=4487"}],"curies":[{"name":"wp","href":"https:\/\/api.w.org\/{rel}","templated":true}]}}