{"id":4507,"date":"2026-06-16T06:44:18","date_gmt":"2026-06-16T11:44:18","guid":{"rendered":"https:\/\/conexion-mx.com\/?p=4507"},"modified":"2026-06-16T06:44:18","modified_gmt":"2026-06-16T11:44:18","slug":"marchas-y-bloqueos-de-la-cnte-hoy-martes-16-de-junio-puntos-afectados-y-vialidades-cerradas-en-cdmx","status":"publish","type":"post","link":"https:\/\/conexion-mx.com\/?p=4507","title":{"rendered":"Marchas y bloqueos de la CNTE HOY martes 16 de junio: Puntos afectados y vialidades cerradas en CDMX"},"content":{"rendered":"<p> <br \/>\n<\/p>\n<div>\n<p>Diversas <strong>movilizaciones<\/strong>\u00a0se llevar\u00e1n a cabo este <strong>martes 16 de junio en la Ciudad de M\u00e9xico<\/strong>, por lo que se prev\u00e9n afectaciones viales en distintos puntos de la capital. Entre las principales concentraciones destaca la convocada por integrantes de la Coordinadora Nacional de Trabajadores de la Educaci\u00f3n (<strong>CNTE<\/strong>), quienes continuar\u00e1n con sus protestas para exigir respuesta a sus demandas laborales y modificaciones al sistema de pensiones.<\/p>\n<p>Autoridades capitalinas recomendaron a automovilistas y usuarios del transporte p\u00fablico tomar precauciones, debido a que algunas <strong>manifestaciones<\/strong> podr\u00edan generar cierres intermitentes, reducci\u00f3n de carriles y complicaciones en vialidades principales. Uno de los puntos con mayor presencia de manifestantes ser\u00e1 la zona sur de la capital, espec\u00edficamente en la <strong>alcald\u00eda Tlalpan<\/strong>.<\/p>\n<aside class=\"htmlinline\"\/>\n<p>De acuerdo con la agenda de movilizaciones prevista para este martes, integrantes del magisterio se concentrar\u00e1n en la <strong>caseta de Tlalpan de la autopista M\u00e9xico-Cuernavaca<\/strong>, donde realizar\u00e1n diversas actividades como parte de su jornada de protesta. La movilizaci\u00f3n forma parte del plan de acci\u00f3n que mantienen maestros de diferentes entidades del pa\u00eds.<\/p>\n<p>La <strong>protesta<\/strong> se realizar\u00e1 en medio de las negociaciones y exigencias que la <strong>CNTE<\/strong> mantiene hacia las autoridades federales, entre ellas cambios en materia educativa, laboral y de seguridad social. Debido a la ubicaci\u00f3n de la concentraci\u00f3n, se recomienda considerar <strong>alternativas<\/strong> para quienes tengan planeado circular hacia el sur de la Ciudad de M\u00e9xico o utilizar la autopista con direcci\u00f3n a Morelos.<\/p>\n<h2>\u00bfD\u00f3nde habr\u00e1 marchas y bloqueos hoy martes 16 de junio en CDMX?<\/h2>\n<figure class=\"image\"><img loading=\"lazy\" decoding=\"async\" alt=\"\" height=\"435\" src=\"https:\/\/heraldodemexico.com.mx\/u\/fotografias\/m\/2026\/6\/12\/f768x1-1295513_1295640_5050.jpeg\" width=\"768\"\/>&#13;<figcaption>Se esperan distintos bloqueos | Archivo<\/figcaption>&#13;<br \/>\n<\/figure>\n<p>Para este martes 16 de junio, la <strong>Coordinadora Nacional de Trabajadores de la Educaci\u00f3n<\/strong> convoc\u00f3 a una concentraci\u00f3n a las 10:30 horas en la <strong>caseta de Tlalpan<\/strong>, ubicada sobre la <strong>autopista M\u00e9xico-Cuernavaca<\/strong>, en la colonia Los Cipreses, alcald\u00eda <strong>Tlalpan<\/strong>. Durante esta <strong>movilizaci\u00f3n<\/strong>, los integrantes del magisterio tienen contemplado realizar una conferencia de prensa para informar sobre su plan de acci\u00f3n, as\u00ed como emitir un posicionamiento p\u00fablico sobre las pr\u00f3ximas actividades que llevar\u00e1n a cabo dentro de sus <strong>protestas<\/strong>.<\/p>\n<p>Entre las principales demandas de la <strong>CNTE<\/strong> se encuentra la derogaci\u00f3n de la Ley del ISSSTE de 2007 y de la Reforma Educativa de 2019, adem\u00e1s del regreso a un sistema de pensiones sin Administradoras de Fondos para el Retiro (Afores). Los docentes tambi\u00e9n solicitan mayor seguridad para la comunidad escolar, mejores condiciones laborales, un incremento salarial del 100% directo al sueldo base, as\u00ed como detener los descuentos aplicados a trabajadores de la educaci\u00f3n que han participado en movilizaciones recientes.<\/p>\n<p>Otra de las peticiones del magisterio es el cumplimiento de acuerdos relacionados con la no represi\u00f3n hacia integrantes del movimiento, adem\u00e1s de exigir un aumento en el presupuesto destinado a educaci\u00f3n, salud y seguridad social. Tambi\u00e9n solicitan mejores condiciones para escuelas ubicadas en comunidades rurales. De acuerdo con los reportes de la <strong>movilizaci\u00f3n<\/strong>, se prev\u00e9 que los manifestantes permitan el paso libre en las <strong>casetas de cobro<\/strong> con direcci\u00f3n hacia la Ciudad de M\u00e9xico, como parte de sus acciones de protesta. Se estima la participaci\u00f3n de aproximadamente 80 personas durante esta concentraci\u00f3n.<\/p>\n<h2>Recomendaciones por bloqueos y movilizaciones en la Ciudad de M\u00e9xico<\/h2>\n<figure class=\"image\"><img loading=\"lazy\" decoding=\"async\" alt=\"\" height=\"511\" src=\"https:\/\/heraldodemexico.com.mx\/u\/fotografias\/m\/2026\/6\/10\/f768x1-1294340_1294467_5050.jpg\" width=\"768\"\/>&#13;<figcaption>La recomendaci\u00f3n es evitar zonas con presencia de manifestantes | Archivo<\/figcaption>&#13;<br \/>\n<\/figure>\n<p>Ante la presencia de manifestantes en la <strong>caseta de Tlalpan<\/strong>, las autoridades recomiendan a la ciudadan\u00eda anticipar sus tiempos de traslado, revisar el estado del tr\u00e1nsito en tiempo real y considerar v\u00edas alternas para evitar retrasos durante la ma\u00f1ana y tarde de este martes. Los automovilistas que circulen por la <strong>autopista M\u00e9xico-Cuernavaca<\/strong> deber\u00e1n mantenerse atentos a posibles cortes viales o modificaciones en la circulaci\u00f3n, ya que las afectaciones podr\u00edan variar dependiendo del avance de la protesta y del n\u00famero de participantes.&#13;<br \/>\n&#13;\n<\/p>\n<p>Tambi\u00e9n se recomienda a los usuarios del transporte p\u00fablico prever posibles retrasos en las rutas que conectan con la zona sur de la capital, principalmente aquellas que circulan cerca de accesos carreteros o avenidas principales de la <strong>alcald\u00eda Tlalpan<\/strong>.\u00a0&#13;<br \/>\n&#13;<br \/>\n&#13;\n                                <\/p>\n<\/p><\/div>\n<p><script>\n    !function(f,b,e,v,n,t,s)\n    {if(f.fbq)return;n=f.fbq=function(){n.callMethod?\n    n.callMethod.apply(n,arguments):n.queue.push(arguments)};\n    if(!f._fbq)f._fbq=n;n.push=n;n.loaded=!0;n.version='2.0';\n    n.queue=[];t=b.createElement(e);t.async=!0;\n    t.src=v;s=b.getElementsByTagName(e)[0];\n    s.parentNode.insertBefore(t,s)}(window, document,'script',\n    'https:\/\/connect.facebook.net\/en_US\/fbevents.js');\n    fbq('init', '237927003583820');\n    fbq('track', 'PageView');\n  <\/script><script>\n    !function(f,b,e,v,n,t,s)\n    {if(f.fbq)return;n=f.fbq=function(){n.callMethod?\n    n.callMethod.apply(n,arguments):n.queue.push(arguments)};\n    if(!f._fbq)f._fbq=n;n.push=n;n.loaded=!0;n.version='2.0';\n    n.queue=[];t=b.createElement(e);t.async=!0;\n    t.src=v;s=b.getElementsByTagName(e)[0];\n    s.parentNode.insertBefore(t,s)}(window, document,'script',\n    'https:\/\/connect.facebook.net\/en_US\/fbevents.js');\n    fbq('init', '802372280934901');\n    fbq('track', 'PageView');\n    <\/script><br \/>\n<br \/><\/p>\n","protected":false},"excerpt":{"rendered":"<p>Diversas movilizaciones\u00a0se llevar\u00e1n a cabo este martes 16 de junio en la Ciudad de M\u00e9xico, por lo que se prev\u00e9n afectaciones viales en distintos puntos de la capital. Entre las principales concentraciones destaca la convocada por integrantes de la Coordinadora Nacional de Trabajadores de la Educaci\u00f3n (CNTE), quienes continuar\u00e1n con sus protestas para exigir respuesta [&hellip;]<\/p>\n","protected":false},"author":3,"featured_media":4508,"comment_status":"","ping_status":"","sticky":false,"template":"","format":"standard","meta":{"footnotes":""},"categories":[35],"tags":[],"class_list":["post-4507","post","type-post","status-publish","format-standard","has-post-thumbnail","hentry","category-espectaculos"],"_links":{"self":[{"href":"https:\/\/conexion-mx.com\/index.php?rest_route=\/wp\/v2\/posts\/4507","targetHints":{"allow":["GET"]}}],"collection":[{"href":"https:\/\/conexion-mx.com\/index.php?rest_route=\/wp\/v2\/posts"}],"about":[{"href":"https:\/\/conexion-mx.com\/index.php?rest_route=\/wp\/v2\/types\/post"}],"author":[{"embeddable":true,"href":"https:\/\/conexion-mx.com\/index.php?rest_route=\/wp\/v2\/users\/3"}],"replies":[{"embeddable":true,"href":"https:\/\/conexion-mx.com\/index.php?rest_route=%2Fwp%2Fv2%2Fcomments&post=4507"}],"version-history":[{"count":0,"href":"https:\/\/conexion-mx.com\/index.php?rest_route=\/wp\/v2\/posts\/4507\/revisions"}],"wp:featuredmedia":[{"embeddable":true,"href":"https:\/\/conexion-mx.com\/index.php?rest_route=\/wp\/v2\/media\/4508"}],"wp:attachment":[{"href":"https:\/\/conexion-mx.com\/index.php?rest_route=%2Fwp%2Fv2%2Fmedia&parent=4507"}],"wp:term":[{"taxonomy":"category","embeddable":true,"href":"https:\/\/conexion-mx.com\/index.php?rest_route=%2Fwp%2Fv2%2Fcategories&post=4507"},{"taxonomy":"post_tag","embeddable":true,"href":"https:\/\/conexion-mx.com\/index.php?rest_route=%2Fwp%2Fv2%2Ftags&post=4507"}],"curies":[{"name":"wp","href":"https:\/\/api.w.org\/{rel}","templated":true}]}}