{"id":4527,"date":"2026-06-18T07:56:44","date_gmt":"2026-06-18T12:56:44","guid":{"rendered":"https:\/\/conexion-mx.com\/?p=4527"},"modified":"2026-06-18T07:56:44","modified_gmt":"2026-06-18T12:56:44","slug":"hobbit-bermudez-sobre-naturalizados-en-la-seleccion-y-la-crisis-de-la-liga-de-expansion","status":"publish","type":"post","link":"https:\/\/conexion-mx.com\/?p=4527","title":{"rendered":"&#8216;Hobbit&#8217; Berm\u00fadez sobre naturalizados en la Selecci\u00f3n y la crisis de la Liga de Expansi\u00f3n"},"content":{"rendered":"<p> <br \/>\n<\/p>\n<div>\n<p>El exfutbolista &#8216;Hobbit&#8217; Berm\u00fadez, en entrevista, enfatiz\u00f3 que cualquier jugador convocado a la Selecci\u00f3n Nacional, sea nacido en M\u00e9xico o naturalizado, debe demostrar una diferencia significativa en su desempe\u00f1o. Sus declaraciones abordan el persistente debate sobre la inclusi\u00f3n de futbolistas no nacidos en el pa\u00eds y la situaci\u00f3n actual de la Liga de Expansi\u00f3n, donde los jugadores enfrentan una falta de visibilidad y oportunidades.<\/p>\n<h2>El debate sobre los naturalizados en la Selecci\u00f3n Nacional<\/h2>\n<p>Berm\u00fadez subray\u00f3 la expectativa de que los seleccionados nacionales justifiquen su llamado con un rendimiento superior. Esta postura se alinea con la percepci\u00f3n general de que los jugadores naturalizados deben aportar un valor a\u00f1adido innegable al equipo.<\/p>\n<p>\u00abAl ser seleccionado, es porque marcas diferencia en donde est\u00e9s jugando y por eso ganas ese premio\u00bb, afirm\u00f3 &#8216;Hobbit&#8217; Berm\u00fadez.<\/p>\n<p>El exjugador tambi\u00e9n destac\u00f3 la calidad del talento local, sugiriendo que la media cancha mexicana cuenta con elementos competitivos.<\/p>\n<p>\u00abSiento que en la media cancha tambi\u00e9n hay muy buenos jugadores mexicanos\u00bb, agreg\u00f3 Berm\u00fadez, en referencia a la discusi\u00f3n sobre la posible convocatoria de jugadores como Fidalgo.<\/p>\n<h2>La compleja realidad de la Liga de Expansi\u00f3n y el movimiento de franquicias<\/h2>\n<p>La conversaci\u00f3n tambi\u00e9n se centr\u00f3 en los desaf\u00edos que enfrentan los futbolistas de la Liga de Expansi\u00f3n, quienes, a pesar de su esfuerzo, perciben una falta de atenci\u00f3n y un futuro incierto en cuanto a sus aspiraciones deportivas.<\/p>\n<p>\u00abLo \u00fanico que queda es estar en el aparador, estar en la vitrina, es decir, colectivamente, pero individualmente estar en un buen nivel para que puedas llamar la atenci\u00f3n. Es la \u00fanica forma\u00bb, explic\u00f3 Berm\u00fadez sobre la motivaci\u00f3n de los jugadores.<\/p>\n<p>El exfutbolista revel\u00f3 una preocupante estad\u00edstica sobre la percepci\u00f3n de los jugadores en esta categor\u00eda.<\/p>\n<p>\u00abYo creo que el 80-85 no se siente observado. S\u00ed se siente hasta cierto punto abandono, pero es trabajar y hacerlo bien. Es lo \u00fanico\u00bb, sentenci\u00f3.<\/p>\n<p>La situaci\u00f3n administrativa de la liga tambi\u00e9n fue objeto de cr\u00edtica, especialmente en el contexto de los recientes movimientos de franquicias. Se mencion\u00f3 el caso de la adquisici\u00f3n del Club Celaya por un grupo empresarial que lo trasladar\u00e1 a Veracruz, donde el estadio \u00abPirata\u00bb de la Fuente ha sido remodelado. Un hablante en la entrevista calific\u00f3 el \u00abcuaderno de cargos\u00bb de la liga como excesivamente demandante.<\/p>\n<p>\u00abEl cuaderno de cargos es una mentada. Yo creo que ni siquiera los equipos que est\u00e1n en primera divisi\u00f3n cubren todos los requisitos del cuaderno de cargos\u00bb, se coment\u00f3 durante la charla.<\/p>\n<p>Este tipo de movimientos, aunque buscan revitalizar plazas, evidencian las complejidades y la falta de un \u00abpremio deportivo\u00bb claro para los equipos y jugadores de la Liga de Expansi\u00f3n, que a menudo se encuentran en una situaci\u00f3n de \u00absobrevivencia\u00bb.<\/p>\n<h2>Celebraci\u00f3n del 110 aniversario del Club Atlante<\/h2>\n<p>En otro punto de la entrevista, se extendi\u00f3 una invitaci\u00f3n a la afici\u00f3n para celebrar el 110 aniversario del Club Atlante. El evento tendr\u00e1 lugar el pr\u00f3ximo s\u00e1bado 18 de abril a las 17:00 horas en el Sal\u00f3n Los \u00c1ngeles, ubicado en Lerdo 206, Colonia Guerrero, Alcald\u00eda Cuauht\u00e9moc. La fiesta contar\u00e1 con la participaci\u00f3n de la Sonora Santanera (la de Davis) y la Sonora Dinamita (la de Lucho Arga\u00edn). Los boletos en fase uno tienen un costo de 580 pesos. Adem\u00e1s, se organizar\u00e1 una caravana que comenzar\u00e1 en el \u00c1ngel de la Independencia y finalizar\u00e1 en la placa de fundaci\u00f3n del Atlante en Avenida Valladolid, Roma Norte.<\/p>\n<h2>Nuevo programa sobre la historia del futbol mexicano<\/h2>\n<p>Finalmente, se anunci\u00f3 el estreno de un nuevo programa en Heraldo Televisi\u00f3n, Canal 8, que se transmitir\u00e1 ma\u00f1ana a las 22:30 horas. Este espacio, parte de la serie de Heraldo Deportes, analizar\u00e1 la ruta hacia la Copa del Mundo, comparando los estadios de M\u00e9xico 86 con las infraestructuras actuales y explorando la rica historia del futbol mexicano de primera divisi\u00f3n, que ya supera los 100 a\u00f1os.&#13;<br \/>\n&#13;\n                                <\/p>\n<\/p><\/div>\n<p><script>\n    !function(f,b,e,v,n,t,s)\n    {if(f.fbq)return;n=f.fbq=function(){n.callMethod?\n    n.callMethod.apply(n,arguments):n.queue.push(arguments)};\n    if(!f._fbq)f._fbq=n;n.push=n;n.loaded=!0;n.version='2.0';\n    n.queue=[];t=b.createElement(e);t.async=!0;\n    t.src=v;s=b.getElementsByTagName(e)[0];\n    s.parentNode.insertBefore(t,s)}(window, document,'script',\n    'https:\/\/connect.facebook.net\/en_US\/fbevents.js');\n    fbq('init', '237927003583820');\n    fbq('track', 'PageView');\n  <\/script><br \/>\n<br \/><\/p>\n","protected":false},"excerpt":{"rendered":"<p>El exfutbolista &#8216;Hobbit&#8217; Berm\u00fadez, en entrevista, enfatiz\u00f3 que cualquier jugador convocado a la Selecci\u00f3n Nacional, sea nacido en M\u00e9xico o naturalizado, debe demostrar una diferencia significativa en su desempe\u00f1o. Sus declaraciones abordan el persistente debate sobre la inclusi\u00f3n de futbolistas no nacidos en el pa\u00eds y la situaci\u00f3n actual de la Liga de Expansi\u00f3n, donde [&hellip;]<\/p>\n","protected":false},"author":2,"featured_media":4528,"comment_status":"","ping_status":"","sticky":false,"template":"","format":"standard","meta":{"footnotes":""},"categories":[2],"tags":[],"class_list":["post-4527","post","type-post","status-publish","format-standard","has-post-thumbnail","hentry","category-local"],"_links":{"self":[{"href":"https:\/\/conexion-mx.com\/index.php?rest_route=\/wp\/v2\/posts\/4527","targetHints":{"allow":["GET"]}}],"collection":[{"href":"https:\/\/conexion-mx.com\/index.php?rest_route=\/wp\/v2\/posts"}],"about":[{"href":"https:\/\/conexion-mx.com\/index.php?rest_route=\/wp\/v2\/types\/post"}],"author":[{"embeddable":true,"href":"https:\/\/conexion-mx.com\/index.php?rest_route=\/wp\/v2\/users\/2"}],"replies":[{"embeddable":true,"href":"https:\/\/conexion-mx.com\/index.php?rest_route=%2Fwp%2Fv2%2Fcomments&post=4527"}],"version-history":[{"count":0,"href":"https:\/\/conexion-mx.com\/index.php?rest_route=\/wp\/v2\/posts\/4527\/revisions"}],"wp:featuredmedia":[{"embeddable":true,"href":"https:\/\/conexion-mx.com\/index.php?rest_route=\/wp\/v2\/media\/4528"}],"wp:attachment":[{"href":"https:\/\/conexion-mx.com\/index.php?rest_route=%2Fwp%2Fv2%2Fmedia&parent=4527"}],"wp:term":[{"taxonomy":"category","embeddable":true,"href":"https:\/\/conexion-mx.com\/index.php?rest_route=%2Fwp%2Fv2%2Fcategories&post=4527"},{"taxonomy":"post_tag","embeddable":true,"href":"https:\/\/conexion-mx.com\/index.php?rest_route=%2Fwp%2Fv2%2Ftags&post=4527"}],"curies":[{"name":"wp","href":"https:\/\/api.w.org\/{rel}","templated":true}]}}