{"id":4533,"date":"2026-06-18T21:17:50","date_gmt":"2026-06-19T02:17:50","guid":{"rendered":"https:\/\/conexion-mx.com\/?p=4533"},"modified":"2026-06-18T21:17:50","modified_gmt":"2026-06-19T02:17:50","slug":"el-pato-merlin-ya-esta-en-reforma-para-alentar-al-tri-camaras-del-c5-captaron-su-llegada-video","status":"publish","type":"post","link":"https:\/\/conexion-mx.com\/?p=4533","title":{"rendered":"El pato Merl\u00edn ya est\u00e1 en Reforma para alentar al Tri; c\u00e1maras del C5 captaron su llegada | VIDEO"},"content":{"rendered":"<p> <br \/>\n<\/p>\n<div itemprop=\"articleBody\">\n<div class=\"txt_contenido\">\n<p><strong>Salvador Guerrero Chipr\u00e9s<\/strong>, coordinador del sistema de videovigilancia <strong>\u00abC5\u00bb <\/strong>de la <strong>Ciudad de M\u00e9xico<\/strong>, confirm\u00f3 la llegada del<strong> pato Merl\u00edn<\/strong> a <strong>Paseo de la Reforma<\/strong> para apoyar a la <strong>Selecci\u00f3n Nacional de M\u00e9xico<\/strong> en su partido contra <strong>Corea del Sur<\/strong> en el marco de la <strong>Copa Mundial 2026<\/strong>.<\/p>\n<p>\u00a0<\/p>\n<aside class=\"htmlinline\"\/><\/div>\n<\/p><\/div>\n<p><script>\n    !function(f,b,e,v,n,t,s)\n    {if(f.fbq)return;n=f.fbq=function(){n.callMethod?\n    n.callMethod.apply(n,arguments):n.queue.push(arguments)};\n    if(!f._fbq)f._fbq=n;n.push=n;n.loaded=!0;n.version='2.0';\n    n.queue=[];t=b.createElement(e);t.async=!0;\n    t.src=v;s=b.getElementsByTagName(e)[0];\n    s.parentNode.insertBefore(t,s)}(window, document,'script',\n    'https:\/\/connect.facebook.net\/en_US\/fbevents.js');\n    fbq('init', '237927003583820');\n    fbq('track', 'PageView');\n  <\/script><script>\n    !function(f,b,e,v,n,t,s)\n    {if(f.fbq)return;n=f.fbq=function(){n.callMethod?\n    n.callMethod.apply(n,arguments):n.queue.push(arguments)};\n    if(!f._fbq)f._fbq=n;n.push=n;n.loaded=!0;n.version='2.0';\n    n.queue=[];t=b.createElement(e);t.async=!0;\n    t.src=v;s=b.getElementsByTagName(e)[0];\n    s.parentNode.insertBefore(t,s)}(window, document,'script',\n    'https:\/\/connect.facebook.net\/en_US\/fbevents.js');\n    fbq('init', '802372280934901');\n    fbq('track', 'PageView');\n    <\/script><br \/>\n<br \/><\/p>\n","protected":false},"excerpt":{"rendered":"<p>Salvador Guerrero Chipr\u00e9s, coordinador del sistema de videovigilancia \u00abC5\u00bb de la Ciudad de M\u00e9xico, confirm\u00f3 la llegada del pato Merl\u00edn a Paseo de la Reforma para apoyar a la Selecci\u00f3n Nacional de M\u00e9xico en su partido contra Corea del Sur en el marco de la Copa Mundial 2026. \u00a0<\/p>\n","protected":false},"author":3,"featured_media":4534,"comment_status":"","ping_status":"","sticky":false,"template":"","format":"standard","meta":{"footnotes":""},"categories":[34],"tags":[],"class_list":["post-4533","post","type-post","status-publish","format-standard","has-post-thumbnail","hentry","category-sociedad"],"_links":{"self":[{"href":"https:\/\/conexion-mx.com\/index.php?rest_route=\/wp\/v2\/posts\/4533","targetHints":{"allow":["GET"]}}],"collection":[{"href":"https:\/\/conexion-mx.com\/index.php?rest_route=\/wp\/v2\/posts"}],"about":[{"href":"https:\/\/conexion-mx.com\/index.php?rest_route=\/wp\/v2\/types\/post"}],"author":[{"embeddable":true,"href":"https:\/\/conexion-mx.com\/index.php?rest_route=\/wp\/v2\/users\/3"}],"replies":[{"embeddable":true,"href":"https:\/\/conexion-mx.com\/index.php?rest_route=%2Fwp%2Fv2%2Fcomments&post=4533"}],"version-history":[{"count":0,"href":"https:\/\/conexion-mx.com\/index.php?rest_route=\/wp\/v2\/posts\/4533\/revisions"}],"wp:featuredmedia":[{"embeddable":true,"href":"https:\/\/conexion-mx.com\/index.php?rest_route=\/wp\/v2\/media\/4534"}],"wp:attachment":[{"href":"https:\/\/conexion-mx.com\/index.php?rest_route=%2Fwp%2Fv2%2Fmedia&parent=4533"}],"wp:term":[{"taxonomy":"category","embeddable":true,"href":"https:\/\/conexion-mx.com\/index.php?rest_route=%2Fwp%2Fv2%2Fcategories&post=4533"},{"taxonomy":"post_tag","embeddable":true,"href":"https:\/\/conexion-mx.com\/index.php?rest_route=%2Fwp%2Fv2%2Ftags&post=4533"}],"curies":[{"name":"wp","href":"https:\/\/api.w.org\/{rel}","templated":true}]}}