{"id":4537,"date":"2026-06-19T01:13:02","date_gmt":"2026-06-19T06:13:02","guid":{"rendered":"https:\/\/conexion-mx.com\/?p=4537"},"modified":"2026-06-19T01:13:02","modified_gmt":"2026-06-19T06:13:02","slug":"mexicanos-abarrotan-las-plazas-mas-importantes-del-pais-luego-del-triunfo-del-tri-frente-a-corea-del-sur-fotos","status":"publish","type":"post","link":"https:\/\/conexion-mx.com\/?p=4537","title":{"rendered":"Mexicanos abarrotan las plazas m\u00e1s importantes del pa\u00eds luego del triunfo del Tri frente a Corea del Sur | FOTOS"},"content":{"rendered":"<p> <br \/>\n<\/p>\n<div>\n<p>Alrededor de <strong>30 mil personas<\/strong>, con m\u00e1s en camino, llenaron la <strong>Glorieta de La Minerva<\/strong> en <strong>Guadalajara<\/strong>, Jalisco, luego del triunfo de la <strong>M\u00e9xico<\/strong>\u00a0ante<strong> Corea del Sur<\/strong> en la <strong>Copa Mundial 2026<\/strong>. Fotorgraf\u00edas mostraron el j\u00fabilo de los aficionados que, portando banderas, playeras del<strong> \u00abTri\u00bb <\/strong>y hasta <strong>m\u00e1scaras de luchador<\/strong>, festejaron el triunfo que coloca al <strong>conjunto azteca<\/strong> en el primer lugar del grupo A.<\/p>\n<p>El <strong>\u00c1ngel de la Independencia<\/strong>, en la Ciudad de M\u00e9xico, tampoco fue la excepci\u00f3n. Despu\u00e9s de que miles de personas desalojaran el <strong>Fan Fest del Z\u00f3calo<\/strong>,\u00a0se trasladaron al monumento hist\u00f3rico capitalino ubicado en <strong>Av. Paseo de la Reforma<\/strong> para continuar con las celebraciones mundialistas.<\/p>\n<aside class=\"htmlinline\"\/>\n<p>La afluencia en la <strong>Plaza de la Constituci\u00f3n<\/strong> fue tal, que las autoridades de la CDMX anunciaron la instalaci\u00f3n de <strong>pantallas adicionales<\/strong> en diferentes puntos del <strong>Centro Hist\u00f3rico<\/strong> y espacios alternos en calles como <strong>5 de Mayo<\/strong> e <strong>Isabel la Cat\u00f3lica<\/strong>, <strong>16 de septiembre<\/strong>, <strong>Pino Su\u00e1rez<\/strong>\u00a0y <strong>Uruguay<\/strong>, as\u00ed como el <strong>Festival Futbolero Garibaldi<\/strong>, perfecto para quienes prefirieran evitar las aglomeraciones en el <strong>Z\u00f3calo<\/strong>.<\/p>\n<aside class=\"relacionadas con-foto linea-1078\"><strong class=\"relacionadas-titulo-gral\">Noticias Relacionadas<\/strong><\/aside>\n<h2>Guadalajara, Tijuana y el Edomex, escenarios de la fiebre mundialista<\/h2>\n<div class=\"image-align-center\">\n<figure class=\"image\"><img loading=\"lazy\" decoding=\"async\" alt=\"\" height=\"400\" src=\"https:\/\/heraldodemexico.com.mx\/u\/fotografias\/m\/2026\/6\/18\/f768x400-1297745_1341648_5050.jpeg\" width=\"768\"\/>&#13;<figcaption>Ni la lluvia pudo evitar que las personas festejaran en la plaza Wichita | Especial<\/figcaption>&#13;<br \/>\n<\/figure>\n<\/div>\n<p>En <strong>Tijuana<\/strong>, Baja California, la <strong>avenida\u00a0Revoluci\u00f3n<\/strong> fue el escenario de una aut\u00e9ntica fiesta, pues cientos de familias abarrotaron la zona en el marco del <strong>Baja Fut Fest<\/strong>. Portando accesorios alusivos a la selecci\u00f3n mexicana, disfrutaron del partido en pantallas gigantes.<\/p>\n<p>Tras la victoria mexicana, decenas de aficionados se congregaron en la <strong>glorieta Cuauht\u00e9moc<\/strong> de la <strong>Zona R\u00edo<\/strong>. Conductores que transitaban por el lugar descendieron de sus veh\u00edculos. Menores de edad y adultos mayores expresaron su alegr\u00eda con bailes, silbidos y hasta gritos de <strong>\u00abViva M\u00e9xico\u00bb.<\/strong><\/p>\n<div class=\"image-align-center\">\n<figure class=\"image\"><img loading=\"lazy\" decoding=\"async\" alt=\"\" height=\"400\" src=\"https:\/\/heraldodemexico.com.mx\/u\/fotografias\/m\/2026\/6\/18\/f768x400-1297746_1341649_5050.jpeg\" width=\"768\"\/>&#13;<figcaption>En Tijuana, los fan\u00e1ticos festejaron la victoria en la glorieta Cuauht\u00e9moc | Especial<\/figcaption>&#13;<br \/>\n<\/figure>\n<\/div>\n<p>La presencia de elementos de la <strong>Polic\u00eda Municipal<\/strong> y <strong>Protecci\u00f3n Civil <\/strong>fue fundamental para garantizar la seguridad y evitar incidentes durante celebraci\u00f3n.<\/p>\n<p>Aficionados del <strong>Estado de M\u00e9xico<\/strong> aprovecharon\u00a0la <strong>Zona Azul<\/strong> de <strong>Ciudad Sat\u00e9lite<\/strong> para festejar el triunfo de M\u00e9xico contra Corea. Familias con ni\u00f1os llegaron al tradicional punto de reuni\u00f3n para festejar. En <strong>Tlalnepantla<\/strong>, ni la lluvia impidi\u00f3 que los aficionados festejaran el triunfo en la plaza <strong>Wichita<\/strong>, ubicada a un costado de la <strong>Pir\u00e1mide de<\/strong> <strong>Tenayuca<\/strong>.<\/p>\n<p>Finalmente, fan\u00e1ticos regiomontanos abarrotaron el <strong>Parque Fundidora<\/strong> que, a pesar de que cerraron las puertas al no haber capacidad, a base de empujones lograron ingresar a uno de los tres escenarios instalados para ver el partido de la Copa Mundial 2026.&#13;<br \/>\n&#13;\n<\/p>\n<p>Al caer el gol de la victoria, el ic\u00f3nico punto de reuni\u00f3n se cimbr\u00f3 con los gritos de los <strong>presentes<\/strong>. A pesar del ingreso de personas, muchas se quedaron en las inmediaciones del parque. Tras el <strong>silbatazo final<\/strong>, los festejos no se hicieron esperar al interior del inmueble.&#13;<br \/>\n&#13;<br \/>\n&#13;\n                                <\/p>\n<\/p><\/div>\n<p><script>\n    !function(f,b,e,v,n,t,s)\n    {if(f.fbq)return;n=f.fbq=function(){n.callMethod?\n    n.callMethod.apply(n,arguments):n.queue.push(arguments)};\n    if(!f._fbq)f._fbq=n;n.push=n;n.loaded=!0;n.version='2.0';\n    n.queue=[];t=b.createElement(e);t.async=!0;\n    t.src=v;s=b.getElementsByTagName(e)[0];\n    s.parentNode.insertBefore(t,s)}(window, document,'script',\n    'https:\/\/connect.facebook.net\/en_US\/fbevents.js');\n    fbq('init', '237927003583820');\n    fbq('track', 'PageView');\n  <\/script><script>\n    !function(f,b,e,v,n,t,s)\n    {if(f.fbq)return;n=f.fbq=function(){n.callMethod?\n    n.callMethod.apply(n,arguments):n.queue.push(arguments)};\n    if(!f._fbq)f._fbq=n;n.push=n;n.loaded=!0;n.version='2.0';\n    n.queue=[];t=b.createElement(e);t.async=!0;\n    t.src=v;s=b.getElementsByTagName(e)[0];\n    s.parentNode.insertBefore(t,s)}(window, document,'script',\n    'https:\/\/connect.facebook.net\/en_US\/fbevents.js');\n    fbq('init', '802372280934901');\n    fbq('track', 'PageView');\n    <\/script><br \/>\n<br \/><\/p>\n","protected":false},"excerpt":{"rendered":"<p>Alrededor de 30 mil personas, con m\u00e1s en camino, llenaron la Glorieta de La Minerva en Guadalajara, Jalisco, luego del triunfo de la M\u00e9xico\u00a0ante Corea del Sur en la Copa Mundial 2026. Fotorgraf\u00edas mostraron el j\u00fabilo de los aficionados que, portando banderas, playeras del \u00abTri\u00bb y hasta m\u00e1scaras de luchador, festejaron el triunfo que coloca [&hellip;]<\/p>\n","protected":false},"author":4,"featured_media":4538,"comment_status":"","ping_status":"","sticky":false,"template":"","format":"standard","meta":{"footnotes":""},"categories":[36],"tags":[],"class_list":["post-4537","post","type-post","status-publish","format-standard","has-post-thumbnail","hentry","category-tecnologia"],"_links":{"self":[{"href":"https:\/\/conexion-mx.com\/index.php?rest_route=\/wp\/v2\/posts\/4537","targetHints":{"allow":["GET"]}}],"collection":[{"href":"https:\/\/conexion-mx.com\/index.php?rest_route=\/wp\/v2\/posts"}],"about":[{"href":"https:\/\/conexion-mx.com\/index.php?rest_route=\/wp\/v2\/types\/post"}],"author":[{"embeddable":true,"href":"https:\/\/conexion-mx.com\/index.php?rest_route=\/wp\/v2\/users\/4"}],"replies":[{"embeddable":true,"href":"https:\/\/conexion-mx.com\/index.php?rest_route=%2Fwp%2Fv2%2Fcomments&post=4537"}],"version-history":[{"count":0,"href":"https:\/\/conexion-mx.com\/index.php?rest_route=\/wp\/v2\/posts\/4537\/revisions"}],"wp:featuredmedia":[{"embeddable":true,"href":"https:\/\/conexion-mx.com\/index.php?rest_route=\/wp\/v2\/media\/4538"}],"wp:attachment":[{"href":"https:\/\/conexion-mx.com\/index.php?rest_route=%2Fwp%2Fv2%2Fmedia&parent=4537"}],"wp:term":[{"taxonomy":"category","embeddable":true,"href":"https:\/\/conexion-mx.com\/index.php?rest_route=%2Fwp%2Fv2%2Fcategories&post=4537"},{"taxonomy":"post_tag","embeddable":true,"href":"https:\/\/conexion-mx.com\/index.php?rest_route=%2Fwp%2Fv2%2Ftags&post=4537"}],"curies":[{"name":"wp","href":"https:\/\/api.w.org\/{rel}","templated":true}]}}