{"id":4545,"date":"2026-06-19T16:42:32","date_gmt":"2026-06-19T21:42:32","guid":{"rendered":"https:\/\/conexion-mx.com\/?p=4545"},"modified":"2026-06-19T16:42:32","modified_gmt":"2026-06-19T21:42:32","slug":"gabriela-cuevas-saldo-blanco-en-festivales-futboleros-organizados-para-el-mundial-2026","status":"publish","type":"post","link":"https:\/\/conexion-mx.com\/?p=4545","title":{"rendered":"Gabriela Cuevas: Saldo blanco en festivales futboleros organizados para el Mundial 2026"},"content":{"rendered":"<p> <br \/>\n<\/p>\n<div>\n<p><strong>Gabriela Cuevas<\/strong>, coordinadora federal\u00a0ante<strong> FIFA <\/strong>para el <strong>Mundial 2026<\/strong> en M\u00e9xico, destac\u00f3 el \u00ab<strong>saldo blanco<\/strong>\u00bb en los festivales futboleros de la Ciudad de M\u00e9xico y la necesidad de expandir estos espacios p\u00fablicos y gratuitos ante la creciente \u00abfiebre\u00bb por el futbol.<\/p>\n<p>En entrevista para el programa de \u00abMaca Diario con Maca Carriedo\u00bb, de Heraldo Radio, que se transmite mediante la se\u00f1al de Heraldo Media Group, Gabriela Cuevas resalt\u00f3 la <strong>positiva jornada<\/strong> en la organizaci\u00f3n de eventos y el desempe\u00f1o de la <strong>selecci\u00f3n nacional<\/strong>, que ya avanz\u00f3 a la siguiente ronda.<\/p>\n<aside class=\"htmlinline\"\/>\n<blockquote><p>&#13;<\/p>\n<p>Ayer fue un d\u00eda muy positivo tanto en t\u00e9rminos de la organizaci\u00f3n, pero tambi\u00e9n los resultados que tuvo nuestra selecci\u00f3n\u00bb, dijo la funcionaria federal.<\/p>\n<aside class=\"relacionadas con-foto linea-1078\"><strong class=\"relacionadas-titulo-gral\">Noticias Relacionadas<\/strong><\/aside>\n<p>&#13;\n<\/p><\/blockquote>\n<figure class=\"image\"><img loading=\"lazy\" decoding=\"async\" alt=\"\" height=\"400\" src=\"https:\/\/heraldodemexico.com.mx\/u\/fotografias\/m\/2026\/6\/19\/f768x400-1297919_1341822_5050.jpg\" width=\"768\"\/>&#13;<figcaption>El objetivo de los\u00a0festivales futboleros es asegurar suficientes espacios p\u00fablicos y gratuitos para ver los partidos. Cr\u00e9ditos:\u00a0@Finanzas_CDMX<\/figcaption>&#13;<br \/>\n<\/figure>\n<p>La coordinadora federal subray\u00f3 la importancia de los 18\u00a0<strong>festivales futboleros<\/strong> de la <strong>Ciudad de M\u00e9xico<\/strong>, operando con \u00absaldo blanco\u00bb gracias a un importante trabajo de coordinaci\u00f3n.<\/p>\n<blockquote><p>&#13;<\/p>\n<p>Yo creo que es muy importante destacar esto, Maca, por distintas razones. Primero, porque s\u00ed es un trabajo muy importante el de la jefa de gobierno para organizar estos dieciocho puntos de<strong> festivales futboleros<\/strong>\u00ab, coment\u00f3<\/p>\n<p>&#13;\n<\/p><\/blockquote>\n<h2>Ampliaci\u00f3n de Espacios para la Afici\u00f3n<\/h2>\n<p>Ante la saturaci\u00f3n de los <strong>FIFA Fan Festival<\/strong>, eventos\u00a0oficiales, Gabriela Cuevas dijo que el <strong>gobierno federal<\/strong> busca alternativas seguras y gratuitas. La diferencia con los<strong> festivales futboleros<\/strong> radica en el \u00ab<strong>branding<\/strong>\u00bb de <strong>FIFA<\/strong>, aunque transmisi\u00f3n y organizaci\u00f3n son similares. El Gobierno Federal coadyuva con gobiernos locales de ciudades sede, como <strong>Nuevo Le\u00f3n<\/strong> y<strong> Jalisco,<\/strong> para ampliar la oferta.<\/p>\n<blockquote><p>&#13;<\/p>\n<p>Es importante, s\u00ed vamos a seguir apoyando a los gobiernos locales y ya estamos en comunicaci\u00f3n para buscar c\u00f3mo ampliamos justamente esta red de festivales e incluso tambi\u00e9n con las marcas ver c\u00f3mo podemos tener m\u00e1s activaciones que lo conviertan en una experiencia todav\u00eda m\u00e1s completa para las aficionadas y aficionados.\u00bb<\/p>\n<p>&#13;\n<\/p><\/blockquote>\n<p>La iniciativa responde al avance de la selecci\u00f3n mexicana y al inter\u00e9s de <strong>aficionados <\/strong>de otras nacionalidades. La meta es asegurar suficientes <strong>espacios p\u00fablicos y gratuitos<\/strong>, ya que no todos pueden pagar suscripciones a televisi\u00f3n de paga.&#13;<br \/>\n&#13;<br \/>\n&#13;\n                                <\/p>\n<\/p><\/div>\n<p><script>\n    !function(f,b,e,v,n,t,s)\n    {if(f.fbq)return;n=f.fbq=function(){n.callMethod?\n    n.callMethod.apply(n,arguments):n.queue.push(arguments)};\n    if(!f._fbq)f._fbq=n;n.push=n;n.loaded=!0;n.version='2.0';\n    n.queue=[];t=b.createElement(e);t.async=!0;\n    t.src=v;s=b.getElementsByTagName(e)[0];\n    s.parentNode.insertBefore(t,s)}(window, document,'script',\n    'https:\/\/connect.facebook.net\/en_US\/fbevents.js');\n    fbq('init', '237927003583820');\n    fbq('track', 'PageView');\n  <\/script><script>\n    !function(f,b,e,v,n,t,s)\n    {if(f.fbq)return;n=f.fbq=function(){n.callMethod?\n    n.callMethod.apply(n,arguments):n.queue.push(arguments)};\n    if(!f._fbq)f._fbq=n;n.push=n;n.loaded=!0;n.version='2.0';\n    n.queue=[];t=b.createElement(e);t.async=!0;\n    t.src=v;s=b.getElementsByTagName(e)[0];\n    s.parentNode.insertBefore(t,s)}(window, document,'script',\n    'https:\/\/connect.facebook.net\/en_US\/fbevents.js');\n    fbq('init', '802372280934901');\n    fbq('track', 'PageView');\n    <\/script><br \/>\n<br \/><\/p>\n","protected":false},"excerpt":{"rendered":"<p>Gabriela Cuevas, coordinadora federal\u00a0ante FIFA para el Mundial 2026 en M\u00e9xico, destac\u00f3 el \u00absaldo blanco\u00bb en los festivales futboleros de la Ciudad de M\u00e9xico y la necesidad de expandir estos espacios p\u00fablicos y gratuitos ante la creciente \u00abfiebre\u00bb por el futbol. En entrevista para el programa de \u00abMaca Diario con Maca Carriedo\u00bb, de Heraldo Radio, [&hellip;]<\/p>\n","protected":false},"author":2,"featured_media":4546,"comment_status":"","ping_status":"","sticky":false,"template":"","format":"standard","meta":{"footnotes":""},"categories":[2],"tags":[],"class_list":["post-4545","post","type-post","status-publish","format-standard","has-post-thumbnail","hentry","category-local"],"_links":{"self":[{"href":"https:\/\/conexion-mx.com\/index.php?rest_route=\/wp\/v2\/posts\/4545","targetHints":{"allow":["GET"]}}],"collection":[{"href":"https:\/\/conexion-mx.com\/index.php?rest_route=\/wp\/v2\/posts"}],"about":[{"href":"https:\/\/conexion-mx.com\/index.php?rest_route=\/wp\/v2\/types\/post"}],"author":[{"embeddable":true,"href":"https:\/\/conexion-mx.com\/index.php?rest_route=\/wp\/v2\/users\/2"}],"replies":[{"embeddable":true,"href":"https:\/\/conexion-mx.com\/index.php?rest_route=%2Fwp%2Fv2%2Fcomments&post=4545"}],"version-history":[{"count":0,"href":"https:\/\/conexion-mx.com\/index.php?rest_route=\/wp\/v2\/posts\/4545\/revisions"}],"wp:featuredmedia":[{"embeddable":true,"href":"https:\/\/conexion-mx.com\/index.php?rest_route=\/wp\/v2\/media\/4546"}],"wp:attachment":[{"href":"https:\/\/conexion-mx.com\/index.php?rest_route=%2Fwp%2Fv2%2Fmedia&parent=4545"}],"wp:term":[{"taxonomy":"category","embeddable":true,"href":"https:\/\/conexion-mx.com\/index.php?rest_route=%2Fwp%2Fv2%2Fcategories&post=4545"},{"taxonomy":"post_tag","embeddable":true,"href":"https:\/\/conexion-mx.com\/index.php?rest_route=%2Fwp%2Fv2%2Ftags&post=4545"}],"curies":[{"name":"wp","href":"https:\/\/api.w.org\/{rel}","templated":true}]}}