{"id":4577,"date":"2026-06-22T13:11:11","date_gmt":"2026-06-22T18:11:11","guid":{"rendered":"https:\/\/conexion-mx.com\/?p=4577"},"modified":"2026-06-22T13:11:11","modified_gmt":"2026-06-22T18:11:11","slug":"morena-pt-y-pvem-inician-el-registro-de-coordinadores","status":"publish","type":"post","link":"https:\/\/conexion-mx.com\/?p=4577","title":{"rendered":"Morena, PT y PVEM inician el registro de coordinadores\u00a0"},"content":{"rendered":"<p> <br \/>\n<\/p>\n<div itemprop=\"articleBody\">\n<div class=\"txt_contenido\">\n<p>Este lunes arranc\u00f3 el registro de los aspirantes a la coordinacion estatal de la 4T, conocida tambi\u00e9n como la lista de posibles candidatos, de los partidos Morena, Verde Ecologista y PT.<\/p>\n<p>Es en el World Trade Center de la Capital que inicia dicho registro para los estados a disputar las gubernaturas en 2027.\u00a0<\/p>\n<aside class=\"htmlinline\"\/>\n<p>La l\u00edder nacional de Morena, Ariadna Montiel, dijo que este proceso de selecci\u00f3n es gracias al trabajo de la presidenta de la comisi\u00f3n de elecciones, Citlalli Hern\u00e1ndez y adelant\u00f3 que esta semana ser\u00e1 de mucho trabajo para el escrutinio de cada uno de los perfiles por partido.<\/p>\n<p>\u00abInicia el registro de aspirantes con un trabajo muy destacado de nuestra compa\u00f1era Citlalli Hernandez, desde su comisi\u00f3n se hizo un proceso muy organizado y es el trabajo m\u00e1s importante para el proyecto nacional, y hoy m\u00e1s que nunca lo decimos con claridad, estamos en la ruta de defender el proyecto del pueblo de M\u00e9xico y se reforzar\u00e1 con este proceso a todas las entidades federativas, reiteramos nuestra felicitaci\u00f3n a su trabajo e iniciamos este registro con mucho trabajo\u00bb, dijo la l\u00edder nacional en este arranque.<\/p>\n<p>Esta semana inician con los posibles perfiles, de Aguascalientes, Baja California, Baja California Sur y Campeche.<\/p>\n<p>Este registro se mantendra hasta el s\u00e1bado 27 de junio en la misma sede en la Ciudad de M\u00e9xico.<\/p>\n<\/p><\/div>\n<\/p><\/div>\n<p><script>\n    !function(f,b,e,v,n,t,s)\n    {if(f.fbq)return;n=f.fbq=function(){n.callMethod?\n    n.callMethod.apply(n,arguments):n.queue.push(arguments)};\n    if(!f._fbq)f._fbq=n;n.push=n;n.loaded=!0;n.version='2.0';\n    n.queue=[];t=b.createElement(e);t.async=!0;\n    t.src=v;s=b.getElementsByTagName(e)[0];\n    s.parentNode.insertBefore(t,s)}(window, document,'script',\n    'https:\/\/connect.facebook.net\/en_US\/fbevents.js');\n    fbq('init', '237927003583820');\n    fbq('track', 'PageView');\n  <\/script><script>\n    !function(f,b,e,v,n,t,s)\n    {if(f.fbq)return;n=f.fbq=function(){n.callMethod?\n    n.callMethod.apply(n,arguments):n.queue.push(arguments)};\n    if(!f._fbq)f._fbq=n;n.push=n;n.loaded=!0;n.version='2.0';\n    n.queue=[];t=b.createElement(e);t.async=!0;\n    t.src=v;s=b.getElementsByTagName(e)[0];\n    s.parentNode.insertBefore(t,s)}(window, document,'script',\n    'https:\/\/connect.facebook.net\/en_US\/fbevents.js');\n    fbq('init', '802372280934901');\n    fbq('track', 'PageView');\n    <\/script><br \/>\n<br \/><\/p>\n","protected":false},"excerpt":{"rendered":"<p>Este lunes arranc\u00f3 el registro de los aspirantes a la coordinacion estatal de la 4T, conocida tambi\u00e9n como la lista de posibles candidatos, de los partidos Morena, Verde Ecologista y PT. Es en el World Trade Center de la Capital que inicia dicho registro para los estados a disputar las gubernaturas en 2027.\u00a0 La l\u00edder [&hellip;]<\/p>\n","protected":false},"author":2,"featured_media":4578,"comment_status":"","ping_status":"","sticky":false,"template":"","format":"standard","meta":{"footnotes":""},"categories":[2],"tags":[],"class_list":["post-4577","post","type-post","status-publish","format-standard","has-post-thumbnail","hentry","category-local"],"_links":{"self":[{"href":"https:\/\/conexion-mx.com\/index.php?rest_route=\/wp\/v2\/posts\/4577","targetHints":{"allow":["GET"]}}],"collection":[{"href":"https:\/\/conexion-mx.com\/index.php?rest_route=\/wp\/v2\/posts"}],"about":[{"href":"https:\/\/conexion-mx.com\/index.php?rest_route=\/wp\/v2\/types\/post"}],"author":[{"embeddable":true,"href":"https:\/\/conexion-mx.com\/index.php?rest_route=\/wp\/v2\/users\/2"}],"replies":[{"embeddable":true,"href":"https:\/\/conexion-mx.com\/index.php?rest_route=%2Fwp%2Fv2%2Fcomments&post=4577"}],"version-history":[{"count":0,"href":"https:\/\/conexion-mx.com\/index.php?rest_route=\/wp\/v2\/posts\/4577\/revisions"}],"wp:featuredmedia":[{"embeddable":true,"href":"https:\/\/conexion-mx.com\/index.php?rest_route=\/wp\/v2\/media\/4578"}],"wp:attachment":[{"href":"https:\/\/conexion-mx.com\/index.php?rest_route=%2Fwp%2Fv2%2Fmedia&parent=4577"}],"wp:term":[{"taxonomy":"category","embeddable":true,"href":"https:\/\/conexion-mx.com\/index.php?rest_route=%2Fwp%2Fv2%2Fcategories&post=4577"},{"taxonomy":"post_tag","embeddable":true,"href":"https:\/\/conexion-mx.com\/index.php?rest_route=%2Fwp%2Fv2%2Ftags&post=4577"}],"curies":[{"name":"wp","href":"https:\/\/api.w.org\/{rel}","templated":true}]}}