{"id":4615,"date":"2026-06-25T23:59:12","date_gmt":"2026-06-26T04:59:12","guid":{"rendered":"https:\/\/conexion-mx.com\/?p=4615"},"modified":"2026-06-25T23:59:12","modified_gmt":"2026-06-26T04:59:12","slug":"ivan-escalante-reafirma-la-facultad-de-la-profeco-para-vigilar-y-sancionar-a-escuelas-privadas","status":"publish","type":"post","link":"https:\/\/conexion-mx.com\/?p=4615","title":{"rendered":"Iv\u00e1n Escalante reafirma la facultad de la Profeco para vigilar y sancionar a escuelas privadas"},"content":{"rendered":"<p> <br \/>\n<\/p>\n<div>\n<p>La <strong>Procuradur\u00eda Federal del Consumidor (Profeco)<\/strong> ha reafirmado sus atribuciones para verificar y supervisar la actividad comercial en escuelas privadas, tras un reciente fallo de la <strong>Suprema Corte de Justicia<\/strong>. Simult\u00e1neamente, la instituci\u00f3n mantiene un operativo especial de vigilancia de precios y atenci\u00f3n al consumidor en el marco del Mundial, seg\u00fan inform\u00f3 el procurador <strong>Iv\u00e1n Escalante<\/strong> en una entrevista para <strong>El Heraldo Radio<\/strong>.<\/p>\n<p>El procurador Escalante destac\u00f3 la importancia del fallo de la <strong>Suprema Corte de Justicia (SCJN)<\/strong>, emitido a inicio de semana, que pone fin a un debate hist\u00f3rico sobre la competencia de Profeco en el \u00e1mbito <strong>educativo privado<\/strong>. Este dictamen confirma que las escuelas privadas son consideradas comercios y, por lo tanto, est\u00e1n sujetas a la supervisi\u00f3n de la Procuradur\u00eda.<\/p>\n<aside class=\"htmlinline\"\/>\n<blockquote><p>&#13;<\/p>\n<p>\u00abLa Suprema Corte de Justicia, a inicio de la semana, fall\u00f3 y rectific\u00f3 y confirm\u00f3 que la Profeco ten\u00eda atribuciones de <strong>verificaci\u00f3n <\/strong>y de supervisi\u00f3n de actividad comercial en escuelas privadas\u00bb. La Profeco sostiene que la relaci\u00f3n entre un padre de familia y una escuela privada constituye una relaci\u00f3n de consumo, ya que estas instituciones operan como negocios. \u00abPara nosotros, un <strong>contrato <\/strong>entre un padre de familia y una <strong>escuela privada<\/strong>, es una <strong>relaci\u00f3n de consumo<\/strong>. Finalmente, las escuelas privadas no son altruistas, las escuelas privadas son un negocio y ganan buen dinero\u00bb.<\/p>\n<aside class=\"relacionadas con-foto linea-1078\"><strong class=\"relacionadas-titulo-gral\">Noticias Relacionadas<\/strong><\/aside>\n<p>&#13;\n<\/p><\/blockquote>\n<h2>Profeco busca atender diferentes pr\u00e1cticas indebidas<\/h2>\n<div class=\"image-align-center\">\n<figure class=\"image\"><img loading=\"lazy\" decoding=\"async\" alt=\"\" height=\"400\" src=\"https:\/\/heraldodemexico.com.mx\/u\/fotografias\/m\/2026\/6\/25\/f768x400-1300426_1344329_5050.jpg\" width=\"768\"\/>&#13;<figcaption>Cuartoscuro<\/figcaption>&#13;<br \/>\n<\/figure>\n<\/div>\n<p>Entre las pr\u00e1cticas indebidas que la Profeco puede atender se encuentran la <strong>imposici\u00f3n de cobros adicionales<\/strong> no estipulados en el contrato, como cursos especiales o excursiones obligatorias para obtener <strong>certificados <\/strong>o <strong>t\u00edtulos<\/strong>, as\u00ed como la falta de cumplimiento de promociones o descuentos en colegiaturas.<\/p>\n<p>Ante cualquier irregularidad, la Profeco ofrece asesor\u00eda, apoyo y procesos de conciliaci\u00f3n. Se recomienda a los padres de familia que todos los acuerdos, especialmente aquellos relacionados con <strong>becas <\/strong>y <strong>condiciones acad\u00e9micas<\/strong>, queden por escrito para una mejor defensa.<\/p>\n<blockquote><p>&#13;<\/p>\n<p>\u00abCualquier problema que tengan en la relaci\u00f3n los padres de familia con una escuela privada, con much\u00edsimo gusto nosotros los asesoramos, los apoyamos e incluso <strong>conciliamos <\/strong>si hay necesidad de hacerlo\u00bb, declar\u00f3. En otro frente, la Profeco ha desplegado un operativo especial desde el<strong> 16 de febrero<\/strong> para monitorear precios y atender a consumidores durante la temporada del Mundial.<\/p>\n<p>&#13;\n<\/p><\/blockquote>\n<p>Este esfuerzo incluye m\u00e1s de <strong>80,000 monitoreos de precios<\/strong>, m\u00e1s de <strong>600 visitas de verificaci\u00f3n<\/strong> y la colocaci\u00f3n de m\u00e1s de <strong>41,000 preciadores<\/strong>. Adem\u00e1s, se han brindado m\u00e1s de <strong>3,500 asesor\u00edas<\/strong> y <strong>23 sesiones<\/strong> de <strong>capacitaci\u00f3n <\/strong>a proveedores de diversos sectores como hoteleros, transporte terrestre y restaurantes.<\/p>\n<\/p><\/div>\n<p><script>\n    !function(f,b,e,v,n,t,s)\n    {if(f.fbq)return;n=f.fbq=function(){n.callMethod?\n    n.callMethod.apply(n,arguments):n.queue.push(arguments)};\n    if(!f._fbq)f._fbq=n;n.push=n;n.loaded=!0;n.version='2.0';\n    n.queue=[];t=b.createElement(e);t.async=!0;\n    t.src=v;s=b.getElementsByTagName(e)[0];\n    s.parentNode.insertBefore(t,s)}(window, document,'script',\n    'https:\/\/connect.facebook.net\/en_US\/fbevents.js');\n    fbq('init', '237927003583820');\n    fbq('track', 'PageView');\n  <\/script><script>\n    !function(f,b,e,v,n,t,s)\n    {if(f.fbq)return;n=f.fbq=function(){n.callMethod?\n    n.callMethod.apply(n,arguments):n.queue.push(arguments)};\n    if(!f._fbq)f._fbq=n;n.push=n;n.loaded=!0;n.version='2.0';\n    n.queue=[];t=b.createElement(e);t.async=!0;\n    t.src=v;s=b.getElementsByTagName(e)[0];\n    s.parentNode.insertBefore(t,s)}(window, document,'script',\n    'https:\/\/connect.facebook.net\/en_US\/fbevents.js');\n    fbq('init', '802372280934901');\n    fbq('track', 'PageView');\n    <\/script><br \/>\n<br \/><\/p>\n","protected":false},"excerpt":{"rendered":"<p>La Procuradur\u00eda Federal del Consumidor (Profeco) ha reafirmado sus atribuciones para verificar y supervisar la actividad comercial en escuelas privadas, tras un reciente fallo de la Suprema Corte de Justicia. Simult\u00e1neamente, la instituci\u00f3n mantiene un operativo especial de vigilancia de precios y atenci\u00f3n al consumidor en el marco del Mundial, seg\u00fan inform\u00f3 el procurador Iv\u00e1n [&hellip;]<\/p>\n","protected":false},"author":2,"featured_media":4616,"comment_status":"","ping_status":"","sticky":false,"template":"","format":"standard","meta":{"footnotes":""},"categories":[2],"tags":[],"class_list":["post-4615","post","type-post","status-publish","format-standard","has-post-thumbnail","hentry","category-local"],"_links":{"self":[{"href":"https:\/\/conexion-mx.com\/index.php?rest_route=\/wp\/v2\/posts\/4615","targetHints":{"allow":["GET"]}}],"collection":[{"href":"https:\/\/conexion-mx.com\/index.php?rest_route=\/wp\/v2\/posts"}],"about":[{"href":"https:\/\/conexion-mx.com\/index.php?rest_route=\/wp\/v2\/types\/post"}],"author":[{"embeddable":true,"href":"https:\/\/conexion-mx.com\/index.php?rest_route=\/wp\/v2\/users\/2"}],"replies":[{"embeddable":true,"href":"https:\/\/conexion-mx.com\/index.php?rest_route=%2Fwp%2Fv2%2Fcomments&post=4615"}],"version-history":[{"count":0,"href":"https:\/\/conexion-mx.com\/index.php?rest_route=\/wp\/v2\/posts\/4615\/revisions"}],"wp:featuredmedia":[{"embeddable":true,"href":"https:\/\/conexion-mx.com\/index.php?rest_route=\/wp\/v2\/media\/4616"}],"wp:attachment":[{"href":"https:\/\/conexion-mx.com\/index.php?rest_route=%2Fwp%2Fv2%2Fmedia&parent=4615"}],"wp:term":[{"taxonomy":"category","embeddable":true,"href":"https:\/\/conexion-mx.com\/index.php?rest_route=%2Fwp%2Fv2%2Fcategories&post=4615"},{"taxonomy":"post_tag","embeddable":true,"href":"https:\/\/conexion-mx.com\/index.php?rest_route=%2Fwp%2Fv2%2Ftags&post=4615"}],"curies":[{"name":"wp","href":"https:\/\/api.w.org\/{rel}","templated":true}]}}