{"id":4629,"date":"2026-06-27T01:34:39","date_gmt":"2026-06-27T06:34:39","guid":{"rendered":"https:\/\/conexion-mx.com\/?p=4629"},"modified":"2026-06-27T01:34:39","modified_gmt":"2026-06-27T06:34:39","slug":"alcalde-de-carmen-pablo-gutierrez-lazarus-renuncia-al-cargo-para-buscar-la-candidatura-a-la-gubernatura-de-campeche","status":"publish","type":"post","link":"https:\/\/conexion-mx.com\/?p=4629","title":{"rendered":"Alcalde de Carmen, Pablo Guti\u00e9rrez L\u00e1zarus, renuncia al cargo para buscar la candidatura a la gubernatura de Campeche"},"content":{"rendered":"<p> <br \/>\n<\/p>\n<div itemprop=\"articleBody\">\n<div class=\"txt_contenido\">\n<p>                                    <meta charset=\"UTF-8\"\/><br \/>\n<title\/><\/p>\n<p>Por unanimidad, hace unos momentos el cabildo del <strong>Ayuntamiento de Carmen<\/strong> aprob\u00f3 la solicitud de licencia definitiva del ahora exalcalde, <strong>Pablo Guti\u00e9rrez L\u00e1zarus<\/strong>, quien se busca ser el candidato a la gubernatura de <strong>Campeche<\/strong> para el <strong>proceso electoral 2027<\/strong>. Hace unas semanas, el exedil fue nombrado coordinador estatal para la defensa de la <strong>4T<\/strong> en el estado y, ante el cierre de registros convocado por el partido <strong>Morena<\/strong> a nivel nacional, se ha separado del cargo para registrarse y participar en la encuesta que definir\u00e1 al abanderado por la <strong>gubernatura<\/strong>.<\/p>\n<p>De igual manera, durante la <strong>d\u00e9cima quinta sesi\u00f3n extraordinaria de Cabildo<\/strong> fue nombrada la primera regidora <strong>Priscila Isabel Heredia Novelo<\/strong> como alcaldesa del municipio de <strong>Carmen<\/strong>.<\/p>\n<aside class=\"htmlinline\"\/><\/div>\n<\/p><\/div>\n<p><script>\n    !function(f,b,e,v,n,t,s)\n    {if(f.fbq)return;n=f.fbq=function(){n.callMethod?\n    n.callMethod.apply(n,arguments):n.queue.push(arguments)};\n    if(!f._fbq)f._fbq=n;n.push=n;n.loaded=!0;n.version='2.0';\n    n.queue=[];t=b.createElement(e);t.async=!0;\n    t.src=v;s=b.getElementsByTagName(e)[0];\n    s.parentNode.insertBefore(t,s)}(window, document,'script',\n    'https:\/\/connect.facebook.net\/en_US\/fbevents.js');\n    fbq('init', '237927003583820');\n    fbq('track', 'PageView');\n  <\/script><script>\n    !function(f,b,e,v,n,t,s)\n    {if(f.fbq)return;n=f.fbq=function(){n.callMethod?\n    n.callMethod.apply(n,arguments):n.queue.push(arguments)};\n    if(!f._fbq)f._fbq=n;n.push=n;n.loaded=!0;n.version='2.0';\n    n.queue=[];t=b.createElement(e);t.async=!0;\n    t.src=v;s=b.getElementsByTagName(e)[0];\n    s.parentNode.insertBefore(t,s)}(window, document,'script',\n    'https:\/\/connect.facebook.net\/en_US\/fbevents.js');\n    fbq('init', '802372280934901');\n    fbq('track', 'PageView');\n    <\/script><br \/>\n<br \/><\/p>\n","protected":false},"excerpt":{"rendered":"<p>Por unanimidad, hace unos momentos el cabildo del Ayuntamiento de Carmen aprob\u00f3 la solicitud de licencia definitiva del ahora exalcalde, Pablo Guti\u00e9rrez L\u00e1zarus, quien se busca ser el candidato a la gubernatura de Campeche para el proceso electoral 2027. Hace unas semanas, el exedil fue nombrado coordinador estatal para la defensa de la 4T en [&hellip;]<\/p>\n","protected":false},"author":2,"featured_media":4630,"comment_status":"","ping_status":"","sticky":false,"template":"","format":"standard","meta":{"footnotes":""},"categories":[2],"tags":[],"class_list":["post-4629","post","type-post","status-publish","format-standard","has-post-thumbnail","hentry","category-local"],"_links":{"self":[{"href":"https:\/\/conexion-mx.com\/index.php?rest_route=\/wp\/v2\/posts\/4629","targetHints":{"allow":["GET"]}}],"collection":[{"href":"https:\/\/conexion-mx.com\/index.php?rest_route=\/wp\/v2\/posts"}],"about":[{"href":"https:\/\/conexion-mx.com\/index.php?rest_route=\/wp\/v2\/types\/post"}],"author":[{"embeddable":true,"href":"https:\/\/conexion-mx.com\/index.php?rest_route=\/wp\/v2\/users\/2"}],"replies":[{"embeddable":true,"href":"https:\/\/conexion-mx.com\/index.php?rest_route=%2Fwp%2Fv2%2Fcomments&post=4629"}],"version-history":[{"count":0,"href":"https:\/\/conexion-mx.com\/index.php?rest_route=\/wp\/v2\/posts\/4629\/revisions"}],"wp:featuredmedia":[{"embeddable":true,"href":"https:\/\/conexion-mx.com\/index.php?rest_route=\/wp\/v2\/media\/4630"}],"wp:attachment":[{"href":"https:\/\/conexion-mx.com\/index.php?rest_route=%2Fwp%2Fv2%2Fmedia&parent=4629"}],"wp:term":[{"taxonomy":"category","embeddable":true,"href":"https:\/\/conexion-mx.com\/index.php?rest_route=%2Fwp%2Fv2%2Fcategories&post=4629"},{"taxonomy":"post_tag","embeddable":true,"href":"https:\/\/conexion-mx.com\/index.php?rest_route=%2Fwp%2Fv2%2Ftags&post=4629"}],"curies":[{"name":"wp","href":"https:\/\/api.w.org\/{rel}","templated":true}]}}