{"id":4631,"date":"2026-06-27T09:51:54","date_gmt":"2026-06-27T14:51:54","guid":{"rendered":"https:\/\/conexion-mx.com\/?p=4631"},"modified":"2026-06-27T09:51:54","modified_gmt":"2026-06-27T14:51:54","slug":"iran-responde-a-los-ataques-de-estados-unidos-y-bombardea-sus-bases-militares-en-medio-oriente","status":"publish","type":"post","link":"https:\/\/conexion-mx.com\/?p=4631","title":{"rendered":"Ir\u00e1n responde a los ataques de Estados Unidos y bombardea sus bases militares en Medio Oriente"},"content":{"rendered":"<p> <br \/>\n<\/p>\n<div>\n<p>La fr\u00e1gil<strong> tregua<\/strong> alcanzada entre <strong>Estados Unidos <\/strong>e<strong> Ir\u00e1n <\/strong>enfrenta su momento m\u00e1s delicado desde la firma del <strong>memorando de entendimiento<\/strong> de 14 puntos acordado a mediados de junio, despu\u00e9s de una nueva cadena de ataques y represalias en torno al estrat\u00e9gico <strong>estrecho de Ormuz<\/strong>.<\/p>\n<p>Las autoridades iran\u00edes afirmaron este s\u00e1bado haber atacado posiciones militares de\u00a0Estados Unidos en <b>Medio Oriente<\/b>\u00a0en respuesta a los bombardeos estadounidenses realizados un d\u00eda antes contra instalaciones iran\u00edes cercanas al estrecho. Hasta el momento, Washington no ha confirmado oficialmente impactos contra sus bases o <strong>fuerzas armadas<\/strong>.<\/p>\n<aside class=\"htmlinline\"\/>\n<p>La acci\u00f3n representa el primer intercambio militar directo entre ambas partes desde la entrada en vigor del acuerdo destinado a restaurar la navegaci\u00f3n comercial y reducir las tensiones tras la guerra iniciada este a\u00f1o.<\/p>\n<aside class=\"relacionadas con-foto linea-1078\"><strong class=\"relacionadas-titulo-gral\">Noticias Relacionadas<\/strong><\/aside>\n<div class=\"image-align-center\">\n<figure class=\"image\"><img loading=\"lazy\" decoding=\"async\" alt=\"\" height=\"512\" src=\"https:\/\/heraldodemexico.com.mx\/u\/fotografias\/m\/2026\/6\/27\/f768x1-1300810_1300937_5050.jpg\" width=\"768\"\/>&#13;<figcaption>La reanudaci\u00f3n de los ataques entre Estados Unidos e Ir\u00e1n comenz\u00f3 tras un ataque a un buque en el estrecho de Ormuz. | AFP<\/figcaption>&#13;<br \/>\n<\/figure>\n<\/div>\n<h2>Ir\u00e1n denuncia una violaci\u00f3n del acuerdo<\/h2>\n<p>El gobierno iran\u00ed acus\u00f3 a <strong>Washington<\/strong> de incumplir el memorando firmado el 17 de junio y asegur\u00f3 que sus fuerzas armadas responder\u00e1n para proteger la soberan\u00eda y los intereses nacionales del pa\u00eds.<\/p>\n<p>Por su parte, la <strong>Guardia Revolucionaria Isl\u00e1mica<\/strong> afirm\u00f3 haber atacado objetivos militares estadounidenses en la regi\u00f3n, aunque no ofreci\u00f3 detalles sobre las ubicaciones ni\u00a0los da\u00f1os ocasionados. Funcionarios estadounidenses sostienen que las operaciones del viernes fueron una respuesta limitada y no representan un retorno inmediato a una guerra abierta.<\/p>\n<h2>Estados Unidos atac\u00f3 instalaciones militares iran\u00edes<\/h2>\n<p>El viernes, el <strong>Comando Central de Estados Unidos<\/strong> (CENTCOM)\u00a0confirm\u00f3 ataques contra dep\u00f3sitos de <strong>misiles y drones <\/strong>iran\u00edes, adem\u00e1s de radares costeros ubicados cerca del <strong>estrecho de Ormuz<\/strong>.<\/p>\n<p>Seg\u00fan el Pent\u00e1gono, la operaci\u00f3n respondi\u00f3 al ataque iran\u00ed del jueves contra el <strong>buque portacontenedores Ever Lovely<\/strong>, de bandera singapurense, incidente que <strong>Washington<\/strong> calific\u00f3 como una violaci\u00f3n del <strong>alto al fuego<\/strong> y una amenaza a la libertad de navegaci\u00f3n internacional.<\/p>\n<p>El presidente <strong>Donald Trump<\/strong> describi\u00f3 la acci\u00f3n iran\u00ed como una \u00abviolaci\u00f3n imprudente\u00bb del acuerdo y evit\u00f3 precisar cu\u00e1les ser\u00edan las consecuencias para Teher\u00e1n, limit\u00e1ndose a se\u00f1alar que \u00ablo descubrir\u00e1n\u00bb. El vicepresidente <strong>JD Vance<\/strong>, quien encabez\u00f3 muchas de\u00a0las negociaciones con <strong>Ir\u00e1n<\/strong>, advirti\u00f3 que \u00abla violencia ser\u00e1 respondida con violencia\u00bb.&#13;<br \/>\n&#13;\n<\/p>\n<div class=\"image-align-center\">\n<figure class=\"image\"><img loading=\"lazy\" decoding=\"async\" alt=\"\" height=\"512\" src=\"https:\/\/heraldodemexico.com.mx\/u\/fotografias\/m\/2026\/6\/27\/f768x1-1300811_1300938_5050.jpg\" width=\"768\"\/>&#13;<figcaption>A trav\u00e9s del estrecho de Ormuz transita una quinta parte del petr\u00f3leo y gas natural que se comercializa a nivel mundial. | AFP<\/figcaption>&#13;<br \/>\n<\/figure>\n<\/div>\n<h2>Bahr\u00e9in denuncia ataques con drones iran\u00edes<\/h2>\n<p>En paralelo, <strong>Bahr\u00e9in <\/strong>inform\u00f3 haber sido blanco de varios drones iran\u00edes durante la madrugada del s\u00e1bado. El pa\u00eds, sede de la <strong>Quinta Flota<\/strong> de la Marina estadounidense, calific\u00f3 el incidente como una \u00abviolaci\u00f3n flagrante\u00bb de su soberan\u00eda y acus\u00f3 a Teher\u00e1n de desestabilizar la seguridad regional.&#13;<br \/>\n&#13;\n<\/p>\n<p>Las autoridades barein\u00edes no reportaron v\u00edctimas ni da\u00f1os importantes. Posteriormente, tanto <strong>Emiratos \u00c1rabes Unidos <\/strong>como <strong>Kuwait<\/strong> condenaron el ataque y expresaron su apoyo a Bahr\u00e9in. El <strong>estrecho de Ormuz<\/strong> transporta aproximadamente una quinta parte del petr\u00f3leo y del gas natural licuado comercializados a nivel mundial.&#13;<br \/>\n&#13;\n<\/p>\n<p>El memorando firmado este mes contemplaba la reapertura gradual del corredor mar\u00edtimo y establec\u00eda que <strong>Ir\u00e1n<\/strong> har\u00eda sus \u00abmejores esfuerzos\u00bb para garantizar el tr\u00e1nsito seguro y sin costos adicionales durante un per\u00edodo inicial de <strong>60 d\u00edas<\/strong>.&#13;<br \/>\n&#13;\n<\/p>\n<\/p><\/div>\n<p><script>\n    !function(f,b,e,v,n,t,s)\n    {if(f.fbq)return;n=f.fbq=function(){n.callMethod?\n    n.callMethod.apply(n,arguments):n.queue.push(arguments)};\n    if(!f._fbq)f._fbq=n;n.push=n;n.loaded=!0;n.version='2.0';\n    n.queue=[];t=b.createElement(e);t.async=!0;\n    t.src=v;s=b.getElementsByTagName(e)[0];\n    s.parentNode.insertBefore(t,s)}(window, document,'script',\n    'https:\/\/connect.facebook.net\/en_US\/fbevents.js');\n    fbq('init', '237927003583820');\n    fbq('track', 'PageView');\n  <\/script><br \/>\n<br \/><\/p>\n","protected":false},"excerpt":{"rendered":"<p>La fr\u00e1gil tregua alcanzada entre Estados Unidos e Ir\u00e1n enfrenta su momento m\u00e1s delicado desde la firma del memorando de entendimiento de 14 puntos acordado a mediados de junio, despu\u00e9s de una nueva cadena de ataques y represalias en torno al estrat\u00e9gico estrecho de Ormuz. Las autoridades iran\u00edes afirmaron este s\u00e1bado haber atacado posiciones militares [&hellip;]<\/p>\n","protected":false},"author":2,"featured_media":4632,"comment_status":"","ping_status":"","sticky":false,"template":"","format":"standard","meta":{"footnotes":""},"categories":[2],"tags":[],"class_list":["post-4631","post","type-post","status-publish","format-standard","has-post-thumbnail","hentry","category-local"],"_links":{"self":[{"href":"https:\/\/conexion-mx.com\/index.php?rest_route=\/wp\/v2\/posts\/4631","targetHints":{"allow":["GET"]}}],"collection":[{"href":"https:\/\/conexion-mx.com\/index.php?rest_route=\/wp\/v2\/posts"}],"about":[{"href":"https:\/\/conexion-mx.com\/index.php?rest_route=\/wp\/v2\/types\/post"}],"author":[{"embeddable":true,"href":"https:\/\/conexion-mx.com\/index.php?rest_route=\/wp\/v2\/users\/2"}],"replies":[{"embeddable":true,"href":"https:\/\/conexion-mx.com\/index.php?rest_route=%2Fwp%2Fv2%2Fcomments&post=4631"}],"version-history":[{"count":0,"href":"https:\/\/conexion-mx.com\/index.php?rest_route=\/wp\/v2\/posts\/4631\/revisions"}],"wp:featuredmedia":[{"embeddable":true,"href":"https:\/\/conexion-mx.com\/index.php?rest_route=\/wp\/v2\/media\/4632"}],"wp:attachment":[{"href":"https:\/\/conexion-mx.com\/index.php?rest_route=%2Fwp%2Fv2%2Fmedia&parent=4631"}],"wp:term":[{"taxonomy":"category","embeddable":true,"href":"https:\/\/conexion-mx.com\/index.php?rest_route=%2Fwp%2Fv2%2Fcategories&post=4631"},{"taxonomy":"post_tag","embeddable":true,"href":"https:\/\/conexion-mx.com\/index.php?rest_route=%2Fwp%2Fv2%2Ftags&post=4631"}],"curies":[{"name":"wp","href":"https:\/\/api.w.org\/{rel}","templated":true}]}}