{"id":4633,"date":"2026-06-27T14:53:28","date_gmt":"2026-06-27T19:53:28","guid":{"rendered":"https:\/\/conexion-mx.com\/?p=4633"},"modified":"2026-06-27T14:53:28","modified_gmt":"2026-06-27T19:53:28","slug":"imelda-castro-castro-se-registra-como-aspirante-a-coordinar-la-defensa-de-la-transformacion-en-sinaloa","status":"publish","type":"post","link":"https:\/\/conexion-mx.com\/?p=4633","title":{"rendered":"Imelda Castro Castro se registra como aspirante a coordinar la Defensa de la Transformaci\u00f3n en Sinaloa"},"content":{"rendered":"<p> <br \/>\n<\/p>\n<div>\n<p>La senadora con licencia <strong>Imelda Castro Castro<\/strong> se registr\u00f3 como aspirante a coordinar la <strong>Defensa de la Transformaci\u00f3n y la Soberan\u00eda Nacional<\/strong> en <strong>Sinaloa<\/strong>. El registro forma parte del proceso interno que define a la persona coordinadora del movimiento en la entidad rumbo al proceso electoral de <strong>2027<\/strong>.<\/p>\n<blockquote><p>&#13;<\/p>\n<p><em>\u00abEl movimiento de la Cuarta Transformaci\u00f3n, encabezado por la doctora Claudia Sheinbaum, nos necesita organizadas y organizados en cada rinc\u00f3n del pa\u00eds. Por eso, hoy acud\u00ed con responsabilidad, serenidad y amor por Sinaloa a registrarme como aspirante a coordinar el gran movimiento popular que encabeza los destinos de la patria desde 2018\u00bb<\/em>, expres\u00f3 <strong>Castro Castro<\/strong>.<\/p>\n<aside class=\"htmlinline\"\/>&#13;\n<\/p><\/blockquote>\n<p>La aspirante destac\u00f3 su trayectoria pol\u00edtica. <em>\u00abVenimos de abajo, desde lejos y desde la izquierda con m\u00e1s de cuarenta a\u00f1os de lucha, al lado de las causas del pueblo\u00bb<\/em>, record\u00f3 al asumir el compromiso de poner toda su experiencia al servicio del movimiento. La frase coloca a la senadora con licencia como un perfil con militancia probada en organizaciones de izquierda mexicana.<\/p>\n<h2>\u00abLa transformaci\u00f3n debe consolidarse desde el territorio\u00bb: Imelda Castro Castro<\/h2>\n<p>El planteamiento territorial es uno de los ejes centrales de la candidatura. La transformaci\u00f3n debe consolidarse escuchando a la gente, organizando al pueblo, hablando con la verdad y poniendo siempre por delante el bienestar y el progreso. La aspirante anunci\u00f3 una agenda de recorridos por la entidad sinaloense.<\/p>\n<blockquote><p>&#13;<\/p>\n<p><em>\u00abVamos a seguir caminando Sinaloa; vamos a escuchar a las familias; a reunirnos con mujeres, j\u00f3venes, productores, comerciantes, maestras, maestros, trabajadores, empresarios, comunidades y liderazgos sociales\u00bb<\/em>, expres\u00f3 <strong>Castro Castro<\/strong>. La f\u00f3rmula apuesta por una articulaci\u00f3n territorial amplia que rebase los c\u00edrculos partidistas tradicionales.<\/p>\n<p>&#13;\n<\/p><\/blockquote>\n<p>La aspirante tambi\u00e9n alert\u00f3 sobre presiones externas que buscan revertir las conquistas del pueblo y de una oposici\u00f3n que intentar\u00eda dividir al movimiento. <em>\u00abNo podemos darnos el lujo de estar desorganizados ante quienes apuestan por el entreguismo; la patria no se vende, se quiere y se defiende\u00bb<\/em>, advirti\u00f3.<\/p>\n<h2>\u00abEsta coordinaci\u00f3n es de Morena, del PT y del PVEM\u00bb: llamado a la unidad de la coalici\u00f3n<\/h2>\n<p>La candidatura se asume desde la l\u00f3gica de coalici\u00f3n. <em>\u00abHoy m\u00e1s que nunca debe prevalecer la unidad; esta coordinaci\u00f3n es de Morena, del PT y del PVEM; somos tres partidos con una sola causa: defender las conquistas del pueblo de M\u00e9xico frente a una oposici\u00f3n que no tiene propuesta, solo odio, mentiras, acoso y bots\u00bb<\/em>, se\u00f1al\u00f3 la aspirante.<\/p>\n<p><strong>Castro Castro<\/strong> destac\u00f3 la dimensi\u00f3n de <strong>Sinaloa<\/strong> como estado grande, con un pueblo noble, generoso, trabajador y altamente productivo. La fuerza real del movimiento no est\u00e1 en los escritorios, sino en las calles, los ranchos y las comunidades sinaloenses. La aspirante se separ\u00f3 del cargo como senadora atendiendo los requerimientos del proceso para que haya piso parejo entre quienes compiten.&#13;<br \/>\n&#13;\n<\/p>\n<p>La aspirante conf\u00eda plenamente en el m\u00e9todo de <strong>encuesta<\/strong> por ser la voz directa de la ciudadan\u00eda. Se inscribir\u00e1 adem\u00e1s en el programa de formaci\u00f3n pol\u00edtica indicado por la convocatoria y asegura que no habr\u00e1 dispendios. <em>\u00abEn la Cuarta Transformaci\u00f3n hemos aprendido que cuando el pueblo habla, se escucha y se obedece. Cualquiera que sea el resultado, estar\u00e9 donde el movimiento me ponga\u00bb<\/em>, concluy\u00f3 <strong>Imelda Castro Castro<\/strong>.&#13;<br \/>\n&#13;<br \/>\n&#13;\n                                <\/p>\n<\/p><\/div>\n<p><script>\n    !function(f,b,e,v,n,t,s)\n    {if(f.fbq)return;n=f.fbq=function(){n.callMethod?\n    n.callMethod.apply(n,arguments):n.queue.push(arguments)};\n    if(!f._fbq)f._fbq=n;n.push=n;n.loaded=!0;n.version='2.0';\n    n.queue=[];t=b.createElement(e);t.async=!0;\n    t.src=v;s=b.getElementsByTagName(e)[0];\n    s.parentNode.insertBefore(t,s)}(window, document,'script',\n    'https:\/\/connect.facebook.net\/en_US\/fbevents.js');\n    fbq('init', '237927003583820');\n    fbq('track', 'PageView');\n  <\/script><script>\n    !function(f,b,e,v,n,t,s)\n    {if(f.fbq)return;n=f.fbq=function(){n.callMethod?\n    n.callMethod.apply(n,arguments):n.queue.push(arguments)};\n    if(!f._fbq)f._fbq=n;n.push=n;n.loaded=!0;n.version='2.0';\n    n.queue=[];t=b.createElement(e);t.async=!0;\n    t.src=v;s=b.getElementsByTagName(e)[0];\n    s.parentNode.insertBefore(t,s)}(window, document,'script',\n    'https:\/\/connect.facebook.net\/en_US\/fbevents.js');\n    fbq('init', '802372280934901');\n    fbq('track', 'PageView');\n    <\/script><br \/>\n<br \/><\/p>\n","protected":false},"excerpt":{"rendered":"<p>La senadora con licencia Imelda Castro Castro se registr\u00f3 como aspirante a coordinar la Defensa de la Transformaci\u00f3n y la Soberan\u00eda Nacional en Sinaloa. El registro forma parte del proceso interno que define a la persona coordinadora del movimiento en la entidad rumbo al proceso electoral de 2027. &#13; \u00abEl movimiento de la Cuarta Transformaci\u00f3n, [&hellip;]<\/p>\n","protected":false},"author":3,"featured_media":4634,"comment_status":"","ping_status":"","sticky":false,"template":"","format":"standard","meta":{"footnotes":""},"categories":[35],"tags":[],"class_list":["post-4633","post","type-post","status-publish","format-standard","has-post-thumbnail","hentry","category-espectaculos"],"_links":{"self":[{"href":"https:\/\/conexion-mx.com\/index.php?rest_route=\/wp\/v2\/posts\/4633","targetHints":{"allow":["GET"]}}],"collection":[{"href":"https:\/\/conexion-mx.com\/index.php?rest_route=\/wp\/v2\/posts"}],"about":[{"href":"https:\/\/conexion-mx.com\/index.php?rest_route=\/wp\/v2\/types\/post"}],"author":[{"embeddable":true,"href":"https:\/\/conexion-mx.com\/index.php?rest_route=\/wp\/v2\/users\/3"}],"replies":[{"embeddable":true,"href":"https:\/\/conexion-mx.com\/index.php?rest_route=%2Fwp%2Fv2%2Fcomments&post=4633"}],"version-history":[{"count":0,"href":"https:\/\/conexion-mx.com\/index.php?rest_route=\/wp\/v2\/posts\/4633\/revisions"}],"wp:featuredmedia":[{"embeddable":true,"href":"https:\/\/conexion-mx.com\/index.php?rest_route=\/wp\/v2\/media\/4634"}],"wp:attachment":[{"href":"https:\/\/conexion-mx.com\/index.php?rest_route=%2Fwp%2Fv2%2Fmedia&parent=4633"}],"wp:term":[{"taxonomy":"category","embeddable":true,"href":"https:\/\/conexion-mx.com\/index.php?rest_route=%2Fwp%2Fv2%2Fcategories&post=4633"},{"taxonomy":"post_tag","embeddable":true,"href":"https:\/\/conexion-mx.com\/index.php?rest_route=%2Fwp%2Fv2%2Ftags&post=4633"}],"curies":[{"name":"wp","href":"https:\/\/api.w.org\/{rel}","templated":true}]}}